{"id":11514,"date":"2020-05-18T13:18:24","date_gmt":"2020-05-18T11:18:24","guid":{"rendered":"https:\/\/formaterra.re\/?p=11514"},"modified":"2020-05-18T13:40:55","modified_gmt":"2020-05-18T11:40:55","slug":"offres-demploi-encadrant-encadrante-de-chantier-dinsertion-agricole","status":"publish","type":"post","link":"https:\/\/formaterra.re\/index.php\/2020\/05\/18\/offres-demploi-encadrant-encadrante-de-chantier-dinsertion-agricole\/","title":{"rendered":"OFFRES D&rsquo;EMPLOI : Encadrant.e de chantier d&rsquo;insertion agricole (CDD)"},"content":{"rendered":"\t\t<div data-elementor-type=\"wp-post\" data-elementor-id=\"11514\" class=\"elementor elementor-11514\">\n\t\t\t\t\t\t<section class=\"elementor-section elementor-top-section elementor-element elementor-element-669a8ad elementor-section-boxed elementor-section-height-default elementor-section-height-default\" data-id=\"669a8ad\" data-element_type=\"section\">\n\t\t\t\t\t\t<div class=\"elementor-container elementor-column-gap-default\">\n\t\t\t\t\t<div class=\"elementor-column elementor-col-100 elementor-top-column elementor-element elementor-element-23866c92\" data-id=\"23866c92\" data-element_type=\"column\">\n\t\t\t<div class=\"elementor-widget-wrap elementor-element-populated\">\n\t\t\t\t\t\t<div class=\"elementor-element elementor-element-459b3953 elementor-widget elementor-widget-spacer\" data-id=\"459b3953\" data-element_type=\"widget\" data-widget_type=\"spacer.default\">\n\t\t\t\t<div class=\"elementor-widget-container\">\n\t\t\t\t\t<div class=\"elementor-spacer\">\n\t\t\t<div class=\"elementor-spacer-inner\"><\/div>\n\t\t<\/div>\n\t\t\t\t<\/div>\n\t\t\t\t<\/div>\n\t\t\t\t\t<\/div>\n\t\t<\/div>\n\t\t\t\t\t<\/div>\n\t\t<\/section>\n\t\t\t\t<section class=\"elementor-section elementor-top-section elementor-element elementor-element-6e81a097 elementor-section-boxed elementor-section-height-default elementor-section-height-default\" data-id=\"6e81a097\" data-element_type=\"section\">\n\t\t\t\t\t\t<div class=\"elementor-container elementor-column-gap-default\">\n\t\t\t\t\t<div class=\"elementor-column elementor-col-100 elementor-top-column elementor-element elementor-element-2e21490b\" data-id=\"2e21490b\" data-element_type=\"column\">\n\t\t\t<div class=\"elementor-widget-wrap elementor-element-populated\">\n\t\t\t\t\t\t<div class=\"elementor-element elementor-element-7ccd2651 elementor-widget elementor-widget-heading\" data-id=\"7ccd2651\" data-element_type=\"widget\" data-widget_type=\"heading.default\">\n\t\t\t\t<div class=\"elementor-widget-container\">\n\t\t\t<h1 class=\"elementor-heading-title elementor-size-default\"><h1 itemprop=\"headline\">OFFRE D\u2019EMPLOI : Encadrant.e de chantier d'insertion agricole - CDD<\/h1><\/h1>\t\t<\/div>\n\t\t\t\t<\/div>\n\t\t\t\t\t<\/div>\n\t\t<\/div>\n\t\t\t\t\t<\/div>\n\t\t<\/section>\n\t\t\t\t<section class=\"elementor-section elementor-top-section elementor-element elementor-element-1a51310 elementor-section-boxed elementor-section-height-default elementor-section-height-default\" data-id=\"1a51310\" data-element_type=\"section\">\n\t\t\t\t\t\t<div class=\"elementor-container elementor-column-gap-default\">\n\t\t\t\t\t<div class=\"elementor-column elementor-col-100 elementor-top-column elementor-element elementor-element-1831c235\" data-id=\"1831c235\" data-element_type=\"column\">\n\t\t\t<div class=\"elementor-widget-wrap elementor-element-populated\">\n\t\t\t\t\t\t<div class=\"elementor-element elementor-element-2ac44 elementor-widget elementor-widget-spacer\" data-id=\"2ac44\" data-element_type=\"widget\" data-widget_type=\"spacer.default\">\n\t\t\t\t<div class=\"elementor-widget-container\">\n\t\t\t\t\t<div class=\"elementor-spacer\">\n\t\t\t<div class=\"elementor-spacer-inner\"><\/div>\n\t\t<\/div>\n\t\t\t\t<\/div>\n\t\t\t\t<\/div>\n\t\t\t\t\t<\/div>\n\t\t<\/div>\n\t\t\t\t\t<\/div>\n\t\t<\/section>\n\t\t\t\t<section class=\"elementor-section elementor-top-section elementor-element elementor-element-7abd30b0 elementor-section-boxed elementor-section-height-default elementor-section-height-default\" data-id=\"7abd30b0\" data-element_type=\"section\">\n\t\t\t\t\t\t<div class=\"elementor-container elementor-column-gap-default\">\n\t\t\t\t\t<div class=\"elementor-column elementor-col-50 elementor-top-column elementor-element elementor-element-70f1338c\" data-id=\"70f1338c\" data-element_type=\"column\">\n\t\t\t<div class=\"elementor-widget-wrap elementor-element-populated\">\n\t\t\t\t\t\t<div class=\"elementor-element elementor-element-16384b2 elementor-widget elementor-widget-image\" data-id=\"16384b2\" data-element_type=\"widget\" data-widget_type=\"image.default\">\n\t\t\t\t<div class=\"elementor-widget-container\">\n\t\t\t\t\t\t\t\t\t\t\t\t\t<img fetchpriority=\"high\" decoding=\"async\" width=\"960\" height=\"720\" src=\"https:\/\/formaterra.re\/wp-content\/uploads\/2020\/05\/logo_imvec4.jpg\" class=\"attachment-full size-full wp-image-11526\" alt=\"\" srcset=\"https:\/\/formaterra.re\/wp-content\/uploads\/2020\/05\/logo_imvec4.jpg 960w, https:\/\/formaterra.re\/wp-content\/uploads\/2020\/05\/logo_imvec4-300x225.jpg 300w, https:\/\/formaterra.re\/wp-content\/uploads\/2020\/05\/logo_imvec4-768x576.jpg 768w, https:\/\/formaterra.re\/wp-content\/uploads\/2020\/05\/logo_imvec4-285x214.jpg 285w\" sizes=\"(max-width: 960px) 100vw, 960px\" \/>\t\t\t\t\t\t\t\t\t\t\t\t\t<\/div>\n\t\t\t\t<\/div>\n\t\t\t\t\t<\/div>\n\t\t<\/div>\n\t\t\t\t<div class=\"elementor-column elementor-col-50 elementor-top-column elementor-element elementor-element-14be338e\" data-id=\"14be338e\" data-element_type=\"column\">\n\t\t\t<div class=\"elementor-widget-wrap elementor-element-populated\">\n\t\t\t\t\t\t<div class=\"elementor-element elementor-element-15547b0a elementor-widget elementor-widget-heading\" data-id=\"15547b0a\" data-element_type=\"widget\" data-widget_type=\"heading.default\">\n\t\t\t\t<div class=\"elementor-widget-container\">\n\t\t\t<h3 class=\"elementor-heading-title elementor-size-default\">L' ASSOCIATION<\/h3>\t\t<\/div>\n\t\t\t\t<\/div>\n\t\t\t\t<div class=\"elementor-element elementor-element-407fd884 elementor-widget elementor-widget-text-editor\" data-id=\"407fd884\" data-element_type=\"widget\" data-widget_type=\"text-editor.default\">\n\t\t\t\t<div class=\"elementor-widget-container\">\n\t\t\t\t\t\t\t<p style=\"text-align: left;\">L&rsquo; Association IMVEC (loi 1901)\u00a0<span style=\"font-family: Roboto; font-style: normal; font-weight: 400;\">situ\u00e9e \u00e0 Saint-Andr\u00e9,<\/span>\u00a0recrute : un.e encadrant.e de chantier d&rsquo;insertion agricole.<\/p>\t\t\t\t\t\t<\/div>\n\t\t\t\t<\/div>\n\t\t\t\t<div class=\"elementor-element elementor-element-7d7ff45f elementor-widget elementor-widget-heading\" data-id=\"7d7ff45f\" data-element_type=\"widget\" data-widget_type=\"heading.default\">\n\t\t\t\t<div class=\"elementor-widget-container\">\n\t\t\t<h3 class=\"elementor-heading-title elementor-size-default\">VOS MISSIONS<\/h3>\t\t<\/div>\n\t\t\t\t<\/div>\n\t\t\t\t<div class=\"elementor-element elementor-element-3342dab2 elementor-widget elementor-widget-text-editor\" data-id=\"3342dab2\" data-element_type=\"widget\" data-widget_type=\"text-editor.default\">\n\t\t\t\t<div class=\"elementor-widget-container\">\n\t\t\t\t\t\t\t<p style=\"text-align: left;\"><span style=\"color: #808080;\">Dans le cadre d&rsquo;un chantier d&rsquo;insertion vos missions seront les suivantes :<\/span><\/p><p style=\"text-align: left;\"><span style=\"color: #808080;\">&#8211; Accueil physique et t\u00e9l\u00e9phonique<\/span><\/p><p style=\"text-align: left;\"><span style=\"color: #808080;\">&#8211; Accueil et encadrement des salari\u00e9s<\/span><\/p><p style=\"text-align: left;\"><span style=\"color: #808080;\">&#8211; Apporter des bases salariales et professionnel aux personnes en insertion<\/span><\/p><p style=\"text-align: left;\"><span style=\"color: #808080;\">&#8211; Suivre et r\u00e9pertorier leurs \u00e9volutions professionnel<\/span><\/p><p style=\"text-align: left;\"><span style=\"color: #808080;\">&#8211; Conduire les travaux<\/span><\/p><p style=\"text-align: left;\"><span style=\"color: #808080;\">&#8211; Responsable du mat\u00e9riel \/ Approvisionnement<\/span><\/p><p style=\"text-align: left;\"><span style=\"color: #808080;\">&#8211; R\u00e9alisation et suivi des projets<\/span><\/p><p style=\"text-align: left;\"><span style=\"color: #808080;\">&#8211; Participer \u00e0 la vie Associative<\/span><\/p><p style=\"text-align: left;\"><span style=\"color: #808080;\">Des d\u00e9placements quotidiens sur les chantiers sont \u00e0 pr\u00e9voir<\/span><\/p>\t\t\t\t\t\t<\/div>\n\t\t\t\t<\/div>\n\t\t\t\t<div class=\"elementor-element elementor-element-307d2805 elementor-widget elementor-widget-heading\" data-id=\"307d2805\" data-element_type=\"widget\" data-widget_type=\"heading.default\">\n\t\t\t\t<div class=\"elementor-widget-container\">\n\t\t\t<h3 class=\"elementor-heading-title elementor-size-default\">PROFIL<\/h3>\t\t<\/div>\n\t\t\t\t<\/div>\n\t\t\t\t<div class=\"elementor-element elementor-element-69812ac9 elementor-widget elementor-widget-text-editor\" data-id=\"69812ac9\" data-element_type=\"widget\" data-widget_type=\"text-editor.default\">\n\t\t\t\t<div class=\"elementor-widget-container\">\n\t\t\t\t\t\t\t<p style=\"text-align: left;\"><span style=\"color: #333333;\">CAP, BEP et \u00e9quivalents Agroalimentaire<\/span><\/p><p style=\"text-align: left;\"><span style=\"color: #333333;\">Exp\u00e9rience : au moins 1 an<\/span><\/p><p style=\"text-align: left;\"><span style=\"color: #333333;\">B &#8211; V\u00e9hicule l\u00e9ger Souhait\u00e9<\/span><\/p>\t\t\t\t\t\t<\/div>\n\t\t\t\t<\/div>\n\t\t\t\t<div class=\"elementor-element elementor-element-f9e4b1a elementor-widget elementor-widget-heading\" data-id=\"f9e4b1a\" data-element_type=\"widget\" data-widget_type=\"heading.default\">\n\t\t\t\t<div class=\"elementor-widget-container\">\n\t\t\t<h3 class=\"elementor-heading-title elementor-size-default\">R\u00c9MUN\u00c9RATION<\/h3>\t\t<\/div>\n\t\t\t\t<\/div>\n\t\t\t\t<div class=\"elementor-element elementor-element-3720e4 elementor-widget elementor-widget-text-editor\" data-id=\"3720e4\" data-element_type=\"widget\" data-widget_type=\"text-editor.default\">\n\t\t\t\t<div class=\"elementor-widget-container\">\n\t\t\t\t\t\t\t<p style=\"text-align: left;\"><span style=\"color: #333333;\">Contrat \u00e0 dur\u00e9e d\u00e9termin\u00e9e : 12 Mois<\/span><\/p><p style=\"text-align: left;\"><span style=\"color: #333333;\">35H Horaires normaux<\/span><\/p><p style=\"text-align: left;\"><span style=\"color: #333333;\">Salaire : <\/span><span style=\"color: #333333; font-family: Roboto; font-style: normal; font-weight: 400;\">1539,42 Euros sur 12 mois (<span style=\"color: #333333;\">\u00e9volutif selon r\u00e9sultat)<\/span><\/span><\/p>\t\t\t\t\t\t<\/div>\n\t\t\t\t<\/div>\n\t\t\t\t<div class=\"elementor-element elementor-element-1828faa5 elementor-widget elementor-widget-heading\" data-id=\"1828faa5\" data-element_type=\"widget\" data-widget_type=\"heading.default\">\n\t\t\t\t<div class=\"elementor-widget-container\">\n\t\t\t<h3 class=\"elementor-heading-title elementor-size-default\">POUR POSTULER<\/h3>\t\t<\/div>\n\t\t\t\t<\/div>\n\t\t\t\t<div class=\"elementor-element elementor-element-27fba138 elementor-widget elementor-widget-text-editor\" data-id=\"27fba138\" data-element_type=\"widget\" data-widget_type=\"text-editor.default\">\n\t\t\t\t<div class=\"elementor-widget-container\">\n\t\t\t\t\t\t\t<p style=\"text-align: left;\"><span style=\"color: #808080;\"><strong>Veuillez adresser votre CV et une lettre de motivation \u00e0 l&rsquo;attention de\u00a0<\/strong><\/span><strong><span style=\"color: #414042; font-family: Roboto, Helvetica, Arial, sans-serif; font-size: 13px; font-style: normal;\">M. Patrick MALBROUCK <\/span><\/strong><span style=\"color: #808080;\"><strong>\u00e0 l\u2019adresse e-mail suivante :\u00a0<\/strong><\/span><a style=\"background-color: #ffffff; text-align: center;\" href=\"mailto:imvec.asso@hotmail.com\">imvec.asso@hotmail.com<\/a><\/p>\t\t\t\t\t\t<\/div>\n\t\t\t\t<\/div>\n\t\t\t\t<div class=\"elementor-element elementor-element-4b949e12 elementor-widget elementor-widget-spacer\" data-id=\"4b949e12\" data-element_type=\"widget\" data-widget_type=\"spacer.default\">\n\t\t\t\t<div class=\"elementor-widget-container\">\n\t\t\t\t\t<div class=\"elementor-spacer\">\n\t\t\t<div class=\"elementor-spacer-inner\"><\/div>\n\t\t<\/div>\n\t\t\t\t<\/div>\n\t\t\t\t<\/div>\n\t\t\t\t<div class=\"elementor-element elementor-element-131b6d3e elementor-widget elementor-widget-spacer\" data-id=\"131b6d3e\" data-element_type=\"widget\" data-widget_type=\"spacer.default\">\n\t\t\t\t<div class=\"elementor-widget-container\">\n\t\t\t\t\t<div class=\"elementor-spacer\">\n\t\t\t<div class=\"elementor-spacer-inner\"><\/div>\n\t\t<\/div>\n\t\t\t\t<\/div>\n\t\t\t\t<\/div>\n\t\t\t\t\t<\/div>\n\t\t<\/div>\n\t\t\t\t\t<\/div>\n\t\t<\/section>\n\t\t\t\t<section class=\"elementor-section elementor-top-section elementor-element elementor-element-27206f06 elementor-section-boxed elementor-section-height-default elementor-section-height-default\" data-id=\"27206f06\" data-element_type=\"section\">\n\t\t\t\t\t\t<div class=\"elementor-container elementor-column-gap-default\">\n\t\t\t\t\t<div class=\"elementor-column elementor-col-50 elementor-top-column elementor-element elementor-element-29dbb284\" data-id=\"29dbb284\" data-element_type=\"column\">\n\t\t\t<div class=\"elementor-widget-wrap\">\n\t\t\t\t\t\t\t<\/div>\n\t\t<\/div>\n\t\t\t\t<div class=\"elementor-column elementor-col-50 elementor-top-column elementor-element elementor-element-18fa857b\" data-id=\"18fa857b\" data-element_type=\"column\">\n\t\t\t<div class=\"elementor-widget-wrap elementor-element-populated\">\n\t\t\t\t\t\t<div class=\"elementor-element elementor-element-355a21e7 elementor-align-center elementor-widget elementor-widget-button\" data-id=\"355a21e7\" data-element_type=\"widget\" data-widget_type=\"button.default\">\n\t\t\t\t<div class=\"elementor-widget-container\">\n\t\t\t\t\t<div class=\"elementor-button-wrapper\">\n\t\t\t<a class=\"elementor-button elementor-button-link elementor-size-sm elementor-animation-grow\" href=\"http:\/\/imvec-asso.e-monsite.com\/pages\/presentation.html\">\n\t\t\t\t\t\t<span class=\"elementor-button-content-wrapper\">\n\t\t\t\t\t\t<span class=\"elementor-button-text\">Plus d'informations sur l'association ici<\/span>\n\t\t<\/span>\n\t\t\t\t\t<\/a>\n\t\t<\/div>\n\t\t\t\t<\/div>\n\t\t\t\t<\/div>\n\t\t\t\t\t<\/div>\n\t\t<\/div>\n\t\t\t\t\t<\/div>\n\t\t<\/section>\n\t\t\t\t<\/div>\n\t\t","protected":false},"excerpt":{"rendered":"<p>OFFRE D\u2019EMPLOI : Encadrant.e de chantier d&rsquo;insertion agricole &#8211; CDD L&rsquo; ASSOCIATION L&rsquo; Association IMVEC (loi 1901)\u00a0situ\u00e9e \u00e0 Saint-Andr\u00e9,\u00a0recrute : un.e encadrant.e de chantier d&rsquo;insertion agricole. VOS MISSIONS Dans le<a href=\"https:\/\/formaterra.re\/index.php\/2020\/05\/18\/offres-demploi-encadrant-encadrante-de-chantier-dinsertion-agricole\/\">[&#8230;]<\/a><\/p>\n","protected":false},"author":2,"featured_media":11526,"comment_status":"closed","ping_status":"open","sticky":false,"template":"elementor_header_footer","format":"standard","meta":{"footnotes":""},"categories":[6,8,30],"tags":[39,65],"class_list":["post-11514","post","type-post","status-publish","format-standard","has-post-thumbnail","hentry","category-actu","category-emploi","category-offres-demploi-de-nos-partenaires","tag-enseignement-agricole","tag-offre-emploi-stage"],"_links":{"self":[{"href":"https:\/\/formaterra.re\/index.php\/wp-json\/wp\/v2\/posts\/11514","targetHints":{"allow":["GET"]}}],"collection":[{"href":"https:\/\/formaterra.re\/index.php\/wp-json\/wp\/v2\/posts"}],"about":[{"href":"https:\/\/formaterra.re\/index.php\/wp-json\/wp\/v2\/types\/post"}],"author":[{"embeddable":true,"href":"https:\/\/formaterra.re\/index.php\/wp-json\/wp\/v2\/users\/2"}],"replies":[{"embeddable":true,"href":"https:\/\/formaterra.re\/index.php\/wp-json\/wp\/v2\/comments?post=11514"}],"version-history":[{"count":5,"href":"https:\/\/formaterra.re\/index.php\/wp-json\/wp\/v2\/posts\/11514\/revisions"}],"predecessor-version":[{"id":11530,"href":"https:\/\/formaterra.re\/index.php\/wp-json\/wp\/v2\/posts\/11514\/revisions\/11530"}],"wp:featuredmedia":[{"embeddable":true,"href":"https:\/\/formaterra.re\/index.php\/wp-json\/wp\/v2\/media\/11526"}],"wp:attachment":[{"href":"https:\/\/formaterra.re\/index.php\/wp-json\/wp\/v2\/media?parent=11514"}],"wp:term":[{"taxonomy":"category","embeddable":true,"href":"https:\/\/formaterra.re\/index.php\/wp-json\/wp\/v2\/categories?post=11514"},{"taxonomy":"post_tag","embeddable":true,"href":"https:\/\/formaterra.re\/index.php\/wp-json\/wp\/v2\/tags?post=11514"}],"curies":[{"name":"wp","href":"https:\/\/api.w.org\/{rel}","templated":true}]}}