{"id":11828,"date":"2020-06-29T08:16:59","date_gmt":"2020-06-29T06:16:59","guid":{"rendered":"https:\/\/formaterra.re\/?p=11828"},"modified":"2020-06-29T08:23:39","modified_gmt":"2020-06-29T06:23:39","slug":"offre-demploi-chargee-detude-en-irrigation","status":"publish","type":"post","link":"https:\/\/formaterra.re\/index.php\/2020\/06\/29\/offre-demploi-chargee-detude-en-irrigation\/","title":{"rendered":"OFFRE D&rsquo;EMPLOI : CHARG\u00c9E D&rsquo;\u00c9TUDE EN IRRIGATION (CDD)"},"content":{"rendered":"\t\t<div data-elementor-type=\"wp-post\" data-elementor-id=\"11828\" class=\"elementor elementor-11828\">\n\t\t\t\t\t\t<section class=\"elementor-section elementor-top-section elementor-element elementor-element-ac93b4a elementor-section-boxed elementor-section-height-default elementor-section-height-default\" data-id=\"ac93b4a\" data-element_type=\"section\">\n\t\t\t\t\t\t<div class=\"elementor-container elementor-column-gap-default\">\n\t\t\t\t\t<div class=\"elementor-column elementor-col-100 elementor-top-column elementor-element elementor-element-4d668d34\" data-id=\"4d668d34\" data-element_type=\"column\">\n\t\t\t<div class=\"elementor-widget-wrap elementor-element-populated\">\n\t\t\t\t\t\t<div class=\"elementor-element elementor-element-5f852c7 elementor-widget elementor-widget-spacer\" data-id=\"5f852c7\" data-element_type=\"widget\" data-widget_type=\"spacer.default\">\n\t\t\t\t<div class=\"elementor-widget-container\">\n\t\t\t\t\t<div class=\"elementor-spacer\">\n\t\t\t<div class=\"elementor-spacer-inner\"><\/div>\n\t\t<\/div>\n\t\t\t\t<\/div>\n\t\t\t\t<\/div>\n\t\t\t\t\t<\/div>\n\t\t<\/div>\n\t\t\t\t\t<\/div>\n\t\t<\/section>\n\t\t\t\t<section class=\"elementor-section elementor-top-section elementor-element elementor-element-7f79342c elementor-section-boxed elementor-section-height-default elementor-section-height-default\" data-id=\"7f79342c\" data-element_type=\"section\">\n\t\t\t\t\t\t<div class=\"elementor-container elementor-column-gap-default\">\n\t\t\t\t\t<div class=\"elementor-column elementor-col-100 elementor-top-column elementor-element elementor-element-155a6731\" data-id=\"155a6731\" data-element_type=\"column\">\n\t\t\t<div class=\"elementor-widget-wrap elementor-element-populated\">\n\t\t\t\t\t\t<div class=\"elementor-element elementor-element-3cd698b9 elementor-widget elementor-widget-heading\" data-id=\"3cd698b9\" data-element_type=\"widget\" data-widget_type=\"heading.default\">\n\t\t\t\t<div class=\"elementor-widget-container\">\n\t\t\t<h1 class=\"elementor-heading-title elementor-size-default\"><h1 itemprop=\"headline\">OFFRE D\u2019EMPLOI : CHARG\u00c9E D'\u00c9TUDE EN IRRIGATION (CDD)<\/h1><\/h1>\t\t<\/div>\n\t\t\t\t<\/div>\n\t\t\t\t\t<\/div>\n\t\t<\/div>\n\t\t\t\t\t<\/div>\n\t\t<\/section>\n\t\t\t\t<section class=\"elementor-section elementor-top-section elementor-element elementor-element-74fafeae elementor-section-boxed elementor-section-height-default elementor-section-height-default\" data-id=\"74fafeae\" data-element_type=\"section\">\n\t\t\t\t\t\t<div class=\"elementor-container elementor-column-gap-default\">\n\t\t\t\t\t<div class=\"elementor-column elementor-col-100 elementor-top-column elementor-element elementor-element-752fbeb5\" data-id=\"752fbeb5\" data-element_type=\"column\">\n\t\t\t<div class=\"elementor-widget-wrap elementor-element-populated\">\n\t\t\t\t\t\t<div class=\"elementor-element elementor-element-59b35c51 elementor-widget elementor-widget-spacer\" data-id=\"59b35c51\" data-element_type=\"widget\" data-widget_type=\"spacer.default\">\n\t\t\t\t<div class=\"elementor-widget-container\">\n\t\t\t\t\t<div class=\"elementor-spacer\">\n\t\t\t<div class=\"elementor-spacer-inner\"><\/div>\n\t\t<\/div>\n\t\t\t\t<\/div>\n\t\t\t\t<\/div>\n\t\t\t\t\t<\/div>\n\t\t<\/div>\n\t\t\t\t\t<\/div>\n\t\t<\/section>\n\t\t\t\t<section class=\"elementor-section elementor-top-section elementor-element elementor-element-2c236110 elementor-section-boxed elementor-section-height-default elementor-section-height-default\" data-id=\"2c236110\" data-element_type=\"section\">\n\t\t\t\t\t\t<div class=\"elementor-container elementor-column-gap-default\">\n\t\t\t\t\t<div class=\"elementor-column elementor-col-50 elementor-top-column elementor-element elementor-element-afb808a\" data-id=\"afb808a\" data-element_type=\"column\">\n\t\t\t<div class=\"elementor-widget-wrap elementor-element-populated\">\n\t\t\t\t\t\t<div class=\"elementor-element elementor-element-6ae7bca6 elementor-widget elementor-widget-image\" data-id=\"6ae7bca6\" data-element_type=\"widget\" data-widget_type=\"image.default\">\n\t\t\t\t<div class=\"elementor-widget-container\">\n\t\t\t\t\t\t\t\t\t\t\t\t\t<img decoding=\"async\" width=\"145\" height=\"147\" src=\"https:\/\/formaterra.re\/wp-content\/uploads\/2020\/06\/logo_chambre_agriculture_reunion.jpg\" class=\"attachment-full size-full wp-image-11829\" alt=\"\" srcset=\"https:\/\/formaterra.re\/wp-content\/uploads\/2020\/06\/logo_chambre_agriculture_reunion.jpg 145w, https:\/\/formaterra.re\/wp-content\/uploads\/2020\/06\/logo_chambre_agriculture_reunion-73x73.jpg 73w\" sizes=\"(max-width: 145px) 100vw, 145px\" \/>\t\t\t\t\t\t\t\t\t\t\t\t\t<\/div>\n\t\t\t\t<\/div>\n\t\t\t\t\t<\/div>\n\t\t<\/div>\n\t\t\t\t<div class=\"elementor-column elementor-col-50 elementor-top-column elementor-element elementor-element-3f8e09d0\" data-id=\"3f8e09d0\" data-element_type=\"column\">\n\t\t\t<div class=\"elementor-widget-wrap elementor-element-populated\">\n\t\t\t\t\t\t<div class=\"elementor-element elementor-element-5297cfb4 elementor-widget elementor-widget-heading\" data-id=\"5297cfb4\" data-element_type=\"widget\" data-widget_type=\"heading.default\">\n\t\t\t\t<div class=\"elementor-widget-container\">\n\t\t\t<h3 class=\"elementor-heading-title elementor-size-default\">L'ORGANISME<\/h3>\t\t<\/div>\n\t\t\t\t<\/div>\n\t\t\t\t<div class=\"elementor-element elementor-element-147afae5 elementor-widget elementor-widget-text-editor\" data-id=\"147afae5\" data-element_type=\"widget\" data-widget_type=\"text-editor.default\">\n\t\t\t\t<div class=\"elementor-widget-container\">\n\t\t\t\t\t\t\t<p style=\"text-align: center;\"><strong>La Chambre d&rsquo;Agriculture recrute en contrat \u00e0 dur\u00e9e d\u00e9termin\u00e9e, \u00e0 compter du 1er juillet 2020 : <\/strong><\/p><p style=\"text-align: center;\"><strong>Un.e charg\u00e9.e d&rsquo;\u00e9tude en irrigation<\/strong><\/p>\t\t\t\t\t\t<\/div>\n\t\t\t\t<\/div>\n\t\t\t\t<div class=\"elementor-element elementor-element-848b285 elementor-widget elementor-widget-heading\" data-id=\"848b285\" data-element_type=\"widget\" data-widget_type=\"heading.default\">\n\t\t\t\t<div class=\"elementor-widget-container\">\n\t\t\t<h3 class=\"elementor-heading-title elementor-size-default\">VOS MISSIONS<\/h3>\t\t<\/div>\n\t\t\t\t<\/div>\n\t\t\t\t<div class=\"elementor-element elementor-element-4a5aa86e elementor-widget elementor-widget-text-editor\" data-id=\"4a5aa86e\" data-element_type=\"widget\" data-widget_type=\"text-editor.default\">\n\t\t\t\t<div class=\"elementor-widget-container\">\n\t\t\t\t\t\t\t<p style=\"text-align: left;\"><span style=\"color: #808080;\">Sous la responsabilit\u00e9 du Pr\u00e9sident de la Chambre d&rsquo;Agriculture, du Directeur G\u00e9n\u00e9ral des Services, du<br \/>Directeur Technique, du responsable du d\u00e9partement productions v\u00e9g\u00e9tales et du responsable de la cellule canne \u00e0 sucre le ou la candidat(e) sera en charge de :<\/span><\/p><ul><li style=\"text-align: left;\"><span style=\"color: #808080;\">\u00c9laborer et suivre l&rsquo;observatoire des p\u00e9rim\u00e8tres irrigu\u00e9s <\/span><\/li><li style=\"text-align: left;\"><span style=\"color: #808080;\">Suivre des op\u00e9rations d&rsquo;am\u00e9nagement de p\u00e9rim\u00e8tres hydre-agricoles <\/span><\/li><li style=\"text-align: left;\"><span style=\"color: #808080;\">R\u00e9aliser des enqu\u00eates fonci\u00e8res sur les zones concern\u00e9es par des projets d&rsquo;am\u00e9nagements hydrauliques<\/span><\/li><li style=\"text-align: left;\"><span style=\"color: #808080;\">Identifier et cartographier les structures d&rsquo;exploitation <\/span><\/li><li style=\"text-align: left;\"><span style=\"color: #808080;\">Accompagner les projets d&rsquo;am\u00e9nagements hydrauliques port\u00e9s par des collectifs d&rsquo;agriculteurs<\/span><\/li><li style=\"text-align: left;\"><span style=\"color: #808080;\">Recenser les besoins en formation des futurs \u00eerrigants, concevoir et animer des sessions de formation<\/span><\/li><li style=\"text-align: left;\"><span style=\"color: #808080;\">R\u00e9aliser des \u00e9tudes dans le domaine de l&rsquo;irrigation. <\/span><\/li><\/ul>\t\t\t\t\t\t<\/div>\n\t\t\t\t<\/div>\n\t\t\t\t<div class=\"elementor-element elementor-element-2c8f2db4 elementor-widget elementor-widget-heading\" data-id=\"2c8f2db4\" data-element_type=\"widget\" data-widget_type=\"heading.default\">\n\t\t\t\t<div class=\"elementor-widget-container\">\n\t\t\t<h3 class=\"elementor-heading-title elementor-size-default\">PROFIL<\/h3>\t\t<\/div>\n\t\t\t\t<\/div>\n\t\t\t\t<div class=\"elementor-element elementor-element-3bc7edce elementor-widget elementor-widget-text-editor\" data-id=\"3bc7edce\" data-element_type=\"widget\" data-widget_type=\"text-editor.default\">\n\t\t\t\t<div class=\"elementor-widget-container\">\n\t\t\t\t\t\t\t<ul><li style=\"text-align: left;\"><span style=\"color: #808080;\">Bac +3 avec une formation de base en irrigation<\/span><\/li><li style=\"text-align: left;\"><span style=\"color: #808080;\">Capacit\u00e9 r\u00e9dactionnelle <\/span><\/li><li style=\"text-align: left;\"><span style=\"color: #808080;\">Aptitude \u00e0 l&rsquo;animation de groupes <\/span><\/li><li style=\"text-align: left;\"><span style=\"color: #808080;\">Esprit d&rsquo;analyse et de synth\u00e8se <\/span><\/li><li style=\"text-align: left;\"><span style=\"color: #808080;\">Autonomie et esprit d&rsquo;initiative <\/span><\/li><\/ul>\t\t\t\t\t\t<\/div>\n\t\t\t\t<\/div>\n\t\t\t\t<div class=\"elementor-element elementor-element-f2afa1d elementor-widget elementor-widget-heading\" data-id=\"f2afa1d\" data-element_type=\"widget\" data-widget_type=\"heading.default\">\n\t\t\t\t<div class=\"elementor-widget-container\">\n\t\t\t<h3 class=\"elementor-heading-title elementor-size-default\">CONDITIONS PARTICULIERES<\/h3>\t\t<\/div>\n\t\t\t\t<\/div>\n\t\t\t\t<div class=\"elementor-element elementor-element-ec7144c elementor-widget elementor-widget-text-editor\" data-id=\"ec7144c\" data-element_type=\"widget\" data-widget_type=\"text-editor.default\">\n\t\t\t\t<div class=\"elementor-widget-container\">\n\t\t\t\t\t\t\t<ul><li style=\"text-align: left;\"><span style=\"color: #808080;\">Ma\u00eetrise des outils informatiques (Excel, Ward, Power-Point, Open-Office, etc.)<\/span><\/li><li style=\"text-align: left;\"><span style=\"color: #808080;\">Ma\u00eetrise de l&rsquo;outil QGIS<\/span><\/li><li style=\"text-align: left;\"><span style=\"color: #808080;\">Permis B<\/span><\/li><\/ul>\t\t\t\t\t\t<\/div>\n\t\t\t\t<\/div>\n\t\t\t\t<div class=\"elementor-element elementor-element-3bd7b8e8 elementor-widget elementor-widget-heading\" data-id=\"3bd7b8e8\" data-element_type=\"widget\" data-widget_type=\"heading.default\">\n\t\t\t\t<div class=\"elementor-widget-container\">\n\t\t\t<h3 class=\"elementor-heading-title elementor-size-default\">CONDITIONS D'EMPLOI<\/h3>\t\t<\/div>\n\t\t\t\t<\/div>\n\t\t\t\t<div class=\"elementor-element elementor-element-775d67c elementor-widget elementor-widget-text-editor\" data-id=\"775d67c\" data-element_type=\"widget\" data-widget_type=\"text-editor.default\">\n\t\t\t\t<div class=\"elementor-widget-container\">\n\t\t\t\t\t\t\t<ul><li style=\"text-align: left;\"><span style=\"color: #808080;\"><strong>Poste \u00e0 pourvoir \u00e0 compter du 1er juillet 2020<\/strong> <\/span><\/li><li style=\"text-align: left;\"><span style=\"color: #808080;\">Contrat \u00e0 dur\u00e9e d\u00e9termin\u00e9e d<strong>&lsquo;un an<\/strong>. <\/span><\/li><li style=\"text-align: left;\"><span style=\"color: #808080;\">Statut : Convention collective du personnel technique de la Chambre d&rsquo;Agriculture de La R\u00e9union Emploi-type : Charg\u00e9 d&rsquo;\u00e9tude <\/span><\/li><li style=\"text-align: left;\"><span style=\"color: #333333;\"><span style=\"color: #808080;\">R\u00e9sidence administrative : A d\u00e9finir<\/span> <\/span><\/li><\/ul>\t\t\t\t\t\t<\/div>\n\t\t\t\t<\/div>\n\t\t\t\t<div class=\"elementor-element elementor-element-9b82360 elementor-widget elementor-widget-heading\" data-id=\"9b82360\" data-element_type=\"widget\" data-widget_type=\"heading.default\">\n\t\t\t\t<div class=\"elementor-widget-container\">\n\t\t\t<h3 class=\"elementor-heading-title elementor-size-default\">POUR POSTULER<\/h3>\t\t<\/div>\n\t\t\t\t<\/div>\n\t\t\t\t<div class=\"elementor-element elementor-element-4872f625 elementor-widget elementor-widget-text-editor\" data-id=\"4872f625\" data-element_type=\"widget\" data-widget_type=\"text-editor.default\">\n\t\t\t\t<div class=\"elementor-widget-container\">\n\t\t\t\t\t\t\t<p style=\"text-align: left;\"><span style=\"color: #808080;\">Les candidatures doivent \u00eatre adress\u00e9es au plus tard le<strong> 26 juin 2020.<\/strong><\/span><\/p><p style=\"text-align: left;\"><span style=\"color: #808080;\">Par courrier ou par mail \u00e0 :<\/span> <a href=\"mailto:recrutement@reunion.chambagri.fr\">recrutement@reunion.chambagri.fr<\/a><\/p>\t\t\t\t\t\t<\/div>\n\t\t\t\t<\/div>\n\t\t\t\t<div class=\"elementor-element elementor-element-23d591c7 elementor-widget elementor-widget-spacer\" data-id=\"23d591c7\" data-element_type=\"widget\" data-widget_type=\"spacer.default\">\n\t\t\t\t<div class=\"elementor-widget-container\">\n\t\t\t\t\t<div class=\"elementor-spacer\">\n\t\t\t<div class=\"elementor-spacer-inner\"><\/div>\n\t\t<\/div>\n\t\t\t\t<\/div>\n\t\t\t\t<\/div>\n\t\t\t\t<div class=\"elementor-element elementor-element-1f3b7439 elementor-widget elementor-widget-spacer\" data-id=\"1f3b7439\" data-element_type=\"widget\" data-widget_type=\"spacer.default\">\n\t\t\t\t<div class=\"elementor-widget-container\">\n\t\t\t\t\t<div class=\"elementor-spacer\">\n\t\t\t<div class=\"elementor-spacer-inner\"><\/div>\n\t\t<\/div>\n\t\t\t\t<\/div>\n\t\t\t\t<\/div>\n\t\t\t\t\t<\/div>\n\t\t<\/div>\n\t\t\t\t\t<\/div>\n\t\t<\/section>\n\t\t\t\t<section class=\"elementor-section elementor-top-section elementor-element elementor-element-581c92bb elementor-section-boxed elementor-section-height-default elementor-section-height-default\" data-id=\"581c92bb\" data-element_type=\"section\">\n\t\t\t\t\t\t<div class=\"elementor-container elementor-column-gap-default\">\n\t\t\t\t\t<div class=\"elementor-column elementor-col-50 elementor-top-column elementor-element elementor-element-6579a2d4\" data-id=\"6579a2d4\" data-element_type=\"column\">\n\t\t\t<div class=\"elementor-widget-wrap\">\n\t\t\t\t\t\t\t<\/div>\n\t\t<\/div>\n\t\t\t\t<div class=\"elementor-column elementor-col-50 elementor-top-column elementor-element elementor-element-6d91fd79\" data-id=\"6d91fd79\" data-element_type=\"column\">\n\t\t\t<div class=\"elementor-widget-wrap elementor-element-populated\">\n\t\t\t\t\t\t<div class=\"elementor-element elementor-element-1e5b1a87 elementor-align-center elementor-widget elementor-widget-button\" data-id=\"1e5b1a87\" data-element_type=\"widget\" data-widget_type=\"button.default\">\n\t\t\t\t<div class=\"elementor-widget-container\">\n\t\t\t\t\t<div class=\"elementor-button-wrapper\">\n\t\t\t<a class=\"elementor-button elementor-button-link elementor-size-sm elementor-animation-grow\" href=\"http:\/\/www.reunion.chambagri.fr\/\">\n\t\t\t\t\t\t<span class=\"elementor-button-content-wrapper\">\n\t\t\t\t\t\t<span class=\"elementor-button-text\">Plus d'informations sur l'organisme<\/span>\n\t\t<\/span>\n\t\t\t\t\t<\/a>\n\t\t<\/div>\n\t\t\t\t<\/div>\n\t\t\t\t<\/div>\n\t\t\t\t\t<\/div>\n\t\t<\/div>\n\t\t\t\t\t<\/div>\n\t\t<\/section>\n\t\t\t\t<\/div>\n\t\t","protected":false},"excerpt":{"rendered":"<p>OFFRE D\u2019EMPLOI : CHARG\u00c9E D&rsquo;\u00c9TUDE EN IRRIGATION (CDD) L&rsquo;ORGANISME La Chambre d&rsquo;Agriculture recrute en contrat \u00e0 dur\u00e9e d\u00e9termin\u00e9e, \u00e0 compter du 1er juillet 2020 : Un.e charg\u00e9.e d&rsquo;\u00e9tude en irrigation<a href=\"https:\/\/formaterra.re\/index.php\/2020\/06\/29\/offre-demploi-chargee-detude-en-irrigation\/\">[&#8230;]<\/a><\/p>\n","protected":false},"author":2,"featured_media":11829,"comment_status":"closed","ping_status":"open","sticky":false,"template":"elementor_header_footer","format":"standard","meta":{"footnotes":""},"categories":[6,8,30,42],"tags":[39,64,88],"class_list":["post-11828","post","type-post","status-publish","format-standard","has-post-thumbnail","hentry","category-actu","category-emploi","category-offres-demploi-de-nos-partenaires","category-offres-emploi-stage","tag-enseignement-agricole","tag-gemeau","tag-insertion"],"_links":{"self":[{"href":"https:\/\/formaterra.re\/index.php\/wp-json\/wp\/v2\/posts\/11828","targetHints":{"allow":["GET"]}}],"collection":[{"href":"https:\/\/formaterra.re\/index.php\/wp-json\/wp\/v2\/posts"}],"about":[{"href":"https:\/\/formaterra.re\/index.php\/wp-json\/wp\/v2\/types\/post"}],"author":[{"embeddable":true,"href":"https:\/\/formaterra.re\/index.php\/wp-json\/wp\/v2\/users\/2"}],"replies":[{"embeddable":true,"href":"https:\/\/formaterra.re\/index.php\/wp-json\/wp\/v2\/comments?post=11828"}],"version-history":[{"count":4,"href":"https:\/\/formaterra.re\/index.php\/wp-json\/wp\/v2\/posts\/11828\/revisions"}],"predecessor-version":[{"id":11836,"href":"https:\/\/formaterra.re\/index.php\/wp-json\/wp\/v2\/posts\/11828\/revisions\/11836"}],"wp:featuredmedia":[{"embeddable":true,"href":"https:\/\/formaterra.re\/index.php\/wp-json\/wp\/v2\/media\/11829"}],"wp:attachment":[{"href":"https:\/\/formaterra.re\/index.php\/wp-json\/wp\/v2\/media?parent=11828"}],"wp:term":[{"taxonomy":"category","embeddable":true,"href":"https:\/\/formaterra.re\/index.php\/wp-json\/wp\/v2\/categories?post=11828"},{"taxonomy":"post_tag","embeddable":true,"href":"https:\/\/formaterra.re\/index.php\/wp-json\/wp\/v2\/tags?post=11828"}],"curies":[{"name":"wp","href":"https:\/\/api.w.org\/{rel}","templated":true}]}}