{"id":12232,"date":"2020-11-03T08:31:17","date_gmt":"2020-11-03T07:31:17","guid":{"rendered":"https:\/\/formaterra.re\/?p=12232"},"modified":"2020-11-03T08:40:49","modified_gmt":"2020-11-03T07:40:49","slug":"offre-demploi-ouvrier-agricole-de-culture-maraichere","status":"publish","type":"post","link":"https:\/\/formaterra.re\/index.php\/2020\/11\/03\/offre-demploi-ouvrier-agricole-de-culture-maraichere\/","title":{"rendered":"OFFRE D&rsquo;EMPLOI : OUVRIER AGRICOLE DE CULTURE MARA\u00ceCHERE"},"content":{"rendered":"\t\t<div data-elementor-type=\"wp-post\" data-elementor-id=\"12232\" class=\"elementor elementor-12232\">\n\t\t\t\t\t\t<section class=\"elementor-section elementor-top-section elementor-element elementor-element-6f23237d elementor-section-boxed elementor-section-height-default elementor-section-height-default\" data-id=\"6f23237d\" data-element_type=\"section\">\n\t\t\t\t\t\t<div class=\"elementor-container elementor-column-gap-default\">\n\t\t\t\t\t<div class=\"elementor-column elementor-col-100 elementor-top-column elementor-element elementor-element-a32941e\" data-id=\"a32941e\" data-element_type=\"column\">\n\t\t\t<div class=\"elementor-widget-wrap elementor-element-populated\">\n\t\t\t\t\t\t<div class=\"elementor-element elementor-element-49a8a7b8 elementor-widget elementor-widget-spacer\" data-id=\"49a8a7b8\" data-element_type=\"widget\" data-widget_type=\"spacer.default\">\n\t\t\t\t<div class=\"elementor-widget-container\">\n\t\t\t\t\t<div class=\"elementor-spacer\">\n\t\t\t<div class=\"elementor-spacer-inner\"><\/div>\n\t\t<\/div>\n\t\t\t\t<\/div>\n\t\t\t\t<\/div>\n\t\t\t\t\t<\/div>\n\t\t<\/div>\n\t\t\t\t\t<\/div>\n\t\t<\/section>\n\t\t\t\t<section class=\"elementor-section elementor-top-section elementor-element elementor-element-469a2571 elementor-section-boxed elementor-section-height-default elementor-section-height-default\" data-id=\"469a2571\" data-element_type=\"section\">\n\t\t\t\t\t\t<div class=\"elementor-container elementor-column-gap-default\">\n\t\t\t\t\t<div class=\"elementor-column elementor-col-100 elementor-top-column elementor-element elementor-element-2421e7b1\" data-id=\"2421e7b1\" data-element_type=\"column\">\n\t\t\t<div class=\"elementor-widget-wrap elementor-element-populated\">\n\t\t\t\t\t\t<div class=\"elementor-element elementor-element-5c39b536 elementor-widget elementor-widget-heading\" data-id=\"5c39b536\" data-element_type=\"widget\" data-widget_type=\"heading.default\">\n\t\t\t\t<div class=\"elementor-widget-container\">\n\t\t\t<h1 class=\"elementor-heading-title elementor-size-default\"><h1 itemprop=\"headline\">OFFRE D\u2019EMPLOI : OUVRIER.E AGRICOLE DE CULTURE MARA\u00ceCHERE<\/h1><\/h1>\t\t<\/div>\n\t\t\t\t<\/div>\n\t\t\t\t\t<\/div>\n\t\t<\/div>\n\t\t\t\t\t<\/div>\n\t\t<\/section>\n\t\t\t\t<section class=\"elementor-section elementor-top-section elementor-element elementor-element-1965893c elementor-section-boxed elementor-section-height-default elementor-section-height-default\" data-id=\"1965893c\" data-element_type=\"section\">\n\t\t\t\t\t\t<div class=\"elementor-container elementor-column-gap-default\">\n\t\t\t\t\t<div class=\"elementor-column elementor-col-100 elementor-top-column elementor-element elementor-element-4ba994dc\" data-id=\"4ba994dc\" data-element_type=\"column\">\n\t\t\t<div class=\"elementor-widget-wrap elementor-element-populated\">\n\t\t\t\t\t\t<div class=\"elementor-element elementor-element-6a43f8e4 elementor-widget elementor-widget-spacer\" data-id=\"6a43f8e4\" data-element_type=\"widget\" data-widget_type=\"spacer.default\">\n\t\t\t\t<div class=\"elementor-widget-container\">\n\t\t\t\t\t<div class=\"elementor-spacer\">\n\t\t\t<div class=\"elementor-spacer-inner\"><\/div>\n\t\t<\/div>\n\t\t\t\t<\/div>\n\t\t\t\t<\/div>\n\t\t\t\t\t<\/div>\n\t\t<\/div>\n\t\t\t\t\t<\/div>\n\t\t<\/section>\n\t\t\t\t<section class=\"elementor-section elementor-top-section elementor-element elementor-element-3c82f601 elementor-section-boxed elementor-section-height-default elementor-section-height-default\" data-id=\"3c82f601\" data-element_type=\"section\">\n\t\t\t\t\t\t<div class=\"elementor-container elementor-column-gap-default\">\n\t\t\t\t\t<div class=\"elementor-column elementor-col-50 elementor-top-column elementor-element elementor-element-3ac740bb\" data-id=\"3ac740bb\" data-element_type=\"column\">\n\t\t\t<div class=\"elementor-widget-wrap elementor-element-populated\">\n\t\t\t\t\t\t<div class=\"elementor-element elementor-element-22e65042 elementor-widget elementor-widget-image\" data-id=\"22e65042\" data-element_type=\"widget\" data-widget_type=\"image.default\">\n\t\t\t\t<div class=\"elementor-widget-container\">\n\t\t\t\t\t\t\t\t\t\t\t\t\t<img fetchpriority=\"high\" decoding=\"async\" width=\"895\" height=\"552\" src=\"https:\/\/formaterra.re\/wp-content\/uploads\/2020\/11\/Logo_Abdess.jpg\" class=\"attachment-full size-full wp-image-12233\" alt=\"\" srcset=\"https:\/\/formaterra.re\/wp-content\/uploads\/2020\/11\/Logo_Abdess.jpg 895w, https:\/\/formaterra.re\/wp-content\/uploads\/2020\/11\/Logo_Abdess-300x185.jpg 300w, https:\/\/formaterra.re\/wp-content\/uploads\/2020\/11\/Logo_Abdess-768x474.jpg 768w\" sizes=\"(max-width: 895px) 100vw, 895px\" \/>\t\t\t\t\t\t\t\t\t\t\t\t\t<\/div>\n\t\t\t\t<\/div>\n\t\t\t\t\t<\/div>\n\t\t<\/div>\n\t\t\t\t<div class=\"elementor-column elementor-col-50 elementor-top-column elementor-element elementor-element-8b7620\" data-id=\"8b7620\" data-element_type=\"column\">\n\t\t\t<div class=\"elementor-widget-wrap elementor-element-populated\">\n\t\t\t\t\t\t<div class=\"elementor-element elementor-element-2050e9e8 elementor-widget elementor-widget-heading\" data-id=\"2050e9e8\" data-element_type=\"widget\" data-widget_type=\"heading.default\">\n\t\t\t\t<div class=\"elementor-widget-container\">\n\t\t\t<h3 class=\"elementor-heading-title elementor-size-default\">L'ORGANISME<\/h3>\t\t<\/div>\n\t\t\t\t<\/div>\n\t\t\t\t<div class=\"elementor-element elementor-element-178100c0 elementor-widget elementor-widget-text-editor\" data-id=\"178100c0\" data-element_type=\"widget\" data-widget_type=\"text-editor.default\">\n\t\t\t\t<div class=\"elementor-widget-container\">\n\t\t\t\t\t\t\t<div style=\"text-align: left;\"><div>L\u2019 ABDESS est l&rsquo;Association B\u00e9n\u00e9dictine pour le D\u00e9veloppement de l\u2019Economie Sociale et Solidaire.\u00a0<\/div><div><span style=\"font-family: Roboto; font-style: normal; font-weight: 400;\">\u00a0<\/span><\/div><div><span style=\"font-family: Roboto; font-style: normal; font-weight: 400;\">L\u2019 ABDESS\u00a0<\/span>a un objectif double : porter des projets d\u2019insertion socialement innovants pour le d\u00e9veloppement du territoire, tout en ayant une activit\u00e9 \u00e9conomique p\u00e9renne.<\/div><\/div>\t\t\t\t\t\t<\/div>\n\t\t\t\t<\/div>\n\t\t\t\t<div class=\"elementor-element elementor-element-2a70a177 elementor-widget elementor-widget-heading\" data-id=\"2a70a177\" data-element_type=\"widget\" data-widget_type=\"heading.default\">\n\t\t\t\t<div class=\"elementor-widget-container\">\n\t\t\t<h3 class=\"elementor-heading-title elementor-size-default\">VOS MISSIONS<\/h3>\t\t<\/div>\n\t\t\t\t<\/div>\n\t\t\t\t<div class=\"elementor-element elementor-element-47ff66ab elementor-widget elementor-widget-text-editor\" data-id=\"47ff66ab\" data-element_type=\"widget\" data-widget_type=\"text-editor.default\">\n\t\t\t\t<div class=\"elementor-widget-container\">\n\t\t\t\t\t\t\t<p style=\"text-align: left;\"><strong><span style=\"color: #808080;\">Activit\u00e9 principale du poste :<\/span><\/strong><\/p><p style=\"text-align: left;\"><span style=\"color: #808080;\">L\u2019 ouvrier agricole de culture maraich\u00e8re r\u00e9alise des op\u00e9rations de culture maraich\u00e8re en vue de leur commercialisation. Il exerce les t\u00e2ches li\u00e9es \u00e0 la production, \u00e0 la mise en place des installations et \u00e0 l&rsquo;entretien du mat\u00e9riel et des locaux. Il cultive des l\u00e9gumes et des plantes aromatiques. Il surveille leur croissance et proc\u00e8de \u00e0 la r\u00e9colte des produits. Il les pr\u00e9pare par triage, calibrage et conditionnement pour la vente. Il s&rsquo;occupe aussi de pr\u00e9parer et d&rsquo;entretenir son mat\u00e9riel et ses installations.<\/span><\/p><p style=\"text-align: left;\"><span style=\"color: #808080;\"><strong>Missions principales :<\/strong> <\/span><\/p><ul><li style=\"text-align: left;\"><span style=\"color: #808080;\">Pr\u00e9parer des supports de cultures<\/span><\/li><li style=\"text-align: left;\"><span style=\"color: #808080;\">Maitriser l\u2019installation des abris<\/span><\/li><li style=\"text-align: left;\"><span style=\"color: #808080;\">R\u00e9aliser des op\u00e9rations de mise en culture<\/span><\/li><li style=\"text-align: left;\"><span style=\"color: #808080;\">R\u00e9colter un produit agricole<\/span><\/li><li style=\"text-align: left;\"><span style=\"color: #808080;\">Entretenir des \u00e9quipements<\/span><\/li><li style=\"text-align: left;\"><span style=\"color: #808080;\">Commercialiser la production<\/span><\/li><li style=\"text-align: left;\"><span style=\"color: #808080;\">Transmettre et partager son savoir faire<\/span><\/li><\/ul>\t\t\t\t\t\t<\/div>\n\t\t\t\t<\/div>\n\t\t\t\t<div class=\"elementor-element elementor-element-7eb8d57f elementor-widget elementor-widget-heading\" data-id=\"7eb8d57f\" data-element_type=\"widget\" data-widget_type=\"heading.default\">\n\t\t\t\t<div class=\"elementor-widget-container\">\n\t\t\t<h3 class=\"elementor-heading-title elementor-size-default\">PROFIL<\/h3>\t\t<\/div>\n\t\t\t\t<\/div>\n\t\t\t\t<div class=\"elementor-element elementor-element-46fef259 elementor-widget elementor-widget-text-editor\" data-id=\"46fef259\" data-element_type=\"widget\" data-widget_type=\"text-editor.default\">\n\t\t\t\t<div class=\"elementor-widget-container\">\n\t\t\t\t\t\t\t<div class=\"elementor-element elementor-element-4871f542 elementor-widget elementor-widget-text-editor\" data-id=\"4871f542\" data-element_type=\"widget\" data-widget_type=\"text-editor.default\"><div class=\"elementor-widget-container\"><div class=\"elementor-text-editor elementor-clearfix\"><ul><li style=\"text-align: left;\">Aimer le travail de la terre et le travail en ext\u00e9rieur<\/li><li style=\"text-align: left;\">Capacit\u00e9 d&rsquo;anticipation et d&rsquo;adaptation<\/li><li style=\"text-align: left;\">Sens de l&rsquo;organisation et des relations humaines<\/li><li style=\"text-align: left;\">Travail en \u00e9quipe<\/li><li style=\"text-align: left;\">Respect des r\u00e8gles d\u00e9ontologiques (normes et r\u00e8gles de s\u00e9curit\u00e9)<\/li><li style=\"text-align: left;\">Bonne condition physique<\/li><\/ul><\/div><\/div><\/div>\t\t\t\t\t\t<\/div>\n\t\t\t\t<\/div>\n\t\t\t\t<div class=\"elementor-element elementor-element-29d71d3 elementor-widget elementor-widget-heading\" data-id=\"29d71d3\" data-element_type=\"widget\" data-widget_type=\"heading.default\">\n\t\t\t\t<div class=\"elementor-widget-container\">\n\t\t\t<h3 class=\"elementor-heading-title elementor-size-default\">PROFIL<\/h3>\t\t<\/div>\n\t\t\t\t<\/div>\n\t\t\t\t<div class=\"elementor-element elementor-element-3b09400 elementor-widget elementor-widget-text-editor\" data-id=\"3b09400\" data-element_type=\"widget\" data-widget_type=\"text-editor.default\">\n\t\t\t\t<div class=\"elementor-widget-container\">\n\t\t\t\t\t\t\t<div class=\"elementor-element elementor-element-4871f542 elementor-widget elementor-widget-text-editor\" data-id=\"4871f542\" data-element_type=\"widget\" data-widget_type=\"text-editor.default\"><div class=\"elementor-widget-container\"><ul><li style=\"text-align: left;\"><span style=\"text-align: left; color: #808080;\">Avoir un projet professionnel en lien avec le secteur agricole ou l\u2019animation de jardin<\/span><\/li><li style=\"text-align: left;\"><span style=\"text-align: left; color: #808080;\">Niveau BEP\/CAP<\/span><\/li><li style=\"text-align: left;\"><span style=\"text-align: left; color: #808080;\">\u00c9ligible \u00e0 l\u2019IAE et au PLIE<\/span><\/li><\/ul><\/div><\/div>\t\t\t\t\t\t<\/div>\n\t\t\t\t<\/div>\n\t\t\t\t<div class=\"elementor-element elementor-element-14155d64 elementor-widget elementor-widget-heading\" data-id=\"14155d64\" data-element_type=\"widget\" data-widget_type=\"heading.default\">\n\t\t\t\t<div class=\"elementor-widget-container\">\n\t\t\t<h3 class=\"elementor-heading-title elementor-size-default\">CONDITIONS D'EMPLOI<\/h3>\t\t<\/div>\n\t\t\t\t<\/div>\n\t\t\t\t<div class=\"elementor-element elementor-element-702dec4a elementor-widget elementor-widget-text-editor\" data-id=\"702dec4a\" data-element_type=\"widget\" data-widget_type=\"text-editor.default\">\n\t\t\t\t<div class=\"elementor-widget-container\">\n\t\t\t\t\t\t\t<ul><li style=\"text-align: left;\"><span style=\"color: #808080;\">Type de contrat : CDDI<\/span><\/li><li style=\"text-align: left;\"><span style=\"color: #808080;\">Date de d\u00e9marrage : 1er D\u00e9cembre 2020<\/span><\/li><li style=\"text-align: left;\"><span style=\"color: #808080;\">Dur\u00e9e du contrat : 12 mois<\/span><\/li><li style=\"text-align: left;\"><span style=\"color: #808080;\">Dur\u00e9e hebdomadaire : 24 Heures<\/span><\/li><li style=\"text-align: left;\"><span style=\"color: #808080;\">Salaire brut mensuel : 1055,60\u20ac<\/span><\/li><li style=\"text-align: left;\"><span style=\"color: #808080;\">Lieu de travail : Saint Benoit<\/span><\/li><\/ul>\t\t\t\t\t\t<\/div>\n\t\t\t\t<\/div>\n\t\t\t\t<div class=\"elementor-element elementor-element-2e6694bf elementor-widget elementor-widget-heading\" data-id=\"2e6694bf\" data-element_type=\"widget\" data-widget_type=\"heading.default\">\n\t\t\t\t<div class=\"elementor-widget-container\">\n\t\t\t<h3 class=\"elementor-heading-title elementor-size-default\">POUR POSTULER<\/h3>\t\t<\/div>\n\t\t\t\t<\/div>\n\t\t\t\t<div class=\"elementor-element elementor-element-67d7cc8 elementor-widget elementor-widget-text-editor\" data-id=\"67d7cc8\" data-element_type=\"widget\" data-widget_type=\"text-editor.default\">\n\t\t\t\t<div class=\"elementor-widget-container\">\n\t\t\t\t\t\t\t<div class=\"elementor-element elementor-element-1f3fa51d elementor-widget elementor-widget-text-editor\" data-id=\"1f3fa51d\" data-element_type=\"widget\" data-widget_type=\"text-editor.default\"><div class=\"elementor-widget-container\"><div class=\"elementor-text-editor elementor-clearfix\"><p><strong>Merci de bien vouloir transmettre votre candidature par mail : <a href=\"mailto:abdess.stbenoit@live.fr\">abdess.stbenoit@live.fr<\/a> ainsi que les pi\u00e8ces suivantes, au plus tard le 11 Novembre 2020<\/strong> :<\/p><ul><li style=\"text-align: left;\">CV<\/li><li style=\"text-align: left;\">Copie de la pi\u00e8ce d\u2019identit\u00e9<\/li><li style=\"text-align: left;\">Copie de l\u2019attestation de s\u00e9curit\u00e9 sociale ou de la carte vitale<\/li><li style=\"text-align: left;\">Copie justificatif de droit RSA (N\u00b0 Allocataire)<\/li><li style=\"text-align: left;\">Copie de l\u2019attestation Pole Emploi (N\u00b0 Identifiant)<\/li><\/ul><\/div><\/div><\/div>\t\t\t\t\t\t<\/div>\n\t\t\t\t<\/div>\n\t\t\t\t\t<\/div>\n\t\t<\/div>\n\t\t\t\t\t<\/div>\n\t\t<\/section>\n\t\t\t\t<\/div>\n\t\t","protected":false},"excerpt":{"rendered":"<p>OFFRE D\u2019EMPLOI : OUVRIER.E AGRICOLE DE CULTURE MARA\u00ceCHERE L&rsquo;ORGANISME L\u2019 ABDESS est l&rsquo;Association B\u00e9n\u00e9dictine pour le D\u00e9veloppement de l\u2019Economie Sociale et Solidaire.\u00a0\u00a0L\u2019 ABDESS\u00a0a un objectif double : porter des projets<a href=\"https:\/\/formaterra.re\/index.php\/2020\/11\/03\/offre-demploi-ouvrier-agricole-de-culture-maraichere\/\">[&#8230;]<\/a><\/p>\n","protected":false},"author":2,"featured_media":12233,"comment_status":"closed","ping_status":"open","sticky":false,"template":"elementor_header_footer","format":"standard","meta":{"footnotes":""},"categories":[6,8,30,42],"tags":[39,88,65],"class_list":["post-12232","post","type-post","status-publish","format-standard","has-post-thumbnail","hentry","category-actu","category-emploi","category-offres-demploi-de-nos-partenaires","category-offres-emploi-stage","tag-enseignement-agricole","tag-insertion","tag-offre-emploi-stage"],"_links":{"self":[{"href":"https:\/\/formaterra.re\/index.php\/wp-json\/wp\/v2\/posts\/12232","targetHints":{"allow":["GET"]}}],"collection":[{"href":"https:\/\/formaterra.re\/index.php\/wp-json\/wp\/v2\/posts"}],"about":[{"href":"https:\/\/formaterra.re\/index.php\/wp-json\/wp\/v2\/types\/post"}],"author":[{"embeddable":true,"href":"https:\/\/formaterra.re\/index.php\/wp-json\/wp\/v2\/users\/2"}],"replies":[{"embeddable":true,"href":"https:\/\/formaterra.re\/index.php\/wp-json\/wp\/v2\/comments?post=12232"}],"version-history":[{"count":4,"href":"https:\/\/formaterra.re\/index.php\/wp-json\/wp\/v2\/posts\/12232\/revisions"}],"predecessor-version":[{"id":12237,"href":"https:\/\/formaterra.re\/index.php\/wp-json\/wp\/v2\/posts\/12232\/revisions\/12237"}],"wp:featuredmedia":[{"embeddable":true,"href":"https:\/\/formaterra.re\/index.php\/wp-json\/wp\/v2\/media\/12233"}],"wp:attachment":[{"href":"https:\/\/formaterra.re\/index.php\/wp-json\/wp\/v2\/media?parent=12232"}],"wp:term":[{"taxonomy":"category","embeddable":true,"href":"https:\/\/formaterra.re\/index.php\/wp-json\/wp\/v2\/categories?post=12232"},{"taxonomy":"post_tag","embeddable":true,"href":"https:\/\/formaterra.re\/index.php\/wp-json\/wp\/v2\/tags?post=12232"}],"curies":[{"name":"wp","href":"https:\/\/api.w.org\/{rel}","templated":true}]}}