{"id":12888,"date":"2021-05-07T09:11:46","date_gmt":"2021-05-07T05:11:46","guid":{"rendered":"https:\/\/formaterra.re\/?p=12888"},"modified":"2021-05-07T09:11:47","modified_gmt":"2021-05-07T05:11:47","slug":"projet-de-cooperation-erasmus-avec-la-pologne","status":"publish","type":"post","link":"https:\/\/formaterra.re\/index.php\/2021\/05\/07\/projet-de-cooperation-erasmus-avec-la-pologne\/","title":{"rendered":"PROJET DE COOP\u00c9RATION ERASMUS + AVEC LA POLOGNE"},"content":{"rendered":"\t\t<div data-elementor-type=\"wp-post\" data-elementor-id=\"12888\" class=\"elementor elementor-12888\">\n\t\t\t\t\t\t<section class=\"elementor-section elementor-top-section elementor-element elementor-element-6b8909da elementor-section-boxed elementor-section-height-default elementor-section-height-default\" data-id=\"6b8909da\" data-element_type=\"section\">\n\t\t\t\t\t\t<div class=\"elementor-container elementor-column-gap-default\">\n\t\t\t\t\t<div class=\"elementor-column elementor-col-100 elementor-top-column elementor-element elementor-element-7f9703fd\" data-id=\"7f9703fd\" data-element_type=\"column\">\n\t\t\t<div class=\"elementor-widget-wrap elementor-element-populated\">\n\t\t\t\t\t\t<div class=\"elementor-element elementor-element-1cca2a04 elementor-widget elementor-widget-spacer\" data-id=\"1cca2a04\" data-element_type=\"widget\" data-widget_type=\"spacer.default\">\n\t\t\t\t<div class=\"elementor-widget-container\">\n\t\t\t\t\t<div class=\"elementor-spacer\">\n\t\t\t<div class=\"elementor-spacer-inner\"><\/div>\n\t\t<\/div>\n\t\t\t\t<\/div>\n\t\t\t\t<\/div>\n\t\t\t\t\t<\/div>\n\t\t<\/div>\n\t\t\t\t\t<\/div>\n\t\t<\/section>\n\t\t\t\t<section class=\"elementor-section elementor-top-section elementor-element elementor-element-10bea638 elementor-section-boxed elementor-section-height-default elementor-section-height-default\" data-id=\"10bea638\" data-element_type=\"section\">\n\t\t\t\t\t\t<div class=\"elementor-container elementor-column-gap-default\">\n\t\t\t\t\t<div class=\"elementor-column elementor-col-100 elementor-top-column elementor-element elementor-element-37931694\" data-id=\"37931694\" data-element_type=\"column\">\n\t\t\t<div class=\"elementor-widget-wrap elementor-element-populated\">\n\t\t\t\t\t\t<div class=\"elementor-element elementor-element-2eeca0ba elementor-widget elementor-widget-heading\" data-id=\"2eeca0ba\" data-element_type=\"widget\" data-widget_type=\"heading.default\">\n\t\t\t\t<div class=\"elementor-widget-container\">\n\t\t\t<h1 class=\"elementor-heading-title elementor-size-default\">PROJET DE COOP\u00c9RATION ERASMUS + AVEC LA POLOGNE<\/h1>\t\t<\/div>\n\t\t\t\t<\/div>\n\t\t\t\t\t<\/div>\n\t\t<\/div>\n\t\t\t\t\t<\/div>\n\t\t<\/section>\n\t\t\t\t<section class=\"elementor-section elementor-top-section elementor-element elementor-element-bea4b6f elementor-section-boxed elementor-section-height-default elementor-section-height-default\" data-id=\"bea4b6f\" data-element_type=\"section\">\n\t\t\t\t\t\t<div class=\"elementor-container elementor-column-gap-default\">\n\t\t\t\t\t<div class=\"elementor-column elementor-col-100 elementor-top-column elementor-element elementor-element-553780a0\" data-id=\"553780a0\" data-element_type=\"column\">\n\t\t\t<div class=\"elementor-widget-wrap elementor-element-populated\">\n\t\t\t\t\t\t<div class=\"elementor-element elementor-element-7ea21c8f elementor-widget elementor-widget-spacer\" data-id=\"7ea21c8f\" data-element_type=\"widget\" data-widget_type=\"spacer.default\">\n\t\t\t\t<div class=\"elementor-widget-container\">\n\t\t\t\t\t<div class=\"elementor-spacer\">\n\t\t\t<div class=\"elementor-spacer-inner\"><\/div>\n\t\t<\/div>\n\t\t\t\t<\/div>\n\t\t\t\t<\/div>\n\t\t\t\t\t<\/div>\n\t\t<\/div>\n\t\t\t\t\t<\/div>\n\t\t<\/section>\n\t\t\t\t<section class=\"elementor-section elementor-top-section elementor-element elementor-element-3e8eacef elementor-section-boxed elementor-section-height-default elementor-section-height-default\" data-id=\"3e8eacef\" data-element_type=\"section\">\n\t\t\t\t\t\t<div class=\"elementor-container elementor-column-gap-default\">\n\t\t\t\t\t<div class=\"elementor-column elementor-col-50 elementor-top-column elementor-element elementor-element-76355bf0\" data-id=\"76355bf0\" data-element_type=\"column\">\n\t\t\t<div class=\"elementor-widget-wrap elementor-element-populated\">\n\t\t\t\t\t\t<div class=\"elementor-element elementor-element-b98498b elementor-widget elementor-widget-image\" data-id=\"b98498b\" data-element_type=\"widget\" data-widget_type=\"image.default\">\n\t\t\t\t<div class=\"elementor-widget-container\">\n\t\t\t\t\t\t\t\t\t\t\t\t\t<img fetchpriority=\"high\" decoding=\"async\" width=\"1600\" height=\"900\" src=\"https:\/\/formaterra.re\/wp-content\/uploads\/2021\/05\/Webinaire_Pologne_France_Erasmus_3.png\" class=\"attachment-full size-full wp-image-12898\" alt=\"\" srcset=\"https:\/\/formaterra.re\/wp-content\/uploads\/2021\/05\/Webinaire_Pologne_France_Erasmus_3.png 1600w, https:\/\/formaterra.re\/wp-content\/uploads\/2021\/05\/Webinaire_Pologne_France_Erasmus_3-300x169.png 300w, https:\/\/formaterra.re\/wp-content\/uploads\/2021\/05\/Webinaire_Pologne_France_Erasmus_3-1024x576.png 1024w, https:\/\/formaterra.re\/wp-content\/uploads\/2021\/05\/Webinaire_Pologne_France_Erasmus_3-768x432.png 768w, https:\/\/formaterra.re\/wp-content\/uploads\/2021\/05\/Webinaire_Pologne_France_Erasmus_3-1536x864.png 1536w\" sizes=\"(max-width: 1600px) 100vw, 1600px\" \/>\t\t\t\t\t\t\t\t\t\t\t\t\t<\/div>\n\t\t\t\t<\/div>\n\t\t\t\t<div class=\"elementor-element elementor-element-7ccc315 elementor-widget elementor-widget-image\" data-id=\"7ccc315\" data-element_type=\"widget\" data-widget_type=\"image.default\">\n\t\t\t\t<div class=\"elementor-widget-container\">\n\t\t\t\t\t\t\t\t\t\t\t\t\t<img decoding=\"async\" width=\"1600\" height=\"900\" src=\"https:\/\/formaterra.re\/wp-content\/uploads\/2021\/05\/Webinaire_Pologne_France_Erasmus_2.png\" class=\"attachment-full size-full wp-image-12897\" alt=\"\" srcset=\"https:\/\/formaterra.re\/wp-content\/uploads\/2021\/05\/Webinaire_Pologne_France_Erasmus_2.png 1600w, https:\/\/formaterra.re\/wp-content\/uploads\/2021\/05\/Webinaire_Pologne_France_Erasmus_2-300x169.png 300w, https:\/\/formaterra.re\/wp-content\/uploads\/2021\/05\/Webinaire_Pologne_France_Erasmus_2-1024x576.png 1024w, https:\/\/formaterra.re\/wp-content\/uploads\/2021\/05\/Webinaire_Pologne_France_Erasmus_2-768x432.png 768w, https:\/\/formaterra.re\/wp-content\/uploads\/2021\/05\/Webinaire_Pologne_France_Erasmus_2-1536x864.png 1536w\" sizes=\"(max-width: 1600px) 100vw, 1600px\" \/>\t\t\t\t\t\t\t\t\t\t\t\t\t<\/div>\n\t\t\t\t<\/div>\n\t\t\t\t\t<\/div>\n\t\t<\/div>\n\t\t\t\t<div class=\"elementor-column elementor-col-50 elementor-top-column elementor-element elementor-element-2d147332\" data-id=\"2d147332\" data-element_type=\"column\">\n\t\t\t<div class=\"elementor-widget-wrap elementor-element-populated\">\n\t\t\t\t\t\t<div class=\"elementor-element elementor-element-3ec552ea elementor-widget elementor-widget-heading\" data-id=\"3ec552ea\" data-element_type=\"widget\" data-widget_type=\"heading.default\">\n\t\t\t\t<div class=\"elementor-widget-container\">\n\t\t\t<h3 class=\"elementor-heading-title elementor-size-default\">D\u00e9veloppement de partenariats internationaux : 45 \u00e9tablissements agricoles polonais et fran\u00e7ais se rencontrent<\/h3>\t\t<\/div>\n\t\t\t\t<\/div>\n\t\t\t\t<div class=\"elementor-element elementor-element-1748a64f elementor-widget elementor-widget-text-editor\" data-id=\"1748a64f\" data-element_type=\"widget\" data-widget_type=\"text-editor.default\">\n\t\t\t\t<div class=\"elementor-widget-container\">\n\t\t\t\t\t\t\t<p style=\"text-align: left;\">Le 10 mars 2021, <strong>\u00e0 l&rsquo;initiative du Minist\u00e8re de l&rsquo;Education polonais, de l&rsquo;Ambassade de France en Pologne et du Bureau des Relations Europ\u00e9ennes et de la Coop\u00e9ration Internationale (BRECI) du Minist\u00e8re de l&rsquo;Agriculture, s&rsquo;est tenu un webinaire de contact entre 45 \u00e9tablissements agricoles polonais et fran\u00e7ais, afin d&rsquo;initier des partenariats bilat\u00e9raux.<\/strong><\/p><p style=\"text-align: center;\"><img decoding=\"async\" class=\" wp-image-12896 aligncenter\" src=\"https:\/\/formaterra.re\/wp-content\/uploads\/2021\/05\/Webinaire_Pologne_France_Erasmus-300x169.png\" alt=\"\" width=\"437\" height=\"246\" srcset=\"https:\/\/formaterra.re\/wp-content\/uploads\/2021\/05\/Webinaire_Pologne_France_Erasmus-300x169.png 300w, https:\/\/formaterra.re\/wp-content\/uploads\/2021\/05\/Webinaire_Pologne_France_Erasmus-1024x576.png 1024w, https:\/\/formaterra.re\/wp-content\/uploads\/2021\/05\/Webinaire_Pologne_France_Erasmus-768x432.png 768w, https:\/\/formaterra.re\/wp-content\/uploads\/2021\/05\/Webinaire_Pologne_France_Erasmus.png 1366w\" sizes=\"(max-width: 437px) 100vw, 437px\" \/><strong>Capture d&rsquo;\u00e9cran du webinaire de contact<\/strong><\/p><p style=\"text-align: left;\">A titre d&rsquo;exemple, Pascale Labrousse, co-animatrice du R\u00e9seau g\u00e9ographique Pologne et Pays Baltes du BRECI, nous a propos\u00e9 de pr\u00e9senter le projet de coop\u00e9ration avec le Centre d&rsquo;enseignement agricole de Wincenty Witos \u00e0 Bonin.<\/p><p style=\"text-align: left;\">Ainsi, une co-animation entre Renata Kwolek, Conseill\u00e8re professionnelle, et Marianne Le Tiec, R\u00e9f\u00e9rente Erasmus+ pour FORMA&rsquo;TERRA, a permis de mettre en avant les objectifs professionnels de ce futur partenariat devant commencer \u00e0 la rentr\u00e9e 2021, sous r\u00e9serve du contexte sanitaire.<\/p>\t\t\t\t\t\t<\/div>\n\t\t\t\t<\/div>\n\t\t\t\t<div class=\"elementor-element elementor-element-48143c1b elementor-button-info elementor-widget elementor-widget-button\" data-id=\"48143c1b\" data-element_type=\"widget\" data-widget_type=\"button.default\">\n\t\t\t\t<div class=\"elementor-widget-container\">\n\t\t\t\t\t<div class=\"elementor-button-wrapper\">\n\t\t\t<a class=\"elementor-button elementor-button-link elementor-size-sm elementor-animation-grow\" href=\"https:\/\/formaterra.re\/index.php\/erasmus\/\" target=\"_blank\">\n\t\t\t\t\t\t<span class=\"elementor-button-content-wrapper\">\n\t\t\t\t\t\t<span class=\"elementor-button-text\">Plus d'informations sur nos projets ERASMUS+ ici<\/span>\n\t\t<\/span>\n\t\t\t\t\t<\/a>\n\t\t<\/div>\n\t\t\t\t<\/div>\n\t\t\t\t<\/div>\n\t\t\t\t<div class=\"elementor-element elementor-element-381f16d7 elementor-widget elementor-widget-spacer\" data-id=\"381f16d7\" data-element_type=\"widget\" data-widget_type=\"spacer.default\">\n\t\t\t\t<div class=\"elementor-widget-container\">\n\t\t\t\t\t<div class=\"elementor-spacer\">\n\t\t\t<div class=\"elementor-spacer-inner\"><\/div>\n\t\t<\/div>\n\t\t\t\t<\/div>\n\t\t\t\t<\/div>\n\t\t\t\t<div class=\"elementor-element elementor-element-65e2a120 elementor-widget elementor-widget-spacer\" data-id=\"65e2a120\" data-element_type=\"widget\" data-widget_type=\"spacer.default\">\n\t\t\t\t<div class=\"elementor-widget-container\">\n\t\t\t\t\t<div class=\"elementor-spacer\">\n\t\t\t<div class=\"elementor-spacer-inner\"><\/div>\n\t\t<\/div>\n\t\t\t\t<\/div>\n\t\t\t\t<\/div>\n\t\t\t\t\t<\/div>\n\t\t<\/div>\n\t\t\t\t\t<\/div>\n\t\t<\/section>\n\t\t\t\t<section class=\"elementor-section elementor-top-section elementor-element elementor-element-640fb28a elementor-section-boxed elementor-section-height-default elementor-section-height-default\" data-id=\"640fb28a\" data-element_type=\"section\">\n\t\t\t\t\t\t<div class=\"elementor-container elementor-column-gap-default\">\n\t\t\t\t\t<div class=\"elementor-column elementor-col-50 elementor-top-column elementor-element elementor-element-3335d100\" data-id=\"3335d100\" data-element_type=\"column\">\n\t\t\t<div class=\"elementor-widget-wrap\">\n\t\t\t\t\t\t\t<\/div>\n\t\t<\/div>\n\t\t\t\t<div class=\"elementor-column elementor-col-50 elementor-top-column elementor-element elementor-element-1ed151e4\" data-id=\"1ed151e4\" data-element_type=\"column\">\n\t\t\t<div class=\"elementor-widget-wrap\">\n\t\t\t\t\t\t\t<\/div>\n\t\t<\/div>\n\t\t\t\t\t<\/div>\n\t\t<\/section>\n\t\t\t\t<\/div>\n\t\t","protected":false},"excerpt":{"rendered":"<p>PROJET DE COOP\u00c9RATION ERASMUS + AVEC LA POLOGNE D\u00e9veloppement de partenariats internationaux : 45 \u00e9tablissements agricoles polonais et fran\u00e7ais se rencontrent Le 10 mars 2021, \u00e0 l&rsquo;initiative du Minist\u00e8re de<a href=\"https:\/\/formaterra.re\/index.php\/2021\/05\/07\/projet-de-cooperation-erasmus-avec-la-pologne\/\">[&#8230;]<\/a><\/p>\n","protected":false},"author":2,"featured_media":7728,"comment_status":"closed","ping_status":"open","sticky":false,"template":"elementor_header_footer","format":"standard","meta":{"footnotes":""},"categories":[6,21,25],"tags":[38,39,44,120,123],"class_list":["post-12888","post","type-post","status-publish","format-standard","has-post-thumbnail","hentry","category-actu","category-erasmus","category-voyage","tag-cooperation-internationale","tag-enseignement-agricole","tag-erasmus","tag-formaterra","tag-laventureduvivant"],"_links":{"self":[{"href":"https:\/\/formaterra.re\/index.php\/wp-json\/wp\/v2\/posts\/12888","targetHints":{"allow":["GET"]}}],"collection":[{"href":"https:\/\/formaterra.re\/index.php\/wp-json\/wp\/v2\/posts"}],"about":[{"href":"https:\/\/formaterra.re\/index.php\/wp-json\/wp\/v2\/types\/post"}],"author":[{"embeddable":true,"href":"https:\/\/formaterra.re\/index.php\/wp-json\/wp\/v2\/users\/2"}],"replies":[{"embeddable":true,"href":"https:\/\/formaterra.re\/index.php\/wp-json\/wp\/v2\/comments?post=12888"}],"version-history":[{"count":7,"href":"https:\/\/formaterra.re\/index.php\/wp-json\/wp\/v2\/posts\/12888\/revisions"}],"predecessor-version":[{"id":12901,"href":"https:\/\/formaterra.re\/index.php\/wp-json\/wp\/v2\/posts\/12888\/revisions\/12901"}],"wp:featuredmedia":[{"embeddable":true,"href":"https:\/\/formaterra.re\/index.php\/wp-json\/wp\/v2\/media\/7728"}],"wp:attachment":[{"href":"https:\/\/formaterra.re\/index.php\/wp-json\/wp\/v2\/media?parent=12888"}],"wp:term":[{"taxonomy":"category","embeddable":true,"href":"https:\/\/formaterra.re\/index.php\/wp-json\/wp\/v2\/categories?post=12888"},{"taxonomy":"post_tag","embeddable":true,"href":"https:\/\/formaterra.re\/index.php\/wp-json\/wp\/v2\/tags?post=12888"}],"curies":[{"name":"wp","href":"https:\/\/api.w.org\/{rel}","templated":true}]}}