{"id":12988,"date":"2021-06-22T17:46:50","date_gmt":"2021-06-22T13:46:50","guid":{"rendered":"https:\/\/formaterra.re\/?p=12988"},"modified":"2021-10-04T09:42:39","modified_gmt":"2021-10-04T05:42:39","slug":"restitution-dun-projet-pedagogique-rythme-avec-zanmari-bare-au-cfaa-formaterra","status":"publish","type":"post","link":"https:\/\/formaterra.re\/index.php\/2021\/06\/22\/restitution-dun-projet-pedagogique-rythme-avec-zanmari-bare-au-cfaa-formaterra\/","title":{"rendered":"Restitution d&rsquo;un projet p\u00e9dagogique rythm\u00e9 avec Zanmari BAR\u00c9 au CFAA FORMA&rsquo;TERRA"},"content":{"rendered":"\t\t<div data-elementor-type=\"wp-post\" data-elementor-id=\"12988\" class=\"elementor elementor-12988\">\n\t\t\t\t\t\t<section class=\"elementor-section elementor-top-section elementor-element elementor-element-7bcb05c8 elementor-section-boxed elementor-section-height-default elementor-section-height-default\" data-id=\"7bcb05c8\" data-element_type=\"section\">\n\t\t\t\t\t\t<div class=\"elementor-container elementor-column-gap-default\">\n\t\t\t\t\t<div class=\"elementor-column elementor-col-100 elementor-top-column elementor-element elementor-element-421df338\" data-id=\"421df338\" data-element_type=\"column\">\n\t\t\t<div class=\"elementor-widget-wrap elementor-element-populated\">\n\t\t\t\t\t\t<div class=\"elementor-element elementor-element-2b571012 elementor-widget elementor-widget-spacer\" data-id=\"2b571012\" data-element_type=\"widget\" data-widget_type=\"spacer.default\">\n\t\t\t\t<div class=\"elementor-widget-container\">\n\t\t\t\t\t<div class=\"elementor-spacer\">\n\t\t\t<div class=\"elementor-spacer-inner\"><\/div>\n\t\t<\/div>\n\t\t\t\t<\/div>\n\t\t\t\t<\/div>\n\t\t\t\t\t<\/div>\n\t\t<\/div>\n\t\t\t\t\t<\/div>\n\t\t<\/section>\n\t\t\t\t<section class=\"elementor-section elementor-top-section elementor-element elementor-element-28f4c4af elementor-section-boxed elementor-section-height-default elementor-section-height-default\" data-id=\"28f4c4af\" data-element_type=\"section\">\n\t\t\t\t\t\t<div class=\"elementor-container elementor-column-gap-default\">\n\t\t\t\t\t<div class=\"elementor-column elementor-col-100 elementor-top-column elementor-element elementor-element-7c88e45d\" data-id=\"7c88e45d\" data-element_type=\"column\">\n\t\t\t<div class=\"elementor-widget-wrap elementor-element-populated\">\n\t\t\t\t\t\t<div class=\"elementor-element elementor-element-209acfa0 elementor-widget elementor-widget-heading\" data-id=\"209acfa0\" data-element_type=\"widget\" data-widget_type=\"heading.default\">\n\t\t\t\t<div class=\"elementor-widget-container\">\n\t\t\t<h1 class=\"elementor-heading-title elementor-size-default\">Zanmari BAR\u00c9 &amp; les apprenti(e)s du CFAA FORMA\u2019TERRA : RESTITUTION PROJET P\u00c9DAGOGIQUE AUX RYTHMES DU MALOYA<\/h1>\t\t<\/div>\n\t\t\t\t<\/div>\n\t\t\t\t\t<\/div>\n\t\t<\/div>\n\t\t\t\t\t<\/div>\n\t\t<\/section>\n\t\t\t\t<section class=\"elementor-section elementor-top-section elementor-element elementor-element-4cf28b69 elementor-section-boxed elementor-section-height-default elementor-section-height-default\" data-id=\"4cf28b69\" data-element_type=\"section\">\n\t\t\t\t\t\t<div class=\"elementor-container elementor-column-gap-default\">\n\t\t\t\t\t<div class=\"elementor-column elementor-col-100 elementor-top-column elementor-element elementor-element-4727dbad\" data-id=\"4727dbad\" data-element_type=\"column\">\n\t\t\t<div class=\"elementor-widget-wrap elementor-element-populated\">\n\t\t\t\t\t\t<div class=\"elementor-element elementor-element-178a522f elementor-widget elementor-widget-spacer\" data-id=\"178a522f\" data-element_type=\"widget\" data-widget_type=\"spacer.default\">\n\t\t\t\t<div class=\"elementor-widget-container\">\n\t\t\t\t\t<div class=\"elementor-spacer\">\n\t\t\t<div class=\"elementor-spacer-inner\"><\/div>\n\t\t<\/div>\n\t\t\t\t<\/div>\n\t\t\t\t<\/div>\n\t\t\t\t\t<\/div>\n\t\t<\/div>\n\t\t\t\t\t<\/div>\n\t\t<\/section>\n\t\t\t\t<section class=\"elementor-section elementor-top-section elementor-element elementor-element-b30a65c elementor-section-boxed elementor-section-height-default elementor-section-height-default\" data-id=\"b30a65c\" data-element_type=\"section\">\n\t\t\t\t\t\t<div class=\"elementor-container elementor-column-gap-default\">\n\t\t\t\t\t<div class=\"elementor-column elementor-col-50 elementor-top-column elementor-element elementor-element-703d22f0\" data-id=\"703d22f0\" data-element_type=\"column\">\n\t\t\t<div class=\"elementor-widget-wrap elementor-element-populated\">\n\t\t\t\t\t\t<div class=\"elementor-element elementor-element-2577f6 elementor-widget elementor-widget-image\" data-id=\"2577f6\" data-element_type=\"widget\" data-widget_type=\"image.default\">\n\t\t\t\t<div class=\"elementor-widget-container\">\n\t\t\t\t\t\t\t\t\t\t\t\t\t<img fetchpriority=\"high\" decoding=\"async\" width=\"2560\" height=\"1440\" src=\"https:\/\/formaterra.re\/wp-content\/uploads\/2021\/06\/Restitution_projet-p\u00e9dagogique_Zanmari-BAR\u00c9_apprentis_CFAA-FORMATERRA-scaled.jpg\" class=\"attachment-full size-full wp-image-12990\" alt=\"\" srcset=\"https:\/\/formaterra.re\/wp-content\/uploads\/2021\/06\/Restitution_projet-p\u00e9dagogique_Zanmari-BAR\u00c9_apprentis_CFAA-FORMATERRA-scaled.jpg 2560w, https:\/\/formaterra.re\/wp-content\/uploads\/2021\/06\/Restitution_projet-p\u00e9dagogique_Zanmari-BAR\u00c9_apprentis_CFAA-FORMATERRA-300x169.jpg 300w, https:\/\/formaterra.re\/wp-content\/uploads\/2021\/06\/Restitution_projet-p\u00e9dagogique_Zanmari-BAR\u00c9_apprentis_CFAA-FORMATERRA-1024x576.jpg 1024w, https:\/\/formaterra.re\/wp-content\/uploads\/2021\/06\/Restitution_projet-p\u00e9dagogique_Zanmari-BAR\u00c9_apprentis_CFAA-FORMATERRA-768x432.jpg 768w, https:\/\/formaterra.re\/wp-content\/uploads\/2021\/06\/Restitution_projet-p\u00e9dagogique_Zanmari-BAR\u00c9_apprentis_CFAA-FORMATERRA-1536x864.jpg 1536w, https:\/\/formaterra.re\/wp-content\/uploads\/2021\/06\/Restitution_projet-p\u00e9dagogique_Zanmari-BAR\u00c9_apprentis_CFAA-FORMATERRA-2048x1152.jpg 2048w\" sizes=\"(max-width: 2560px) 100vw, 2560px\" \/>\t\t\t\t\t\t\t\t\t\t\t\t\t<\/div>\n\t\t\t\t<\/div>\n\t\t\t\t\t<\/div>\n\t\t<\/div>\n\t\t\t\t<div class=\"elementor-column elementor-col-50 elementor-top-column elementor-element elementor-element-bab2fe3\" data-id=\"bab2fe3\" data-element_type=\"column\">\n\t\t\t<div class=\"elementor-widget-wrap elementor-element-populated\">\n\t\t\t\t\t\t<div class=\"elementor-element elementor-element-8a28eb6 elementor-widget elementor-widget-heading\" data-id=\"8a28eb6\" data-element_type=\"widget\" data-widget_type=\"heading.default\">\n\t\t\t\t<div class=\"elementor-widget-container\">\n\t\t\t<h3 class=\"elementor-heading-title elementor-size-default\">FORMA'TERRA : VALORISATION DU MALOYA, PATRIMOINE CULTUREL<\/h3>\t\t<\/div>\n\t\t\t\t<\/div>\n\t\t\t\t<div class=\"elementor-element elementor-element-1aa98e8b elementor-widget elementor-widget-text-editor\" data-id=\"1aa98e8b\" data-element_type=\"widget\" data-widget_type=\"text-editor.default\">\n\t\t\t\t<div class=\"elementor-widget-container\">\n\t\t\t\t\t\t\t<p style=\"text-align: left;\">Ce 22 juin 2021, les apprenti.e.s du CFAA FORMA\u2019TERRA en Brevet Professionnel \u00ab\u00a0Responsable d&rsquo; Entreprise Agricole\u00a0\u00bb et \u00ab\u00a0Am\u00e9nagements Paysagers\u00a0\u00bb ont restitu\u00e9 leurs travaux p\u00e9dagogiques lors d&rsquo;un concert priv\u00e9 avec l&rsquo;artiste de Maloya, Zanmari Bar\u00e9 et ses musiciens.<\/p><p style=\"text-align: left;\">Cette pr\u00e9sentation est l&rsquo;aboutissement d&rsquo;un projet de plusieurs semaines qui a \u00e9t\u00e9 encadr\u00e9 et anim\u00e9 par Zanmari Bar\u00e9 et l&rsquo;\u00e9quipe de formateurs du CFAA FORMA\u2019TERRA intervenant sur ces fili\u00e8res.<\/p><p style=\"text-align: left;\">Ce projet avait pour objectif de sensibiliser les apprenants au respect des traditions et \u00e0 la valorisation du patrimoine r\u00e9unionnais au travers du Maloya.<\/p><p style=\"text-align: left;\">M\u00ealant \u00e0 la fois le domaine de la musique, du chant et de la danse, le Maloya est inscrit au Patrimoine Culturel Immat\u00e9riel de l\u2019humanit\u00e9, certifi\u00e9 par l\u2019UNESCO.<\/p><p style=\"text-align: left;\">Ainsi, les apprenti.e.s et les artistes ont confectionn\u00e9 leurs instruments de musique traditionnels (kayamb, pik\u00e8r\u2026) et ont compos\u00e9 une chanson qu&rsquo;ils ont eu plaisir \u00e0 pr\u00e9senter devant la communaut\u00e9 \u00e9ducative de FORMA&rsquo;TERRA.<\/p><p style=\"text-align: left;\">Ils se produiront \u00e0 nouveau le 23 juin 2021, mais cette fois dans une salle de spectacle embl\u00e9matique de La R\u00e9union : <a href=\"https:\/\/www.lesechoir.com\/\">le SECHOIR<\/a>.<\/p><p style=\"text-align: left;\"><em>Un grand bravo \u00e0 tous pour ce beau projet !<\/em><\/p><h5 style=\"text-align: left;\"><em>\u00a9 Formaterra.re<\/em><\/h5><p><div id='gallery-1' class='gallery galleryid-12988 gallery-columns-3 gallery-size-thumbnail'><figure class='gallery-item'>\n\t\t\t<div class='gallery-icon landscape'>\n\t\t\t\t<a href='https:\/\/formaterra.re\/index.php\/2021\/06\/22\/restitution-dun-projet-pedagogique-rythme-avec-zanmari-bare-au-cfaa-formaterra\/zanmari_bare_apprentis_cfaa_formaterra\/'><img decoding=\"async\" width=\"150\" height=\"150\" src=\"https:\/\/formaterra.re\/wp-content\/uploads\/2021\/06\/Zanmari_BARE_Apprentis_CFAA_FORMATERRA-150x150.jpg\" class=\"attachment-thumbnail size-thumbnail\" alt=\"\" srcset=\"https:\/\/formaterra.re\/wp-content\/uploads\/2021\/06\/Zanmari_BARE_Apprentis_CFAA_FORMATERRA-150x150.jpg 150w, https:\/\/formaterra.re\/wp-content\/uploads\/2021\/06\/Zanmari_BARE_Apprentis_CFAA_FORMATERRA-73x73.jpg 73w, https:\/\/formaterra.re\/wp-content\/uploads\/2021\/06\/Zanmari_BARE_Apprentis_CFAA_FORMATERRA-174x174.jpg 174w, https:\/\/formaterra.re\/wp-content\/uploads\/2021\/06\/Zanmari_BARE_Apprentis_CFAA_FORMATERRA-250x250.jpg 250w\" sizes=\"(max-width: 150px) 100vw, 150px\" \/><\/a>\n\t\t\t<\/div><\/figure><figure class='gallery-item'>\n\t\t\t<div class='gallery-icon landscape'>\n\t\t\t\t<a href='https:\/\/formaterra.re\/index.php\/2021\/06\/22\/restitution-dun-projet-pedagogique-rythme-avec-zanmari-bare-au-cfaa-formaterra\/repetition_concert_zanmaribare_apprentis_cfaa_formaterra\/'><img decoding=\"async\" width=\"150\" height=\"150\" src=\"https:\/\/formaterra.re\/wp-content\/uploads\/2021\/06\/Repetition_Concert_ZanmariBar\u00e9_Apprentis_CFAA_FORMATERRA-150x150.jpg\" class=\"attachment-thumbnail size-thumbnail\" alt=\"\" srcset=\"https:\/\/formaterra.re\/wp-content\/uploads\/2021\/06\/Repetition_Concert_ZanmariBar\u00e9_Apprentis_CFAA_FORMATERRA-150x150.jpg 150w, https:\/\/formaterra.re\/wp-content\/uploads\/2021\/06\/Repetition_Concert_ZanmariBar\u00e9_Apprentis_CFAA_FORMATERRA-73x73.jpg 73w, https:\/\/formaterra.re\/wp-content\/uploads\/2021\/06\/Repetition_Concert_ZanmariBar\u00e9_Apprentis_CFAA_FORMATERRA-174x174.jpg 174w, https:\/\/formaterra.re\/wp-content\/uploads\/2021\/06\/Repetition_Concert_ZanmariBar\u00e9_Apprentis_CFAA_FORMATERRA-250x250.jpg 250w\" sizes=\"(max-width: 150px) 100vw, 150px\" \/><\/a>\n\t\t\t<\/div><\/figure><figure class='gallery-item'>\n\t\t\t<div class='gallery-icon landscape'>\n\t\t\t\t<a href='https:\/\/formaterra.re\/index.php\/2021\/06\/22\/restitution-dun-projet-pedagogique-rythme-avec-zanmari-bare-au-cfaa-formaterra\/repetition_concert_zanmaribare_apprentis_cfaa_formaterra_3\/'><img loading=\"lazy\" decoding=\"async\" width=\"150\" height=\"150\" src=\"https:\/\/formaterra.re\/wp-content\/uploads\/2021\/06\/Repetition_Concert_ZanmariBar\u00e9_Apprentis_CFAA_FORMATERRA_3-150x150.jpg\" class=\"attachment-thumbnail size-thumbnail\" alt=\"\" srcset=\"https:\/\/formaterra.re\/wp-content\/uploads\/2021\/06\/Repetition_Concert_ZanmariBar\u00e9_Apprentis_CFAA_FORMATERRA_3-150x150.jpg 150w, https:\/\/formaterra.re\/wp-content\/uploads\/2021\/06\/Repetition_Concert_ZanmariBar\u00e9_Apprentis_CFAA_FORMATERRA_3-73x73.jpg 73w, https:\/\/formaterra.re\/wp-content\/uploads\/2021\/06\/Repetition_Concert_ZanmariBar\u00e9_Apprentis_CFAA_FORMATERRA_3-174x174.jpg 174w, https:\/\/formaterra.re\/wp-content\/uploads\/2021\/06\/Repetition_Concert_ZanmariBar\u00e9_Apprentis_CFAA_FORMATERRA_3-250x250.jpg 250w\" sizes=\"(max-width: 150px) 100vw, 150px\" \/><\/a>\n\t\t\t<\/div><\/figure><figure class='gallery-item'>\n\t\t\t<div class='gallery-icon landscape'>\n\t\t\t\t<a href='https:\/\/formaterra.re\/index.php\/2021\/06\/22\/restitution-dun-projet-pedagogique-rythme-avec-zanmari-bare-au-cfaa-formaterra\/zanmari_bare_apprentis_cfaa_formaterra_2\/'><img loading=\"lazy\" decoding=\"async\" width=\"150\" height=\"150\" src=\"https:\/\/formaterra.re\/wp-content\/uploads\/2021\/06\/Zanmari_BARE_Apprentis_CFAA_FORMATERRA_2-150x150.jpg\" class=\"attachment-thumbnail size-thumbnail\" alt=\"\" srcset=\"https:\/\/formaterra.re\/wp-content\/uploads\/2021\/06\/Zanmari_BARE_Apprentis_CFAA_FORMATERRA_2-150x150.jpg 150w, https:\/\/formaterra.re\/wp-content\/uploads\/2021\/06\/Zanmari_BARE_Apprentis_CFAA_FORMATERRA_2-73x73.jpg 73w, https:\/\/formaterra.re\/wp-content\/uploads\/2021\/06\/Zanmari_BARE_Apprentis_CFAA_FORMATERRA_2-174x174.jpg 174w, https:\/\/formaterra.re\/wp-content\/uploads\/2021\/06\/Zanmari_BARE_Apprentis_CFAA_FORMATERRA_2-250x250.jpg 250w\" sizes=\"(max-width: 150px) 100vw, 150px\" \/><\/a>\n\t\t\t<\/div><\/figure><figure class='gallery-item'>\n\t\t\t<div class='gallery-icon portrait'>\n\t\t\t\t<a href='https:\/\/formaterra.re\/index.php\/2021\/06\/22\/restitution-dun-projet-pedagogique-rythme-avec-zanmari-bare-au-cfaa-formaterra\/concert_zanmaribare_apprentis_cfaa_formaterra\/'><img loading=\"lazy\" decoding=\"async\" width=\"150\" height=\"150\" src=\"https:\/\/formaterra.re\/wp-content\/uploads\/2021\/06\/Concert_ZanmariBar\u00e9_Apprentis_CFAA_FORMATERRA-150x150.jpg\" class=\"attachment-thumbnail size-thumbnail\" alt=\"\" srcset=\"https:\/\/formaterra.re\/wp-content\/uploads\/2021\/06\/Concert_ZanmariBar\u00e9_Apprentis_CFAA_FORMATERRA-150x150.jpg 150w, https:\/\/formaterra.re\/wp-content\/uploads\/2021\/06\/Concert_ZanmariBar\u00e9_Apprentis_CFAA_FORMATERRA-73x73.jpg 73w, https:\/\/formaterra.re\/wp-content\/uploads\/2021\/06\/Concert_ZanmariBar\u00e9_Apprentis_CFAA_FORMATERRA-174x174.jpg 174w, https:\/\/formaterra.re\/wp-content\/uploads\/2021\/06\/Concert_ZanmariBar\u00e9_Apprentis_CFAA_FORMATERRA-250x250.jpg 250w\" sizes=\"(max-width: 150px) 100vw, 150px\" \/><\/a>\n\t\t\t<\/div><\/figure><figure class='gallery-item'>\n\t\t\t<div class='gallery-icon landscape'>\n\t\t\t\t<a href='https:\/\/formaterra.re\/index.php\/2021\/06\/22\/restitution-dun-projet-pedagogique-rythme-avec-zanmari-bare-au-cfaa-formaterra\/concert_zanmaribare_apprentis_cfaa_formaterra_2_\/'><img loading=\"lazy\" decoding=\"async\" width=\"150\" height=\"150\" src=\"https:\/\/formaterra.re\/wp-content\/uploads\/2021\/06\/Concert_ZanmariBar\u00e9_Apprentis_CFAA_FORMATERRA_2_-150x150.jpg\" class=\"attachment-thumbnail size-thumbnail\" alt=\"\" srcset=\"https:\/\/formaterra.re\/wp-content\/uploads\/2021\/06\/Concert_ZanmariBar\u00e9_Apprentis_CFAA_FORMATERRA_2_-150x150.jpg 150w, https:\/\/formaterra.re\/wp-content\/uploads\/2021\/06\/Concert_ZanmariBar\u00e9_Apprentis_CFAA_FORMATERRA_2_-73x73.jpg 73w, https:\/\/formaterra.re\/wp-content\/uploads\/2021\/06\/Concert_ZanmariBar\u00e9_Apprentis_CFAA_FORMATERRA_2_-174x174.jpg 174w, https:\/\/formaterra.re\/wp-content\/uploads\/2021\/06\/Concert_ZanmariBar\u00e9_Apprentis_CFAA_FORMATERRA_2_-250x250.jpg 250w\" sizes=\"(max-width: 150px) 100vw, 150px\" \/><\/a>\n\t\t\t<\/div><\/figure>\n\t\t<\/div>\n<\/p>\t\t\t\t\t\t<\/div>\n\t\t\t\t<\/div>\n\t\t\t\t<div class=\"elementor-element elementor-element-7122198e elementor-button-success elementor-widget elementor-widget-button\" data-id=\"7122198e\" data-element_type=\"widget\" data-widget_type=\"button.default\">\n\t\t\t\t<div class=\"elementor-widget-container\">\n\t\t\t\t\t<div class=\"elementor-button-wrapper\">\n\t\t\t<a class=\"elementor-button elementor-button-link elementor-size-sm elementor-animation-grow\" href=\"https:\/\/youtu.be\/Zgo5RU2YXPk\" target=\"_blank\">\n\t\t\t\t\t\t<span class=\"elementor-button-content-wrapper\">\n\t\t\t\t\t\t<span class=\"elementor-button-icon elementor-align-icon-left\">\n\t\t\t\t<i aria-hidden=\"true\" class=\"fab fa-youtube\"><\/i>\t\t\t<\/span>\n\t\t\t\t\t\t<span class=\"elementor-button-text\">D\u00e9couvrez la chanson en vid\u00e9o sur notre cha\u00eene Youtube ICI<\/span>\n\t\t<\/span>\n\t\t\t\t\t<\/a>\n\t\t<\/div>\n\t\t\t\t<\/div>\n\t\t\t\t<\/div>\n\t\t\t\t<div class=\"elementor-element elementor-element-5ba2d00 elementor-button-warning elementor-widget elementor-widget-button\" data-id=\"5ba2d00\" data-element_type=\"widget\" data-widget_type=\"button.default\">\n\t\t\t\t<div class=\"elementor-widget-container\">\n\t\t\t\t\t<div class=\"elementor-button-wrapper\">\n\t\t\t<a class=\"elementor-button elementor-button-link elementor-size-sm elementor-animation-grow\" href=\"https:\/\/formaterra.re\/index.php\/cfaa\/\" target=\"_blank\">\n\t\t\t\t\t\t<span class=\"elementor-button-content-wrapper\">\n\t\t\t\t\t\t<span class=\"elementor-button-text\">Plus d'informations sur le CFAA FORMA'TERRA ici <\/span>\n\t\t<\/span>\n\t\t\t\t\t<\/a>\n\t\t<\/div>\n\t\t\t\t<\/div>\n\t\t\t\t<\/div>\n\t\t\t\t<div class=\"elementor-element elementor-element-35878fbe elementor-widget elementor-widget-spacer\" data-id=\"35878fbe\" data-element_type=\"widget\" data-widget_type=\"spacer.default\">\n\t\t\t\t<div class=\"elementor-widget-container\">\n\t\t\t\t\t<div class=\"elementor-spacer\">\n\t\t\t<div class=\"elementor-spacer-inner\"><\/div>\n\t\t<\/div>\n\t\t\t\t<\/div>\n\t\t\t\t<\/div>\n\t\t\t\t<div class=\"elementor-element elementor-element-347efd07 elementor-widget elementor-widget-spacer\" data-id=\"347efd07\" data-element_type=\"widget\" data-widget_type=\"spacer.default\">\n\t\t\t\t<div class=\"elementor-widget-container\">\n\t\t\t\t\t<div class=\"elementor-spacer\">\n\t\t\t<div class=\"elementor-spacer-inner\"><\/div>\n\t\t<\/div>\n\t\t\t\t<\/div>\n\t\t\t\t<\/div>\n\t\t\t\t\t<\/div>\n\t\t<\/div>\n\t\t\t\t\t<\/div>\n\t\t<\/section>\n\t\t\t\t<section class=\"elementor-section elementor-top-section elementor-element elementor-element-6199e814 elementor-section-boxed elementor-section-height-default elementor-section-height-default\" data-id=\"6199e814\" data-element_type=\"section\">\n\t\t\t\t\t\t<div class=\"elementor-container elementor-column-gap-default\">\n\t\t\t\t\t<div class=\"elementor-column elementor-col-50 elementor-top-column elementor-element elementor-element-2463097d\" data-id=\"2463097d\" data-element_type=\"column\">\n\t\t\t<div class=\"elementor-widget-wrap\">\n\t\t\t\t\t\t\t<\/div>\n\t\t<\/div>\n\t\t\t\t<div class=\"elementor-column elementor-col-50 elementor-top-column elementor-element elementor-element-5c8301c6\" data-id=\"5c8301c6\" data-element_type=\"column\">\n\t\t\t<div class=\"elementor-widget-wrap\">\n\t\t\t\t\t\t\t<\/div>\n\t\t<\/div>\n\t\t\t\t\t<\/div>\n\t\t<\/section>\n\t\t\t\t<\/div>\n\t\t","protected":false},"excerpt":{"rendered":"<p>Zanmari BAR\u00c9 &amp; les apprenti(e)s du CFAA FORMA\u2019TERRA : RESTITUTION PROJET P\u00c9DAGOGIQUE AUX RYTHMES DU MALOYA FORMA&rsquo;TERRA : VALORISATION DU MALOYA, PATRIMOINE CULTUREL Ce 22 juin 2021, les apprenti.e.s du<a href=\"https:\/\/formaterra.re\/index.php\/2021\/06\/22\/restitution-dun-projet-pedagogique-rythme-avec-zanmari-bare-au-cfaa-formaterra\/\">[&#8230;]<\/a><\/p>\n","protected":false},"author":2,"featured_media":12990,"comment_status":"closed","ping_status":"open","sticky":false,"template":"elementor_header_footer","format":"standard","meta":{"footnotes":""},"categories":[6,11,9],"tags":[158,103,160,39,120,134,123,159],"class_list":["post-12988","post","type-post","status-publish","format-standard","has-post-thumbnail","hentry","category-actu","category-evenement","category-formations","tag-cestfaitpourmoi","tag-cfaa","tag-culture","tag-enseignement-agricole","tag-formaterra","tag-lareunion","tag-laventureduvivant","tag-patrimoine"],"_links":{"self":[{"href":"https:\/\/formaterra.re\/index.php\/wp-json\/wp\/v2\/posts\/12988","targetHints":{"allow":["GET"]}}],"collection":[{"href":"https:\/\/formaterra.re\/index.php\/wp-json\/wp\/v2\/posts"}],"about":[{"href":"https:\/\/formaterra.re\/index.php\/wp-json\/wp\/v2\/types\/post"}],"author":[{"embeddable":true,"href":"https:\/\/formaterra.re\/index.php\/wp-json\/wp\/v2\/users\/2"}],"replies":[{"embeddable":true,"href":"https:\/\/formaterra.re\/index.php\/wp-json\/wp\/v2\/comments?post=12988"}],"version-history":[{"count":9,"href":"https:\/\/formaterra.re\/index.php\/wp-json\/wp\/v2\/posts\/12988\/revisions"}],"predecessor-version":[{"id":13267,"href":"https:\/\/formaterra.re\/index.php\/wp-json\/wp\/v2\/posts\/12988\/revisions\/13267"}],"wp:featuredmedia":[{"embeddable":true,"href":"https:\/\/formaterra.re\/index.php\/wp-json\/wp\/v2\/media\/12990"}],"wp:attachment":[{"href":"https:\/\/formaterra.re\/index.php\/wp-json\/wp\/v2\/media?parent=12988"}],"wp:term":[{"taxonomy":"category","embeddable":true,"href":"https:\/\/formaterra.re\/index.php\/wp-json\/wp\/v2\/categories?post=12988"},{"taxonomy":"post_tag","embeddable":true,"href":"https:\/\/formaterra.re\/index.php\/wp-json\/wp\/v2\/tags?post=12988"}],"curies":[{"name":"wp","href":"https:\/\/api.w.org\/{rel}","templated":true}]}}