{"id":14366,"date":"2022-08-29T18:01:48","date_gmt":"2022-08-29T14:01:48","guid":{"rendered":"https:\/\/formaterra.re\/?p=14366"},"modified":"2022-08-29T18:41:10","modified_gmt":"2022-08-29T14:41:10","slug":"appel-a-candidatures-vsc-encourager-la-preservation-de-lenvironnement","status":"publish","type":"post","link":"https:\/\/formaterra.re\/index.php\/2022\/08\/29\/appel-a-candidatures-vsc-encourager-la-preservation-de-lenvironnement\/","title":{"rendered":"APPEL A CANDIDATURES : VSC ENVIRONNEMENT \u00a0\u00bb Encourager la pr\u00e9servation de l&rsquo;environnement\u00a0\u00bb"},"content":{"rendered":"\t\t<div data-elementor-type=\"wp-post\" data-elementor-id=\"14366\" class=\"elementor elementor-14366\">\n\t\t\t\t\t\t<section class=\"elementor-section elementor-top-section elementor-element elementor-element-308c066a elementor-section-boxed elementor-section-height-default elementor-section-height-default\" data-id=\"308c066a\" data-element_type=\"section\">\n\t\t\t\t\t\t<div class=\"elementor-container elementor-column-gap-default\">\n\t\t\t\t\t<div class=\"elementor-column elementor-col-100 elementor-top-column elementor-element elementor-element-664f0c81\" data-id=\"664f0c81\" data-element_type=\"column\">\n\t\t\t<div class=\"elementor-widget-wrap elementor-element-populated\">\n\t\t\t\t\t\t<div class=\"elementor-element elementor-element-4f8182f0 elementor-widget elementor-widget-spacer\" data-id=\"4f8182f0\" data-element_type=\"widget\" data-widget_type=\"spacer.default\">\n\t\t\t\t<div class=\"elementor-widget-container\">\n\t\t\t\t\t<div class=\"elementor-spacer\">\n\t\t\t<div class=\"elementor-spacer-inner\"><\/div>\n\t\t<\/div>\n\t\t\t\t<\/div>\n\t\t\t\t<\/div>\n\t\t\t\t\t<\/div>\n\t\t<\/div>\n\t\t\t\t\t<\/div>\n\t\t<\/section>\n\t\t\t\t<section class=\"elementor-section elementor-top-section elementor-element elementor-element-30cba4b8 elementor-section-boxed elementor-section-height-default elementor-section-height-default\" data-id=\"30cba4b8\" data-element_type=\"section\">\n\t\t\t\t\t\t<div class=\"elementor-container elementor-column-gap-default\">\n\t\t\t\t\t<div class=\"elementor-column elementor-col-100 elementor-top-column elementor-element elementor-element-6c88ffc5\" data-id=\"6c88ffc5\" data-element_type=\"column\">\n\t\t\t<div class=\"elementor-widget-wrap elementor-element-populated\">\n\t\t\t\t\t\t<div class=\"elementor-element elementor-element-44d98107 elementor-widget elementor-widget-spacer\" data-id=\"44d98107\" data-element_type=\"widget\" data-widget_type=\"spacer.default\">\n\t\t\t\t<div class=\"elementor-widget-container\">\n\t\t\t\t\t<div class=\"elementor-spacer\">\n\t\t\t<div class=\"elementor-spacer-inner\"><\/div>\n\t\t<\/div>\n\t\t\t\t<\/div>\n\t\t\t\t<\/div>\n\t\t\t\t\t<\/div>\n\t\t<\/div>\n\t\t\t\t\t<\/div>\n\t\t<\/section>\n\t\t\t\t<section class=\"elementor-section elementor-top-section elementor-element elementor-element-74fe1905 elementor-section-boxed elementor-section-height-default elementor-section-height-default\" data-id=\"74fe1905\" data-element_type=\"section\">\n\t\t\t\t\t\t<div class=\"elementor-container elementor-column-gap-default\">\n\t\t\t\t\t<div class=\"elementor-column elementor-col-100 elementor-top-column elementor-element elementor-element-438042c6\" data-id=\"438042c6\" data-element_type=\"column\">\n\t\t\t<div class=\"elementor-widget-wrap elementor-element-populated\">\n\t\t\t\t\t\t<div class=\"elementor-element elementor-element-e97a2e3 elementor-widget elementor-widget-heading\" data-id=\"e97a2e3\" data-element_type=\"widget\" data-widget_type=\"heading.default\">\n\t\t\t\t<div class=\"elementor-widget-container\">\n\t\t\t<h1 class=\"elementor-heading-title elementor-size-default\"><h1 itemprop=\"headline\">APPEL A CANDIDATURES : VSC ENVIRONNEMENT <br>\"Encourager la pr\u00e9servation de l'environnement\" (H\/F) <\/h1><\/h1>\t\t<\/div>\n\t\t\t\t<\/div>\n\t\t\t\t\t<\/div>\n\t\t<\/div>\n\t\t\t\t\t<\/div>\n\t\t<\/section>\n\t\t\t\t<section class=\"elementor-section elementor-top-section elementor-element elementor-element-739d0a81 elementor-section-boxed elementor-section-height-default elementor-section-height-default\" data-id=\"739d0a81\" data-element_type=\"section\">\n\t\t\t\t\t\t<div class=\"elementor-container elementor-column-gap-default\">\n\t\t\t\t\t<div class=\"elementor-column elementor-col-100 elementor-top-column elementor-element elementor-element-39cd4b46\" data-id=\"39cd4b46\" data-element_type=\"column\">\n\t\t\t<div class=\"elementor-widget-wrap elementor-element-populated\">\n\t\t\t\t\t\t<div class=\"elementor-element elementor-element-635c014b elementor-widget elementor-widget-spacer\" data-id=\"635c014b\" data-element_type=\"widget\" data-widget_type=\"spacer.default\">\n\t\t\t\t<div class=\"elementor-widget-container\">\n\t\t\t\t\t<div class=\"elementor-spacer\">\n\t\t\t<div class=\"elementor-spacer-inner\"><\/div>\n\t\t<\/div>\n\t\t\t\t<\/div>\n\t\t\t\t<\/div>\n\t\t\t\t\t<\/div>\n\t\t<\/div>\n\t\t\t\t\t<\/div>\n\t\t<\/section>\n\t\t\t\t<section class=\"elementor-section elementor-top-section elementor-element elementor-element-1a01fb04 elementor-section-boxed elementor-section-height-default elementor-section-height-default\" data-id=\"1a01fb04\" data-element_type=\"section\">\n\t\t\t\t\t\t<div class=\"elementor-container elementor-column-gap-default\">\n\t\t\t\t\t<div class=\"elementor-column elementor-col-50 elementor-top-column elementor-element elementor-element-15b5e247\" data-id=\"15b5e247\" data-element_type=\"column\">\n\t\t\t<div class=\"elementor-widget-wrap elementor-element-populated\">\n\t\t\t\t\t\t<div class=\"elementor-element elementor-element-1a0d93e9 elementor-widget elementor-widget-image\" data-id=\"1a0d93e9\" data-element_type=\"widget\" data-widget_type=\"image.default\">\n\t\t\t\t<div class=\"elementor-widget-container\">\n\t\t\t\t\t\t\t\t\t\t\t\t\t<img fetchpriority=\"high\" decoding=\"async\" width=\"730\" height=\"730\" src=\"https:\/\/formaterra.re\/wp-content\/uploads\/2022\/08\/logo_IRI.jpg\" class=\"attachment-full size-full wp-image-14367\" alt=\"\" srcset=\"https:\/\/formaterra.re\/wp-content\/uploads\/2022\/08\/logo_IRI.jpg 730w, https:\/\/formaterra.re\/wp-content\/uploads\/2022\/08\/logo_IRI-300x300.jpg 300w, https:\/\/formaterra.re\/wp-content\/uploads\/2022\/08\/logo_IRI-150x150.jpg 150w, https:\/\/formaterra.re\/wp-content\/uploads\/2022\/08\/logo_IRI-73x73.jpg 73w, https:\/\/formaterra.re\/wp-content\/uploads\/2022\/08\/logo_IRI-174x174.jpg 174w, https:\/\/formaterra.re\/wp-content\/uploads\/2022\/08\/logo_IRI-250x250.jpg 250w\" sizes=\"(max-width: 730px) 100vw, 730px\" \/>\t\t\t\t\t\t\t\t\t\t\t\t\t<\/div>\n\t\t\t\t<\/div>\n\t\t\t\t\t<\/div>\n\t\t<\/div>\n\t\t\t\t<div class=\"elementor-column elementor-col-50 elementor-top-column elementor-element elementor-element-170ed859\" data-id=\"170ed859\" data-element_type=\"column\">\n\t\t\t<div class=\"elementor-widget-wrap elementor-element-populated\">\n\t\t\t\t\t\t<div class=\"elementor-element elementor-element-41800461 elementor-widget elementor-widget-heading\" data-id=\"41800461\" data-element_type=\"widget\" data-widget_type=\"heading.default\">\n\t\t\t\t<div class=\"elementor-widget-container\">\n\t\t\t<h3 class=\"elementor-heading-title elementor-size-default\">L'ORGANISME<\/h3>\t\t<\/div>\n\t\t\t\t<\/div>\n\t\t\t\t<div class=\"elementor-element elementor-element-bbfe964 elementor-widget elementor-widget-text-editor\" data-id=\"bbfe964\" data-element_type=\"widget\" data-widget_type=\"text-editor.default\">\n\t\t\t\t<div class=\"elementor-widget-container\">\n\t\t\t\t\t\t\t<div style=\"text-align: center;\"><strong>IRI, l\u2019Initiative pour la Restauration \u00e9cologique en milieu Insulaire<\/strong>, est une association loi de 1901 cr\u00e9\u00e9e en juillet 2020, avec pour objectif de\u00a0contribuer \u00e0 la restauration \u00e9cologique ainsi qu\u2019\u00e0 la gestion p\u00e9renne d\u2019habitats naturels terrestres, c\u00f4tiers ou marins, et au r\u00e9tablissement des populations d\u2019esp\u00e8ces de flore et faune menac\u00e9es.<\/div><div>\u00a0<\/div><div style=\"text-align: center;\"><strong>IRI recrute un VSC ENVIRONNEMENT \u00ab\u00a0Encourager la pr\u00e9servation de l&rsquo;environnement\u00a0\u00bb \u00a0(H\/F)<br \/><\/strong><\/div>\t\t\t\t\t\t<\/div>\n\t\t\t\t<\/div>\n\t\t\t\t<div class=\"elementor-element elementor-element-45198bb elementor-widget elementor-widget-heading\" data-id=\"45198bb\" data-element_type=\"widget\" data-widget_type=\"heading.default\">\n\t\t\t\t<div class=\"elementor-widget-container\">\n\t\t\t<h3 class=\"elementor-heading-title elementor-size-default\">VOS MISSIONS<\/h3>\t\t<\/div>\n\t\t\t\t<\/div>\n\t\t\t\t<div class=\"elementor-element elementor-element-2af1081b elementor-widget elementor-widget-text-editor\" data-id=\"2af1081b\" data-element_type=\"widget\" data-widget_type=\"text-editor.default\">\n\t\t\t\t<div class=\"elementor-widget-container\">\n\t\t\t\t\t\t\t<p style=\"text-align: left;\"><span style=\"color: #808080; font-family: Roboto; font-style: normal; font-weight: 400;\">La mission a pour objectif l&rsquo;int\u00e9r\u00eat g\u00e9n\u00e9ral : pr\u00e9server l&rsquo;environnement et la biodiversit\u00e9.<\/span><\/p><p style=\"text-align: left;\"><span style=\"color: #808080;\">Le volontaire sera amen\u00e9 \u00e0 : <\/span><\/p><ul><li style=\"text-align: left;\"><span style=\"color: #808080;\">Prot\u00e9ger la nature<\/span><\/li><li style=\"text-align: left;\"><span style=\"color: #808080;\">Aller \u00e0 la rencontre du public, notamment des jeunes, pour les sensibiliser \u00e0 la pr\u00e9servation de l&rsquo;environnement et de la biodiversit\u00e9<\/span><\/li><li style=\"text-align: left;\"><span style=\"color: #808080;\">Valoriser et faire re-d\u00e9couvrir \u00e0 la population les espaces naturels du territoire par l&rsquo;organisation de sorties et d&rsquo;ateliers p\u00e9dagogiques<\/span><\/li><li style=\"text-align: left;\"><span style=\"color: #808080;\">Participer \u00e0 des \u00e9v\u00e8nements en faveur de la promotion des espaces naturels<\/span><\/li><li style=\"text-align: left;\"><span style=\"color: #808080;\">Favoriser les espaces de nature en milieux urbains.<\/span><\/li><\/ul>\t\t\t\t\t\t<\/div>\n\t\t\t\t<\/div>\n\t\t\t\t<div class=\"elementor-element elementor-element-3bb84d51 elementor-widget elementor-widget-heading\" data-id=\"3bb84d51\" data-element_type=\"widget\" data-widget_type=\"heading.default\">\n\t\t\t\t<div class=\"elementor-widget-container\">\n\t\t\t<h3 class=\"elementor-heading-title elementor-size-default\">CONDITIONS<\/h3>\t\t<\/div>\n\t\t\t\t<\/div>\n\t\t\t\t<div class=\"elementor-element elementor-element-3454dc86 elementor-widget elementor-widget-text-editor\" data-id=\"3454dc86\" data-element_type=\"widget\" data-widget_type=\"text-editor.default\">\n\t\t\t\t<div class=\"elementor-widget-container\">\n\t\t\t\t\t\t\t<h2 style=\"text-align: left;\"><span style=\"color: #808080;\">Formations obligatoires :<\/span><\/h2><p style=\"text-align: left;\"><span style=\"color: #808080;\">Pendant sa mission, le volontaire b\u00e9n\u00e9ficie de la formation certifiante PSC1 pour acqu\u00e9rir les gestes de premiers secours et d&rsquo;une formation civique et citoyenne (contenu et format variables selon l&rsquo;organisme d&rsquo;accueil : conf\u00e9rence, d\u00e9bat&#8230;). Ces deux formations doivent obligatoirement \u00eatre organis\u00e9es par l&rsquo;organisme d&rsquo;accueil et r\u00e9alis\u00e9es pendant la p\u00e9riode d&rsquo;engagement en Service Civique.<\/span><\/p><h2 style=\"text-align: left;\"><span style=\"color: #808080;\">Tutorat et accompagnement :<\/span><\/h2><p style=\"text-align: left;\"><span style=\"color: #808080;\">Le volontaire est \u00e9galement accompagn\u00e9 par un tuteur r\u00e9f\u00e9rent au sein de l&rsquo;organisme d&rsquo;accueil pour mener \u00e0 bien sa mission. Le tuteur aide \u00e9galement le volontaire \u00e0 r\u00e9fl\u00e9chir \u00e0 son projet d&rsquo;avenir \u00e0 l&rsquo;issue de son Service Civique et r\u00e9alise son bilan nominatif.<\/span><\/p><p style=\"text-align: left;\"><span style=\"color: #808080;\"><strong>Structure tierce accueillant le volontaire :<\/strong> Association Initiative pour la Restauration Insulaire (IRI) bas\u00e9 \u00e0 Saint-Pierre avec<\/span><span style=\"color: #808080;\"> d\u00e9placements \u00e0 pr\u00e9voir : St Joseph, Plaine des Gr\u00e8gues (ETRE MOBILE).<\/span><\/p><p style=\"text-align: left;\"><span style=\"color: #808080;\"><strong>Dur\u00e9e du contrat : <\/strong>VSC 8 mois<\/span><\/p>\t\t\t\t\t\t<\/div>\n\t\t\t\t<\/div>\n\t\t\t\t<div class=\"elementor-element elementor-element-031e072 elementor-widget elementor-widget-heading\" data-id=\"031e072\" data-element_type=\"widget\" data-widget_type=\"heading.default\">\n\t\t\t\t<div class=\"elementor-widget-container\">\n\t\t\t<h3 class=\"elementor-heading-title elementor-size-default\">PROFIL<\/h3>\t\t<\/div>\n\t\t\t\t<\/div>\n\t\t\t\t<div class=\"elementor-element elementor-element-2c86b86 elementor-widget elementor-widget-text-editor\" data-id=\"2c86b86\" data-element_type=\"widget\" data-widget_type=\"text-editor.default\">\n\t\t\t\t<div class=\"elementor-widget-container\">\n\t\t\t\t\t\t\t<h2 class=\"text-mission has-context-color size-2\" style=\"text-align: left;\"><span style=\"color: #808080;\">Capacit\u00e9 d\u2019initiative :<\/span><\/h2><p class=\"size-5\" style=\"text-align: left;\"><span style=\"color: #808080;\">Le volontaire en Service Civique peut-\u00eatre force de proposition et faire \u00e9voluer le contenu de sa mission.<\/span><\/p><ul><li class=\"size-5 text-break-all ng-star-inserted\" style=\"text-align: left;\"><span style=\"color: #808080;\">Int\u00e9r\u00eat pour la conservation de la flore et de la faune<\/span><\/li><li class=\"size-5 text-break-all ng-star-inserted\" style=\"text-align: left;\"><span style=\"color: #808080;\">Dynamisme, sens du relationnel et travail en \u00e9quipe <\/span><\/li><li class=\"size-5 text-break-all ng-star-inserted\" style=\"text-align: left;\"><span style=\"color: #808080;\">Capacit\u00e9 d&rsquo;initiative<\/span><\/li><\/ul>\t\t\t\t\t\t<\/div>\n\t\t\t\t<\/div>\n\t\t\t\t<div class=\"elementor-element elementor-element-3bc4b90b elementor-widget elementor-widget-heading\" data-id=\"3bc4b90b\" data-element_type=\"widget\" data-widget_type=\"heading.default\">\n\t\t\t\t<div class=\"elementor-widget-container\">\n\t\t\t<h3 class=\"elementor-heading-title elementor-size-default\">POUR POSTULER<\/h3>\t\t<\/div>\n\t\t\t\t<\/div>\n\t\t\t\t<div class=\"elementor-element elementor-element-46355fcb elementor-widget elementor-widget-text-editor\" data-id=\"46355fcb\" data-element_type=\"widget\" data-widget_type=\"text-editor.default\">\n\t\t\t\t<div class=\"elementor-widget-container\">\n\t\t\t\t\t\t\t<p><span style=\"color: #050505; font-family: 'Segoe UI Historic', 'Segoe UI', Helvetica, Arial, sans-serif; font-size: 15px; font-style: normal; font-weight: 400; text-align: start; white-space: pre-wrap;\">Pour postuler rdv sur le site de l&rsquo;agence du service civique : <span style=\"color: #0000ff;\"><strong><a style=\"color: #0000ff;\" href=\"https:\/\/www.service-civique.gouv.fr\/trouver-ma-mission\/encourager-la-preservation-de-lenvironnement-saint-pierre-deplacemt-st-joseph-plaine-des-gregues-62ce92d24421f92638677535?fbclid=iwar3s_44tdix4hqbni1dpctjnhnwdesclrzfmookkdefvbfhxizx9xgdkuf8\">CLIQUEZ ICI<\/a><\/strong><\/span><\/span><\/p>\t\t\t\t\t\t<\/div>\n\t\t\t\t<\/div>\n\t\t\t\t\t<\/div>\n\t\t<\/div>\n\t\t\t\t\t<\/div>\n\t\t<\/section>\n\t\t\t\t<section class=\"elementor-section elementor-top-section elementor-element elementor-element-7f8e9da2 elementor-section-boxed elementor-section-height-default elementor-section-height-default\" data-id=\"7f8e9da2\" data-element_type=\"section\">\n\t\t\t\t\t\t<div class=\"elementor-container elementor-column-gap-default\">\n\t\t\t\t\t<div class=\"elementor-column elementor-col-50 elementor-top-column elementor-element elementor-element-3d114cf7\" data-id=\"3d114cf7\" data-element_type=\"column\">\n\t\t\t<div class=\"elementor-widget-wrap\">\n\t\t\t\t\t\t\t<\/div>\n\t\t<\/div>\n\t\t\t\t<div class=\"elementor-column elementor-col-50 elementor-top-column elementor-element elementor-element-a7a0737\" data-id=\"a7a0737\" data-element_type=\"column\">\n\t\t\t<div class=\"elementor-widget-wrap elementor-element-populated\">\n\t\t\t\t\t\t<div class=\"elementor-element elementor-element-50699cd elementor-align-center elementor-widget elementor-widget-button\" data-id=\"50699cd\" data-element_type=\"widget\" data-widget_type=\"button.default\">\n\t\t\t\t<div class=\"elementor-widget-container\">\n\t\t\t\t\t<div class=\"elementor-button-wrapper\">\n\t\t\t<a class=\"elementor-button elementor-button-link elementor-size-sm elementor-animation-grow\" href=\"https:\/\/www.facebook.com\/InitiativeRestaurationInsulaire\">\n\t\t\t\t\t\t<span class=\"elementor-button-content-wrapper\">\n\t\t\t\t\t\t<span class=\"elementor-button-text\">Plus d'informations sur l'organisme<\/span>\n\t\t<\/span>\n\t\t\t\t\t<\/a>\n\t\t<\/div>\n\t\t\t\t<\/div>\n\t\t\t\t<\/div>\n\t\t\t\t\t<\/div>\n\t\t<\/div>\n\t\t\t\t\t<\/div>\n\t\t<\/section>\n\t\t\t\t<\/div>\n\t\t","protected":false},"excerpt":{"rendered":"<p>APPEL A CANDIDATURES : VSC ENVIRONNEMENT \u00ab\u00a0Encourager la pr\u00e9servation de l&rsquo;environnement\u00a0\u00bb (H\/F) L&rsquo;ORGANISME IRI, l\u2019Initiative pour la Restauration \u00e9cologique en milieu Insulaire, est une association loi de 1901 cr\u00e9\u00e9e en<a href=\"https:\/\/formaterra.re\/index.php\/2022\/08\/29\/appel-a-candidatures-vsc-encourager-la-preservation-de-lenvironnement\/\">[&#8230;]<\/a><\/p>\n","protected":false},"author":2,"featured_media":14367,"comment_status":"closed","ping_status":"open","sticky":false,"template":"elementor_header_footer","format":"standard","meta":{"footnotes":""},"categories":[6,10,8,30,42],"tags":[],"class_list":["post-14366","post","type-post","status-publish","format-standard","has-post-thumbnail","hentry","category-actu","category-agroecologie","category-emploi","category-offres-demploi-de-nos-partenaires","category-offres-emploi-stage"],"_links":{"self":[{"href":"https:\/\/formaterra.re\/index.php\/wp-json\/wp\/v2\/posts\/14366","targetHints":{"allow":["GET"]}}],"collection":[{"href":"https:\/\/formaterra.re\/index.php\/wp-json\/wp\/v2\/posts"}],"about":[{"href":"https:\/\/formaterra.re\/index.php\/wp-json\/wp\/v2\/types\/post"}],"author":[{"embeddable":true,"href":"https:\/\/formaterra.re\/index.php\/wp-json\/wp\/v2\/users\/2"}],"replies":[{"embeddable":true,"href":"https:\/\/formaterra.re\/index.php\/wp-json\/wp\/v2\/comments?post=14366"}],"version-history":[{"count":8,"href":"https:\/\/formaterra.re\/index.php\/wp-json\/wp\/v2\/posts\/14366\/revisions"}],"predecessor-version":[{"id":14376,"href":"https:\/\/formaterra.re\/index.php\/wp-json\/wp\/v2\/posts\/14366\/revisions\/14376"}],"wp:featuredmedia":[{"embeddable":true,"href":"https:\/\/formaterra.re\/index.php\/wp-json\/wp\/v2\/media\/14367"}],"wp:attachment":[{"href":"https:\/\/formaterra.re\/index.php\/wp-json\/wp\/v2\/media?parent=14366"}],"wp:term":[{"taxonomy":"category","embeddable":true,"href":"https:\/\/formaterra.re\/index.php\/wp-json\/wp\/v2\/categories?post=14366"},{"taxonomy":"post_tag","embeddable":true,"href":"https:\/\/formaterra.re\/index.php\/wp-json\/wp\/v2\/tags?post=14366"}],"curies":[{"name":"wp","href":"https:\/\/api.w.org\/{rel}","templated":true}]}}