{"id":14406,"date":"2022-09-05T16:14:07","date_gmt":"2022-09-05T12:14:07","guid":{"rendered":"https:\/\/formaterra.re\/?p=14406"},"modified":"2022-09-05T16:14:08","modified_gmt":"2022-09-05T12:14:08","slug":"offre-demploi-chargee-de-projets-et-de-controles-des-installations-dassainissement-non-collectif","status":"publish","type":"post","link":"https:\/\/formaterra.re\/index.php\/2022\/09\/05\/offre-demploi-chargee-de-projets-et-de-controles-des-installations-dassainissement-non-collectif\/","title":{"rendered":"OFFRE D&rsquo;EMPLOI : CHARG\u00c9(E) DE PROJETS ET DE CONTR\u00d4LES DES INSTALLATIONS D\u2019ASSAINISSEMENT NON COLLECTIF"},"content":{"rendered":"\t\t<div data-elementor-type=\"wp-post\" data-elementor-id=\"14406\" class=\"elementor elementor-14406\">\n\t\t\t\t\t\t<section class=\"elementor-section elementor-top-section elementor-element elementor-element-37dc1f5b elementor-section-boxed elementor-section-height-default elementor-section-height-default\" data-id=\"37dc1f5b\" data-element_type=\"section\">\n\t\t\t\t\t\t<div class=\"elementor-container elementor-column-gap-default\">\n\t\t\t\t\t<div class=\"elementor-column elementor-col-100 elementor-top-column elementor-element elementor-element-52a0adb6\" data-id=\"52a0adb6\" data-element_type=\"column\">\n\t\t\t<div class=\"elementor-widget-wrap elementor-element-populated\">\n\t\t\t\t\t\t<div class=\"elementor-element elementor-element-5b4df5dd elementor-widget elementor-widget-spacer\" data-id=\"5b4df5dd\" data-element_type=\"widget\" data-widget_type=\"spacer.default\">\n\t\t\t\t<div class=\"elementor-widget-container\">\n\t\t\t\t\t<div class=\"elementor-spacer\">\n\t\t\t<div class=\"elementor-spacer-inner\"><\/div>\n\t\t<\/div>\n\t\t\t\t<\/div>\n\t\t\t\t<\/div>\n\t\t\t\t\t<\/div>\n\t\t<\/div>\n\t\t\t\t\t<\/div>\n\t\t<\/section>\n\t\t\t\t<section class=\"elementor-section elementor-top-section elementor-element elementor-element-2beaaa71 elementor-section-boxed elementor-section-height-default elementor-section-height-default\" data-id=\"2beaaa71\" data-element_type=\"section\">\n\t\t\t\t\t\t<div class=\"elementor-container elementor-column-gap-default\">\n\t\t\t\t\t<div class=\"elementor-column elementor-col-100 elementor-top-column elementor-element elementor-element-20784042\" data-id=\"20784042\" data-element_type=\"column\">\n\t\t\t<div class=\"elementor-widget-wrap elementor-element-populated\">\n\t\t\t\t\t\t<div class=\"elementor-element elementor-element-7a9134bd elementor-widget elementor-widget-heading\" data-id=\"7a9134bd\" data-element_type=\"widget\" data-widget_type=\"heading.default\">\n\t\t\t\t<div class=\"elementor-widget-container\">\n\t\t\t<h1 class=\"elementor-heading-title elementor-size-default\"><h1 itemprop=\"headline\">OFFRE D\u2019EMPLOI : CHARG\u00c9(E) DE PROJETS ET DE CONTR\u00d4LES\nDES INSTALLATIONS D\u2019ASSAINISSEMENT NON\nCOLLECTIF (H\/F)<\/h1><\/h1>\t\t<\/div>\n\t\t\t\t<\/div>\n\t\t\t\t\t<\/div>\n\t\t<\/div>\n\t\t\t\t\t<\/div>\n\t\t<\/section>\n\t\t\t\t<section class=\"elementor-section elementor-top-section elementor-element elementor-element-6725147b elementor-section-boxed elementor-section-height-default elementor-section-height-default\" data-id=\"6725147b\" data-element_type=\"section\">\n\t\t\t\t\t\t<div class=\"elementor-container elementor-column-gap-default\">\n\t\t\t\t\t<div class=\"elementor-column elementor-col-100 elementor-top-column elementor-element elementor-element-5f875150\" data-id=\"5f875150\" data-element_type=\"column\">\n\t\t\t<div class=\"elementor-widget-wrap elementor-element-populated\">\n\t\t\t\t\t\t<div class=\"elementor-element elementor-element-640240d6 elementor-widget elementor-widget-spacer\" data-id=\"640240d6\" data-element_type=\"widget\" data-widget_type=\"spacer.default\">\n\t\t\t\t<div class=\"elementor-widget-container\">\n\t\t\t\t\t<div class=\"elementor-spacer\">\n\t\t\t<div class=\"elementor-spacer-inner\"><\/div>\n\t\t<\/div>\n\t\t\t\t<\/div>\n\t\t\t\t<\/div>\n\t\t\t\t\t<\/div>\n\t\t<\/div>\n\t\t\t\t\t<\/div>\n\t\t<\/section>\n\t\t\t\t<section class=\"elementor-section elementor-top-section elementor-element elementor-element-5ab5bf9f elementor-section-boxed elementor-section-height-default elementor-section-height-default\" data-id=\"5ab5bf9f\" data-element_type=\"section\">\n\t\t\t\t\t\t<div class=\"elementor-container elementor-column-gap-default\">\n\t\t\t\t\t<div class=\"elementor-column elementor-col-50 elementor-top-column elementor-element elementor-element-6a178f2c\" data-id=\"6a178f2c\" data-element_type=\"column\">\n\t\t\t<div class=\"elementor-widget-wrap elementor-element-populated\">\n\t\t\t\t\t\t<div class=\"elementor-element elementor-element-1efb2ecd elementor-widget elementor-widget-image\" data-id=\"1efb2ecd\" data-element_type=\"widget\" data-widget_type=\"image.default\">\n\t\t\t\t<div class=\"elementor-widget-container\">\n\t\t\t\t\t\t\t\t\t\t\t\t\t<img decoding=\"async\" width=\"134\" height=\"134\" src=\"https:\/\/formaterra.re\/wp-content\/uploads\/2022\/09\/Logo_NIMES_METROPOLE.png\" class=\"attachment-full size-full wp-image-14407\" alt=\"\" srcset=\"https:\/\/formaterra.re\/wp-content\/uploads\/2022\/09\/Logo_NIMES_METROPOLE.png 134w, https:\/\/formaterra.re\/wp-content\/uploads\/2022\/09\/Logo_NIMES_METROPOLE-73x73.png 73w\" sizes=\"(max-width: 134px) 100vw, 134px\" \/>\t\t\t\t\t\t\t\t\t\t\t\t\t<\/div>\n\t\t\t\t<\/div>\n\t\t\t\t\t<\/div>\n\t\t<\/div>\n\t\t\t\t<div class=\"elementor-column elementor-col-50 elementor-top-column elementor-element elementor-element-72b7762d\" data-id=\"72b7762d\" data-element_type=\"column\">\n\t\t\t<div class=\"elementor-widget-wrap elementor-element-populated\">\n\t\t\t\t\t\t<div class=\"elementor-element elementor-element-5d881fbc elementor-widget elementor-widget-heading\" data-id=\"5d881fbc\" data-element_type=\"widget\" data-widget_type=\"heading.default\">\n\t\t\t\t<div class=\"elementor-widget-container\">\n\t\t\t<h3 class=\"elementor-heading-title elementor-size-default\">L' ORGANISME<\/h3>\t\t<\/div>\n\t\t\t\t<\/div>\n\t\t\t\t<div class=\"elementor-element elementor-element-a785935 elementor-widget elementor-widget-text-editor\" data-id=\"a785935\" data-element_type=\"widget\" data-widget_type=\"text-editor.default\">\n\t\t\t\t<div class=\"elementor-widget-container\">\n\t\t\t\t\t\t\t<div style=\"text-align: center;\"><p class=\"bodytext\">Cr\u00e9\u00e9e en 2002, la Communaut\u00e9 d\u2019Agglom\u00e9ration N\u00eemes M\u00e9tropole, est n\u00e9e de la volont\u00e9 de nombreux maires qui se sont rassembl\u00e9s pour porter un projet commun de d\u00e9veloppement du territoire.<\/p><p class=\"bodytext\">En 20 ans, N\u00eemes M\u00e9tropole est devenue une collectivit\u00e9 \u00e0 part enti\u00e8re r\u00e9unissant 39 communes repr\u00e9sent\u00e9es par 104 \u00e9lus communautaires, dont l\u2019action, au travers de diff\u00e9rentes comp\u00e9tences, est d\u00e9sormais inscrite dans le quotidien des quelques 260 000 habitants qui la composent.\u00a0<\/p><p>La Communaut\u00e9 d\u2019Agglom\u00e9ration N\u00eemes M\u00e9tropole recherche un\/une :<\/p><\/div><div style=\"text-align: center;\"><strong>CHARG\u00c9(E) DE PROJETS ET DE CONTR\u00d4LES<\/strong><br \/><strong>DES INSTALLATIONS D\u2019ASSAINISSEMENT NON COLLECTIF (H\/F)<\/strong><\/div><div style=\"text-align: center;\">\u00a0<\/div>\t\t\t\t\t\t<\/div>\n\t\t\t\t<\/div>\n\t\t\t\t<div class=\"elementor-element elementor-element-3c836e9 elementor-widget elementor-widget-heading\" data-id=\"3c836e9\" data-element_type=\"widget\" data-widget_type=\"heading.default\">\n\t\t\t\t<div class=\"elementor-widget-container\">\n\t\t\t<h3 class=\"elementor-heading-title elementor-size-default\">LE METIER<\/h3>\t\t<\/div>\n\t\t\t\t<\/div>\n\t\t\t\t<div class=\"elementor-element elementor-element-6e310e6d elementor-widget elementor-widget-text-editor\" data-id=\"6e310e6d\" data-element_type=\"widget\" data-widget_type=\"text-editor.default\">\n\t\t\t\t<div class=\"elementor-widget-container\">\n\t\t\t\t\t\t\t<ul><li style=\"text-align: left;\"><span style=\"color: #333333;\">Contr\u00f4le la conformit\u00e9 aux r\u00e8glements en mati\u00e8re d\u2019assainissement non collectif.<\/span><\/li><li style=\"text-align: left;\"><span style=\"color: #333333;\">Instruit et contr\u00f4le les dossiers de demande d\u2019installation neuve ou r\u00e9habilit\u00e9e.<\/span><\/li><li style=\"text-align: left;\"><span style=\"color: #333333;\">R\u00e9alise sur le terrain des contr\u00f4les de bon fonctionnement des installations existantes avec <\/span><span style=\"color: #333333;\">production d\u2019un rapport.<\/span><\/li><li style=\"text-align: left;\"><span style=\"color: #333333;\">Apporte un conseil technique aux usagers et les accompagne dans leur d\u00e9marche.<\/span><\/li><li style=\"text-align: left;\"><span style=\"color: #333333;\">Ses missions s\u2019inscrivent dans un objectif de pr\u00e9servation du milieu r\u00e9cepteur et de protection de <\/span><span style=\"color: #333333;\">la ressource en eau, fix\u00e9 par la LEMA. De par ses actions men\u00e9es, il est garant de la pr\u00e9vention <\/span><span style=\"color: #333333;\">des pollutions du milieu.<\/span><\/li><\/ul>\t\t\t\t\t\t<\/div>\n\t\t\t\t<\/div>\n\t\t\t\t<div class=\"elementor-element elementor-element-ec92600 elementor-widget elementor-widget-heading\" data-id=\"ec92600\" data-element_type=\"widget\" data-widget_type=\"heading.default\">\n\t\t\t\t<div class=\"elementor-widget-container\">\n\t\t\t<h3 class=\"elementor-heading-title elementor-size-default\">LES MISSIONS<\/h3>\t\t<\/div>\n\t\t\t\t<\/div>\n\t\t\t\t<div class=\"elementor-element elementor-element-faa0265 elementor-widget elementor-widget-text-editor\" data-id=\"faa0265\" data-element_type=\"widget\" data-widget_type=\"text-editor.default\">\n\t\t\t\t<div class=\"elementor-widget-container\">\n\t\t\t\t\t\t\t<p style=\"text-align: left;\"><span style=\"color: #333333;\">Le charg\u00e9 de projets et de contr\u00f4les des installations d\u2019assainissement non collectif applique les <\/span><span style=\"color: #333333;\">orientations de la collectivit\u00e9 sur le contr\u00f4le, la r\u00e9alisation et la r\u00e9habilitation des installations <\/span><span style=\"color: #333333;\">d\u2019Assainissement Non Collectif sur le territoire intercommunal.<\/span><\/p><ul><li style=\"text-align: left;\"><span style=\"color: #333333;\">Contr\u00f4ler la conformit\u00e9 aux r\u00e8glementations en vigueur en mati\u00e8re de dispositifs d\u2019ANC<\/span><\/li><li style=\"text-align: left;\"><span style=\"color: #333333;\">R\u00e9aliser le contr\u00f4le de bon fonctionnement des installations existantes avec r\u00e9daction <\/span><span style=\"color: #333333;\">d\u2019un rapport<\/span><\/li><li style=\"text-align: left;\"><span style=\"color: #333333;\">Assurer le suivi technique des installations \u00e0 cr\u00e9er ou \u00e0 r\u00e9habiliter :<\/span><\/li><li style=\"text-align: left;\"><span style=\"color: #333333;\">Apporter des conseils techniques aux usagers :<\/span><\/li><\/ul><p style=\"text-align: left;\"><span style=\"text-decoration: underline;\"><strong><span style=\"color: #333333; text-decoration: underline;\">Activit\u00e9s et t\u00e2ches relatives au poste :<\/span><\/strong><\/span><\/p><ul><li style=\"text-align: left;\"><span style=\"color: #333333;\">Contr\u00f4ler la conformit\u00e9 aux r\u00e8glements en mati\u00e8re de dispositifs d\u2019ANC<\/span><\/li><li style=\"text-align: left;\"><span style=\"color: #333333;\">Ma\u00eetriser la r\u00e9glementation en mati\u00e8re d\u2019assainissement non collectif<\/span><\/li><li style=\"text-align: left;\"><span style=\"color: #333333;\">Evaluer le patrimoine et les risques environnementaux et\/ou r\u00e8glementaires<\/span><\/li><li style=\"text-align: left;\"><span style=\"color: #333333;\">V\u00e9rifier la compatibilit\u00e9 des travaux projet\u00e9s<\/span><\/li><li style=\"text-align: left;\"><span style=\"color: #333333;\">Assurer une veille technique et r\u00e9glementaire sur les nouvelles fili\u00e8res<\/span><\/li><li style=\"text-align: left;\"><span style=\"color: #333333;\">Instruire des dossiers et contr\u00f4ler des travaux<\/span><br \/><span style=\"color: #333333;\">Instruire les demandes de cr\u00e9ation et de r\u00e9habilitation d\u2019installations d\u2019ANC <\/span><span style=\"color: #333333;\">(techniques et r\u00e8glementaires)<\/span><\/li><li style=\"text-align: left;\"><span style=\"color: #333333;\">Visite de conception si n\u00e9cessaire<\/span><\/li><li style=\"text-align: left;\"><span style=\"color: #333333;\">R\u00e9diger des avis sur les travaux projet\u00e9s<\/span><\/li><li style=\"text-align: left;\"><span style=\"color: #333333;\">V\u00e9rifier l\u2019ad\u00e9quation des demandes d\u2019urbanisme (permis de construire, permis <\/span><span style=\"color: #333333;\">d\u2019am\u00e9nager, demande pr\u00e9alable) avec les projets d\u2019assainissement autonome <\/span><span style=\"color: #333333;\">correspondants<\/span><\/li><li style=\"text-align: left;\"><span style=\"color: #333333;\">Contr\u00f4ler la bonne ex\u00e9cution des travaux (chantier ouvert) et r\u00e9diger le certificat de la <\/span><span style=\"color: #333333;\">conformit\u00e9<\/span><\/li><li style=\"text-align: left;\"><span style=\"color: #333333;\">Transmettre tous les \u00e9l\u00e9ments pour la facturation<\/span><\/li><li style=\"text-align: left;\"><span style=\"color: #333333;\">Contr\u00f4ler sur le terrain les dispositifs existants avec production d\u2019un rapport<\/span><\/li><li style=\"text-align: left;\"><span style=\"color: #333333;\">R\u00e9aliser ponctuellement le diagnostic \/ le contr\u00f4le de bon fonctionnement des <\/span><span style=\"color: #333333;\">installations existantes<\/span><\/li><li style=\"text-align: left;\"><span style=\"color: #333333;\">Savoir g\u00e9rer son planning horaire<\/span><\/li><li style=\"text-align: left;\"><span style=\"color: #333333;\">Elaborer et produire un rapport technique de contr\u00f4le dans les d\u00e9lais fix\u00e9s<\/span><\/li><\/ul>\t\t\t\t\t\t<\/div>\n\t\t\t\t<\/div>\n\t\t\t\t<div class=\"elementor-element elementor-element-5361d19 elementor-widget elementor-widget-heading\" data-id=\"5361d19\" data-element_type=\"widget\" data-widget_type=\"heading.default\">\n\t\t\t\t<div class=\"elementor-widget-container\">\n\t\t\t<h3 class=\"elementor-heading-title elementor-size-default\">COMP\u00c9TENCES<\/h3>\t\t<\/div>\n\t\t\t\t<\/div>\n\t\t\t\t<div class=\"elementor-element elementor-element-46827e3 elementor-widget elementor-widget-text-editor\" data-id=\"46827e3\" data-element_type=\"widget\" data-widget_type=\"text-editor.default\">\n\t\t\t\t<div class=\"elementor-widget-container\">\n\t\t\t\t\t\t\t<p style=\"text-align: left;\"><span style=\"color: #333333;\">\uf0b7 Avoir de la rigueur et de la m\u00e9thode<\/span><br \/><span style=\"color: #333333;\">\uf0b7 Capacit\u00e9 d\u2019analyse et d\u2019expertise<\/span><br \/><span style=\"color: #333333;\">\uf0b7 Autonomie \/ organisation du travail<\/span><br \/><span style=\"color: #333333;\">\uf0b7 Connaissances des techniques et fili\u00e8res \u00e9puratoires<\/span><br \/><span style=\"color: #333333;\">\uf0b7 Connaissance techniques assainissement non collectif<\/span><br \/><span style=\"color: #333333;\">\uf0b7 Connaissance p\u00e9dologie et caract\u00e9ristiques des sols<\/span><br \/><span style=\"color: #333333;\">\uf0b7 Connaissance li\u00e9e \u00e0 l\u2019urbanisme (PLU, PC, \u2026)<\/span><br \/><span style=\"color: #333333;\">\uf0b7 R\u00e9diger des documents administratifs courants<\/span><br \/><span style=\"color: #333333;\">\uf0b7 Aisance relationnelle<\/span><br \/><span style=\"color: #333333;\">\uf0b7 Aisance r\u00e9dactionnelle<\/span><br \/><span style=\"color: #333333;\">\uf0b7 Ma\u00eetriser les outils informatiques<\/span><\/p>\t\t\t\t\t\t<\/div>\n\t\t\t\t<\/div>\n\t\t\t\t<div class=\"elementor-element elementor-element-34cdb933 elementor-widget elementor-widget-heading\" data-id=\"34cdb933\" data-element_type=\"widget\" data-widget_type=\"heading.default\">\n\t\t\t\t<div class=\"elementor-widget-container\">\n\t\t\t<h3 class=\"elementor-heading-title elementor-size-default\">CONDITIONS<\/h3>\t\t<\/div>\n\t\t\t\t<\/div>\n\t\t\t\t<div class=\"elementor-element elementor-element-1654aa1c elementor-widget elementor-widget-text-editor\" data-id=\"1654aa1c\" data-element_type=\"widget\" data-widget_type=\"text-editor.default\">\n\t\t\t\t<div class=\"elementor-widget-container\">\n\t\t\t\t\t\t\t<ul><li style=\"text-align: left;\"><span style=\"color: #333333;\">Grade : Technicien (Cat\u00e9gorie B) <\/span><\/li><li style=\"text-align: left;\"><span style=\"color: #333333;\">Type temps : Temps complet\u00a0<br \/><\/span><\/li><li style=\"text-align: left;\"><span style=\"color: #333333;\">Dipl\u00f4me BTS GEMEAU ou \u00e9quivalent<\/span><\/li><li style=\"text-align: left;\"><span style=\"color: #333333;\"> Permis B obligatoire<\/span><\/li><li style=\"text-align: left;\"><span style=\"color: #333333;\">Heures de nuit : Non<\/span><\/li><li style=\"text-align: left;\"><span style=\"color: #333333;\">Permanence : Tenue de 2 permanences, 2 demi-journ\u00e9es\/semaine<\/span><\/li><li style=\"text-align: left;\"><span style=\"color: #333333;\">Astreinte : Non<\/span><\/li><li style=\"text-align: left;\"><span style=\"color: #333333;\">D\u00e9placement : Fr\u00e9quent sur tout le territoire de l\u2019agglom\u00e9ration \/ v\u00e9hicule de service<\/span><\/li><li style=\"text-align: left;\"><span style=\"color: #333333;\">Autres contraintes : Travail en milieu insalubre (contact avec des eaux us\u00e9es). EPI mis \u00e0 <\/span><span style=\"color: #333333;\">disposition de l\u2019agent. Mat\u00e9riel de contr\u00f4le fourni et mis \u00e0 jour annuellement<\/span><\/li><\/ul>\t\t\t\t\t\t<\/div>\n\t\t\t\t<\/div>\n\t\t\t\t<div class=\"elementor-element elementor-element-7d5364b9 elementor-widget elementor-widget-heading\" data-id=\"7d5364b9\" data-element_type=\"widget\" data-widget_type=\"heading.default\">\n\t\t\t\t<div class=\"elementor-widget-container\">\n\t\t\t<h3 class=\"elementor-heading-title elementor-size-default\">POUR POSTULER<\/h3>\t\t<\/div>\n\t\t\t\t<\/div>\n\t\t\t\t<div class=\"elementor-element elementor-element-31d83593 elementor-widget elementor-widget-text-editor\" data-id=\"31d83593\" data-element_type=\"widget\" data-widget_type=\"text-editor.default\">\n\t\t\t\t<div class=\"elementor-widget-container\">\n\t\t\t\t\t\t\t<div class=\"elementor-element elementor-element-1f3fa51d elementor-widget elementor-widget-text-editor\" data-id=\"1f3fa51d\" data-element_type=\"widget\" data-widget_type=\"text-editor.default\"><div class=\"elementor-widget-container\"><div class=\"elementor-text-editor elementor-clearfix\"><p style=\"text-align: center;\">Merci d\u2019adresser vos candidatures (lettre + CV) par courrier \u00e0 l&rsquo;attention de :\u00a0<\/p><p><strong>Communaut\u00e9 d\u2019Agglom\u00e9ration de N\u00eemes M\u00e9tropole<\/strong><br \/><strong>Direction des Ressources Humaines<\/strong><br \/><strong>3 rue du Colis\u00e9e<\/strong><br \/><strong>30947 N\u00eemes Cedex 9<\/strong><\/p><p>Contact SPANC \u2013 04.66.02.55.95 \u2013 <a href=\"mailto:spanc@nimes-metropole.fr\">spanc@nimes-metropole.fr<\/a><\/p><\/div><\/div><\/div>\t\t\t\t\t\t<\/div>\n\t\t\t\t<\/div>\n\t\t\t\t\t<\/div>\n\t\t<\/div>\n\t\t\t\t\t<\/div>\n\t\t<\/section>\n\t\t\t\t<section class=\"elementor-section elementor-top-section elementor-element elementor-element-265d8b09 elementor-section-boxed elementor-section-height-default elementor-section-height-default\" data-id=\"265d8b09\" data-element_type=\"section\">\n\t\t\t\t\t\t<div class=\"elementor-container elementor-column-gap-default\">\n\t\t\t\t\t<div class=\"elementor-column elementor-col-50 elementor-top-column elementor-element elementor-element-4bf44528\" data-id=\"4bf44528\" data-element_type=\"column\">\n\t\t\t<div class=\"elementor-widget-wrap\">\n\t\t\t\t\t\t\t<\/div>\n\t\t<\/div>\n\t\t\t\t<div class=\"elementor-column elementor-col-50 elementor-top-column elementor-element elementor-element-659882e5\" data-id=\"659882e5\" data-element_type=\"column\">\n\t\t\t<div class=\"elementor-widget-wrap elementor-element-populated\">\n\t\t\t\t\t\t<div class=\"elementor-element elementor-element-2c4848f3 elementor-align-center elementor-widget elementor-widget-button\" data-id=\"2c4848f3\" data-element_type=\"widget\" data-widget_type=\"button.default\">\n\t\t\t\t<div class=\"elementor-widget-container\">\n\t\t\t\t\t<div class=\"elementor-button-wrapper\">\n\t\t\t<a class=\"elementor-button elementor-button-link elementor-size-sm elementor-animation-grow\" href=\"https:\/\/www.nimes-metropole.fr\/accueil.html\">\n\t\t\t\t\t\t<span class=\"elementor-button-content-wrapper\">\n\t\t\t\t\t\t<span class=\"elementor-button-text\">Plus d'informations sur l'organisme<\/span>\n\t\t<\/span>\n\t\t\t\t\t<\/a>\n\t\t<\/div>\n\t\t\t\t<\/div>\n\t\t\t\t<\/div>\n\t\t\t\t\t<\/div>\n\t\t<\/div>\n\t\t\t\t\t<\/div>\n\t\t<\/section>\n\t\t\t\t<section class=\"elementor-section elementor-top-section elementor-element elementor-element-638e36d2 elementor-section-boxed elementor-section-height-default elementor-section-height-default\" data-id=\"638e36d2\" data-element_type=\"section\">\n\t\t\t\t\t\t<div class=\"elementor-container elementor-column-gap-default\">\n\t\t\t\t\t<div class=\"elementor-column elementor-col-100 elementor-top-column elementor-element elementor-element-62b20876\" data-id=\"62b20876\" data-element_type=\"column\">\n\t\t\t<div class=\"elementor-widget-wrap elementor-element-populated\">\n\t\t\t\t\t\t<div class=\"elementor-element elementor-element-eb36969 elementor-widget elementor-widget-spacer\" data-id=\"eb36969\" data-element_type=\"widget\" data-widget_type=\"spacer.default\">\n\t\t\t\t<div class=\"elementor-widget-container\">\n\t\t\t\t\t<div class=\"elementor-spacer\">\n\t\t\t<div class=\"elementor-spacer-inner\"><\/div>\n\t\t<\/div>\n\t\t\t\t<\/div>\n\t\t\t\t<\/div>\n\t\t\t\t\t<\/div>\n\t\t<\/div>\n\t\t\t\t\t<\/div>\n\t\t<\/section>\n\t\t\t\t<\/div>\n\t\t","protected":false},"excerpt":{"rendered":"<p>OFFRE D\u2019EMPLOI : CHARG\u00c9(E) DE PROJETS ET DE CONTR\u00d4LES DES INSTALLATIONS D\u2019ASSAINISSEMENT NON COLLECTIF (H\/F) L&rsquo; ORGANISME Cr\u00e9\u00e9e en 2002, la Communaut\u00e9 d\u2019Agglom\u00e9ration N\u00eemes M\u00e9tropole, est n\u00e9e de la volont\u00e9<a href=\"https:\/\/formaterra.re\/index.php\/2022\/09\/05\/offre-demploi-chargee-de-projets-et-de-controles-des-installations-dassainissement-non-collectif\/\">[&#8230;]<\/a><\/p>\n","protected":false},"author":2,"featured_media":14407,"comment_status":"closed","ping_status":"open","sticky":false,"template":"elementor_header_footer","format":"standard","meta":{"footnotes":""},"categories":[6,8,30,42],"tags":[37,158,63,69,39,161,120,64,88,59,190],"class_list":["post-14406","post","type-post","status-publish","format-standard","has-post-thumbnail","hentry","category-actu","category-emploi","category-offres-demploi-de-nos-partenaires","category-offres-emploi-stage","tag-bts","tag-cestfaitpourmoi","tag-eau","tag-emploi","tag-enseignement-agricole","tag-entrepreneursduvivant","tag-formaterra","tag-gemeau","tag-insertion","tag-lycee-agricole","tag-lyceeemileboyerdelagiroday"],"_links":{"self":[{"href":"https:\/\/formaterra.re\/index.php\/wp-json\/wp\/v2\/posts\/14406","targetHints":{"allow":["GET"]}}],"collection":[{"href":"https:\/\/formaterra.re\/index.php\/wp-json\/wp\/v2\/posts"}],"about":[{"href":"https:\/\/formaterra.re\/index.php\/wp-json\/wp\/v2\/types\/post"}],"author":[{"embeddable":true,"href":"https:\/\/formaterra.re\/index.php\/wp-json\/wp\/v2\/users\/2"}],"replies":[{"embeddable":true,"href":"https:\/\/formaterra.re\/index.php\/wp-json\/wp\/v2\/comments?post=14406"}],"version-history":[{"count":3,"href":"https:\/\/formaterra.re\/index.php\/wp-json\/wp\/v2\/posts\/14406\/revisions"}],"predecessor-version":[{"id":14410,"href":"https:\/\/formaterra.re\/index.php\/wp-json\/wp\/v2\/posts\/14406\/revisions\/14410"}],"wp:featuredmedia":[{"embeddable":true,"href":"https:\/\/formaterra.re\/index.php\/wp-json\/wp\/v2\/media\/14407"}],"wp:attachment":[{"href":"https:\/\/formaterra.re\/index.php\/wp-json\/wp\/v2\/media?parent=14406"}],"wp:term":[{"taxonomy":"category","embeddable":true,"href":"https:\/\/formaterra.re\/index.php\/wp-json\/wp\/v2\/categories?post=14406"},{"taxonomy":"post_tag","embeddable":true,"href":"https:\/\/formaterra.re\/index.php\/wp-json\/wp\/v2\/tags?post=14406"}],"curies":[{"name":"wp","href":"https:\/\/api.w.org\/{rel}","templated":true}]}}