{"id":14444,"date":"2022-09-12T19:33:08","date_gmt":"2022-09-12T15:33:08","guid":{"rendered":"https:\/\/formaterra.re\/?p=14444"},"modified":"2022-09-12T19:35:27","modified_gmt":"2022-09-12T15:35:27","slug":"retrouvez-formaterra-au-salon-de-lecologie-du-developpement-durable-du-16-au-18-sept-2022","status":"publish","type":"post","link":"https:\/\/formaterra.re\/index.php\/2022\/09\/12\/retrouvez-formaterra-au-salon-de-lecologie-du-developpement-durable-du-16-au-18-sept-2022\/","title":{"rendered":"RETROUVEZ FORMA&rsquo;TERRA AU SALON DE L&rsquo;\u00c9COLOGIE &#038; DU D\u00c9VELOPPEMENT DURABLE : du 16 au 18 septembre 2022 !"},"content":{"rendered":"\t\t<div data-elementor-type=\"wp-post\" data-elementor-id=\"14444\" class=\"elementor elementor-14444\">\n\t\t\t\t\t\t<section class=\"elementor-section elementor-top-section elementor-element elementor-element-61ba6645 elementor-section-boxed elementor-section-height-default elementor-section-height-default\" data-id=\"61ba6645\" data-element_type=\"section\">\n\t\t\t\t\t\t<div class=\"elementor-container elementor-column-gap-default\">\n\t\t\t\t\t<div class=\"elementor-column elementor-col-100 elementor-top-column elementor-element elementor-element-57058b4c\" data-id=\"57058b4c\" data-element_type=\"column\">\n\t\t\t<div class=\"elementor-widget-wrap elementor-element-populated\">\n\t\t\t\t\t\t<div class=\"elementor-element elementor-element-17ecff12 elementor-widget elementor-widget-spacer\" data-id=\"17ecff12\" data-element_type=\"widget\" data-widget_type=\"spacer.default\">\n\t\t\t\t<div class=\"elementor-widget-container\">\n\t\t\t\t\t<div class=\"elementor-spacer\">\n\t\t\t<div class=\"elementor-spacer-inner\"><\/div>\n\t\t<\/div>\n\t\t\t\t<\/div>\n\t\t\t\t<\/div>\n\t\t\t\t\t<\/div>\n\t\t<\/div>\n\t\t\t\t\t<\/div>\n\t\t<\/section>\n\t\t\t\t<section class=\"elementor-section elementor-top-section elementor-element elementor-element-964614b elementor-section-boxed elementor-section-height-default elementor-section-height-default\" data-id=\"964614b\" data-element_type=\"section\">\n\t\t\t\t\t\t<div class=\"elementor-container elementor-column-gap-default\">\n\t\t\t\t\t<div class=\"elementor-column elementor-col-100 elementor-top-column elementor-element elementor-element-29830e67\" data-id=\"29830e67\" data-element_type=\"column\">\n\t\t\t<div class=\"elementor-widget-wrap elementor-element-populated\">\n\t\t\t\t\t\t<div class=\"elementor-element elementor-element-32405435 elementor-widget elementor-widget-spacer\" data-id=\"32405435\" data-element_type=\"widget\" data-widget_type=\"spacer.default\">\n\t\t\t\t<div class=\"elementor-widget-container\">\n\t\t\t\t\t<div class=\"elementor-spacer\">\n\t\t\t<div class=\"elementor-spacer-inner\"><\/div>\n\t\t<\/div>\n\t\t\t\t<\/div>\n\t\t\t\t<\/div>\n\t\t\t\t\t<\/div>\n\t\t<\/div>\n\t\t\t\t\t<\/div>\n\t\t<\/section>\n\t\t\t\t<section class=\"elementor-section elementor-top-section elementor-element elementor-element-61c15496 elementor-section-boxed elementor-section-height-default elementor-section-height-default\" data-id=\"61c15496\" data-element_type=\"section\">\n\t\t\t\t\t\t<div class=\"elementor-container elementor-column-gap-default\">\n\t\t\t\t\t<div class=\"elementor-column elementor-col-100 elementor-top-column elementor-element elementor-element-789caab\" data-id=\"789caab\" data-element_type=\"column\">\n\t\t\t<div class=\"elementor-widget-wrap elementor-element-populated\">\n\t\t\t\t\t\t<div class=\"elementor-element elementor-element-1bd7c64 elementor-widget elementor-widget-heading\" data-id=\"1bd7c64\" data-element_type=\"widget\" data-widget_type=\"heading.default\">\n\t\t\t\t<div class=\"elementor-widget-container\">\n\t\t\t<h1 class=\"elementor-heading-title elementor-size-default\">RETROUVEZ FORMA'TERRA AU SALON DE L' \u00c9COLOGIE & DU DEVELOPPEMENT DURABLE : du 16 au 18 septembre 2022<\/h1>\t\t<\/div>\n\t\t\t\t<\/div>\n\t\t\t\t\t<\/div>\n\t\t<\/div>\n\t\t\t\t\t<\/div>\n\t\t<\/section>\n\t\t\t\t<section class=\"elementor-section elementor-top-section elementor-element elementor-element-33959e5f elementor-section-boxed elementor-section-height-default elementor-section-height-default\" data-id=\"33959e5f\" data-element_type=\"section\">\n\t\t\t\t\t\t<div class=\"elementor-container elementor-column-gap-default\">\n\t\t\t\t\t<div class=\"elementor-column elementor-col-100 elementor-top-column elementor-element elementor-element-61ba3de4\" data-id=\"61ba3de4\" data-element_type=\"column\">\n\t\t\t<div class=\"elementor-widget-wrap elementor-element-populated\">\n\t\t\t\t\t\t<div class=\"elementor-element elementor-element-25bd2ac1 elementor-widget elementor-widget-spacer\" data-id=\"25bd2ac1\" data-element_type=\"widget\" data-widget_type=\"spacer.default\">\n\t\t\t\t<div class=\"elementor-widget-container\">\n\t\t\t\t\t<div class=\"elementor-spacer\">\n\t\t\t<div class=\"elementor-spacer-inner\"><\/div>\n\t\t<\/div>\n\t\t\t\t<\/div>\n\t\t\t\t<\/div>\n\t\t\t\t\t<\/div>\n\t\t<\/div>\n\t\t\t\t\t<\/div>\n\t\t<\/section>\n\t\t\t\t<section class=\"elementor-section elementor-top-section elementor-element elementor-element-75261ce6 elementor-section-boxed elementor-section-height-default elementor-section-height-default\" data-id=\"75261ce6\" data-element_type=\"section\">\n\t\t\t\t\t\t<div class=\"elementor-container elementor-column-gap-default\">\n\t\t\t\t\t<div class=\"elementor-column elementor-col-50 elementor-top-column elementor-element elementor-element-5bee7918\" data-id=\"5bee7918\" data-element_type=\"column\">\n\t\t\t<div class=\"elementor-widget-wrap elementor-element-populated\">\n\t\t\t\t\t\t<div class=\"elementor-element elementor-element-373214ef elementor-widget elementor-widget-image\" data-id=\"373214ef\" data-element_type=\"widget\" data-widget_type=\"image.default\">\n\t\t\t\t<div class=\"elementor-widget-container\">\n\t\t\t\t\t\t\t\t\t\t\t\t\t<img fetchpriority=\"high\" decoding=\"async\" width=\"1080\" height=\"1080\" src=\"https:\/\/formaterra.re\/wp-content\/uploads\/2022\/09\/Post-FB.jpg\" class=\"attachment-full size-full wp-image-14448\" alt=\"\" srcset=\"https:\/\/formaterra.re\/wp-content\/uploads\/2022\/09\/Post-FB.jpg 1080w, https:\/\/formaterra.re\/wp-content\/uploads\/2022\/09\/Post-FB-300x300.jpg 300w, https:\/\/formaterra.re\/wp-content\/uploads\/2022\/09\/Post-FB-1024x1024.jpg 1024w, https:\/\/formaterra.re\/wp-content\/uploads\/2022\/09\/Post-FB-150x150.jpg 150w, https:\/\/formaterra.re\/wp-content\/uploads\/2022\/09\/Post-FB-768x768.jpg 768w, https:\/\/formaterra.re\/wp-content\/uploads\/2022\/09\/Post-FB-73x73.jpg 73w, https:\/\/formaterra.re\/wp-content\/uploads\/2022\/09\/Post-FB-174x174.jpg 174w, https:\/\/formaterra.re\/wp-content\/uploads\/2022\/09\/Post-FB-250x250.jpg 250w\" sizes=\"(max-width: 1080px) 100vw, 1080px\" \/>\t\t\t\t\t\t\t\t\t\t\t\t\t<\/div>\n\t\t\t\t<\/div>\n\t\t\t\t\t<\/div>\n\t\t<\/div>\n\t\t\t\t<div class=\"elementor-column elementor-col-50 elementor-top-column elementor-element elementor-element-59aff5e2\" data-id=\"59aff5e2\" data-element_type=\"column\">\n\t\t\t<div class=\"elementor-widget-wrap elementor-element-populated\">\n\t\t\t\t\t\t<div class=\"elementor-element elementor-element-52a4d1d5 elementor-widget elementor-widget-heading\" data-id=\"52a4d1d5\" data-element_type=\"widget\" data-widget_type=\"heading.default\">\n\t\t\t\t<div class=\"elementor-widget-container\">\n\t\t\t<h2 class=\"elementor-heading-title elementor-size-default\"><br>FORMA'TERRA : ACTEUR DE LA TRANSITION AGROECOLOGIQUE A LA REUNION\n<\/h2>\t\t<\/div>\n\t\t\t\t<\/div>\n\t\t\t\t<div class=\"elementor-element elementor-element-29f72e19 elementor-widget elementor-widget-heading\" data-id=\"29f72e19\" data-element_type=\"widget\" data-widget_type=\"heading.default\">\n\t\t\t\t<div class=\"elementor-widget-container\">\n\t\t\t<h2 class=\"elementor-heading-title elementor-size-medium\"><b>\nDepuis plus de 30 ans, FORMA\u2019TERRA propose des formations tourn\u00e9es vers l\u2019agro\u00e9cologie (du CAPa \u00e0 la Licence Professionnelle) et accompagne la transition agro\u00e9cologique en mettant en place des projets favorisant la biodiversit\u00e9. <\/b>\n<\/h2>\t\t<\/div>\n\t\t\t\t<\/div>\n\t\t\t\t<div class=\"elementor-element elementor-element-58f1a956 elementor-widget elementor-widget-text-editor\" data-id=\"58f1a956\" data-element_type=\"widget\" data-widget_type=\"text-editor.default\">\n\t\t\t\t<div class=\"elementor-widget-container\">\n\t\t\t\t\t\t\t<div style=\"text-align: left;\"><ul style=\"font-family: Roboto; font-style: normal; font-weight: 400; text-align: center;\"><li style=\"text-align: left;\"><strong><span style=\"color: #333399;\">Projets p\u00e9dagogiques dans le cadre du plan \u00ab Enseigner \u00e0 produire autrement \u00bb :<\/span><\/strong><em><span style=\"color: #333399;\"> Journ\u00e9e de l&rsquo;environnement, D\u00e9cade du d\u00e9veloppement durable, Chantiers nature, etc.<\/span><\/em><\/li><li style=\"text-align: left;\"><strong><span style=\"color: #333399;\">Accompagnement les collectivit\u00e9s sur la r\u00e9duction des pesticides :\u00a0<\/span><\/strong><em><span style=\"color: #333399;\">Charte \u00ab Pour des collectivit\u00e9s sans pesticide \u00e0 La R\u00e9union \u00bb<\/span><\/em><\/li><li style=\"text-align: left;\"><span style=\"color: #333399;\"><strong>Agro\u00e9cologie urbaine avec l\u2019\u00e9dition des guides<\/strong>\u00a0:<em>\u00a0\u00ab Jardiner avec la Nature \u00e0 La R\u00e9union \u00bb<\/em><\/span><\/li><li style=\"text-align: left;\"><strong style=\"color: #333399; text-align: center;\">\u00c9ducation et sensibilisation sur le jardinage au naturel :\u00a0<\/strong><em><span style=\"color: #333399;\">Projet \u201cJardin Marmaille dans les \u00e9coles\u201d<\/span><\/em><\/li><li style=\"text-align: left;\"><span style=\"color: #333399;\"><strong>Collectif interr\u00e9gional entre EPLEFPA<\/strong>\u00a0<em>pour travailler sur des th\u00e9matiques techniques et p\u00e9dagogiques autour de la r\u00e9duction de l\u2019utilisation des produits phytosanitaires.<\/em><\/span><\/li><li style=\"text-align: left;\"><span style=\"color: #333399;\"><strong>Projets d\u2019exp\u00e9rimentation sur l\u2019Exploitation Agricole FORMA\u2019TERRA<\/strong>\u00a0:\u00a0<em>\u00ab Projet ST0P \u00bb pour la transition des syst\u00e8mes de production horticole tropicaux actuels vers des syst\u00e8mes agro-\u00e9cologiques sans pesticides de synth\u00e8se; projet Ecopastoralisme, etc.<\/em><\/span><\/li><\/ul><\/div><h2 style=\"text-align: center;\"><span style=\"color: #50d950;\"><strong><em>Venez d\u00e9couvrir nos projets, rencontrer nos \u00e9quipes &amp; nos \u00e9tudiants et<\/em><\/strong><\/span><\/h2><h2 style=\"text-align: center;\"><span style=\"text-decoration: underline;\"><span style=\"color: #50d950;\"><strong><em>Ensemble, Cultivons l\u2019innovation !<\/em><\/strong><\/span><\/span><\/h2><div style=\"text-align: left;\">\u00a0<\/div><div style=\"text-align: left;\">\u00a0<\/div>\t\t\t\t\t\t<\/div>\n\t\t\t\t<\/div>\n\t\t\t\t<div class=\"elementor-element elementor-element-78cab3e8 elementor-align-center elementor-widget elementor-widget-button\" data-id=\"78cab3e8\" data-element_type=\"widget\" data-widget_type=\"button.default\">\n\t\t\t\t<div class=\"elementor-widget-container\">\n\t\t\t\t\t<div class=\"elementor-button-wrapper\">\n\t\t\t<a class=\"elementor-button elementor-button-link elementor-size-sm elementor-animation-grow\" href=\"https:\/\/formaterra.re\/index.php\/actualite\/\">\n\t\t\t\t\t\t<span class=\"elementor-button-content-wrapper\">\n\t\t\t\t\t\t<span class=\"elementor-button-icon elementor-align-icon-left\">\n\t\t\t\t<i aria-hidden=\"true\" class=\"far fa-arrow-alt-circle-right\"><\/i>\t\t\t<\/span>\n\t\t\t\t\t\t<span class=\"elementor-button-text\"> Retrouvez toute notre actualit\u00e9<\/span>\n\t\t<\/span>\n\t\t\t\t\t<\/a>\n\t\t<\/div>\n\t\t\t\t<\/div>\n\t\t\t\t<\/div>\n\t\t\t\t<div class=\"elementor-element elementor-element-267c23c0 elementor-align-center elementor-button-warning elementor-widget elementor-widget-button\" data-id=\"267c23c0\" data-element_type=\"widget\" data-widget_type=\"button.default\">\n\t\t\t\t<div class=\"elementor-widget-container\">\n\t\t\t\t\t<div class=\"elementor-button-wrapper\">\n\t\t\t<a class=\"elementor-button elementor-button-link elementor-size-sm elementor-animation-grow\" href=\"https:\/\/formaterra.re\/index.php\/voies-de-formation\/\">\n\t\t\t\t\t\t<span class=\"elementor-button-content-wrapper\">\n\t\t\t\t\t\t<span class=\"elementor-button-icon elementor-align-icon-left\">\n\t\t\t\t<i aria-hidden=\"true\" class=\"far fa-arrow-alt-circle-right\"><\/i>\t\t\t<\/span>\n\t\t\t\t\t\t<span class=\"elementor-button-text\"> Plus d'informations sur nos formations<\/span>\n\t\t<\/span>\n\t\t\t\t\t<\/a>\n\t\t<\/div>\n\t\t\t\t<\/div>\n\t\t\t\t<\/div>\n\t\t\t\t<div class=\"elementor-element elementor-element-33510920 elementor-align-center elementor-button-info elementor-widget elementor-widget-button\" data-id=\"33510920\" data-element_type=\"widget\" data-widget_type=\"button.default\">\n\t\t\t\t<div class=\"elementor-widget-container\">\n\t\t\t\t\t<div class=\"elementor-button-wrapper\">\n\t\t\t<a class=\"elementor-button elementor-button-link elementor-size-sm elementor-animation-grow\" href=\"https:\/\/formaterra.re\/index.php\/experimentations\/\">\n\t\t\t\t\t\t<span class=\"elementor-button-content-wrapper\">\n\t\t\t\t\t\t<span class=\"elementor-button-icon elementor-align-icon-left\">\n\t\t\t\t<i aria-hidden=\"true\" class=\"far fa-arrow-alt-circle-right\"><\/i>\t\t\t<\/span>\n\t\t\t\t\t\t<span class=\"elementor-button-text\"> Plus d'informations sur nos projets d'exp\u00e9rimentation<\/span>\n\t\t<\/span>\n\t\t\t\t\t<\/a>\n\t\t<\/div>\n\t\t\t\t<\/div>\n\t\t\t\t<\/div>\n\t\t\t\t\t<\/div>\n\t\t<\/div>\n\t\t\t\t\t<\/div>\n\t\t<\/section>\n\t\t\t\t<section class=\"elementor-section elementor-top-section elementor-element elementor-element-48428148 elementor-section-boxed elementor-section-height-default elementor-section-height-default\" data-id=\"48428148\" data-element_type=\"section\">\n\t\t\t\t\t\t<div class=\"elementor-container elementor-column-gap-default\">\n\t\t\t\t\t<div class=\"elementor-column elementor-col-100 elementor-top-column elementor-element elementor-element-539a5129\" data-id=\"539a5129\" data-element_type=\"column\">\n\t\t\t<div class=\"elementor-widget-wrap\">\n\t\t\t\t\t\t\t<\/div>\n\t\t<\/div>\n\t\t\t\t\t<\/div>\n\t\t<\/section>\n\t\t\t\t<section class=\"elementor-section elementor-top-section elementor-element elementor-element-78712fcd elementor-section-boxed elementor-section-height-default elementor-section-height-default\" data-id=\"78712fcd\" data-element_type=\"section\">\n\t\t\t\t\t\t<div class=\"elementor-container elementor-column-gap-default\">\n\t\t\t\t\t<div class=\"elementor-column elementor-col-100 elementor-top-column elementor-element elementor-element-4fe684d\" data-id=\"4fe684d\" data-element_type=\"column\">\n\t\t\t<div class=\"elementor-widget-wrap elementor-element-populated\">\n\t\t\t\t\t\t<div class=\"elementor-element elementor-element-3c30faa2 elementor-widget elementor-widget-text-editor\" data-id=\"3c30faa2\" data-element_type=\"widget\" data-widget_type=\"text-editor.default\">\n\t\t\t\t<div class=\"elementor-widget-container\">\n\t\t\t\t\t\t\t<h4><em><span style=\"color: #0000ff;\"><strong>Suivez-nous sur les r\u00e9seaux sociaux\u00a0 !<\/strong><\/span><\/em><\/h4>\t\t\t\t\t\t<\/div>\n\t\t\t\t<\/div>\n\t\t\t\t\t<\/div>\n\t\t<\/div>\n\t\t\t\t\t<\/div>\n\t\t<\/section>\n\t\t\t\t<section class=\"elementor-section elementor-top-section elementor-element elementor-element-5cee54a7 elementor-section-boxed elementor-section-height-default elementor-section-height-default\" data-id=\"5cee54a7\" data-element_type=\"section\">\n\t\t\t\t\t\t<div class=\"elementor-container elementor-column-gap-default\">\n\t\t\t\t\t<div class=\"elementor-column elementor-col-100 elementor-top-column elementor-element elementor-element-5a18a1bc\" data-id=\"5a18a1bc\" data-element_type=\"column\">\n\t\t\t<div class=\"elementor-widget-wrap elementor-element-populated\">\n\t\t\t\t\t\t<div class=\"elementor-element elementor-element-2130fa66 elementor-shape-rounded elementor-grid-0 e-grid-align-center elementor-widget elementor-widget-social-icons\" data-id=\"2130fa66\" data-element_type=\"widget\" data-widget_type=\"social-icons.default\">\n\t\t\t\t<div class=\"elementor-widget-container\">\n\t\t\t\t\t<div class=\"elementor-social-icons-wrapper elementor-grid\">\n\t\t\t\t\t\t\t<span class=\"elementor-grid-item\">\n\t\t\t\t\t<a class=\"elementor-icon elementor-social-icon elementor-social-icon-facebook elementor-repeater-item-0ae523e\" href=\"https:\/\/www.facebook.com\/formaterra.re\/\" target=\"_blank\">\n\t\t\t\t\t\t<span class=\"elementor-screen-only\">Facebook<\/span>\n\t\t\t\t\t\t<i class=\"fab fa-facebook\"><\/i>\t\t\t\t\t<\/a>\n\t\t\t\t<\/span>\n\t\t\t\t\t\t\t<span class=\"elementor-grid-item\">\n\t\t\t\t\t<a class=\"elementor-icon elementor-social-icon elementor-social-icon-youtube elementor-repeater-item-0cb49a3\" href=\"https:\/\/www.youtube.com\/channel\/UCzKnt8MYHJLIRkZg_Lx6PiA\" target=\"_blank\">\n\t\t\t\t\t\t<span class=\"elementor-screen-only\">Youtube<\/span>\n\t\t\t\t\t\t<i class=\"fab fa-youtube\"><\/i>\t\t\t\t\t<\/a>\n\t\t\t\t<\/span>\n\t\t\t\t\t\t\t<span class=\"elementor-grid-item\">\n\t\t\t\t\t<a class=\"elementor-icon elementor-social-icon elementor-social-icon-instagram elementor-repeater-item-d0e4b6d\" href=\"https:\/\/www.instagram.com\/formaterra.re\/?hl=fr\" target=\"_blank\">\n\t\t\t\t\t\t<span class=\"elementor-screen-only\">Instagram<\/span>\n\t\t\t\t\t\t<i class=\"fab fa-instagram\"><\/i>\t\t\t\t\t<\/a>\n\t\t\t\t<\/span>\n\t\t\t\t\t<\/div>\n\t\t\t\t<\/div>\n\t\t\t\t<\/div>\n\t\t\t\t\t<\/div>\n\t\t<\/div>\n\t\t\t\t\t<\/div>\n\t\t<\/section>\n\t\t\t\t<section class=\"elementor-section elementor-top-section elementor-element elementor-element-33f3dff3 elementor-section-boxed elementor-section-height-default elementor-section-height-default\" data-id=\"33f3dff3\" data-element_type=\"section\">\n\t\t\t\t\t\t<div class=\"elementor-container elementor-column-gap-default\">\n\t\t\t\t\t<div class=\"elementor-column elementor-col-100 elementor-top-column elementor-element elementor-element-7205a0cf\" data-id=\"7205a0cf\" data-element_type=\"column\">\n\t\t\t<div class=\"elementor-widget-wrap elementor-element-populated\">\n\t\t\t\t\t\t<div class=\"elementor-element elementor-element-59675bae elementor-widget elementor-widget-spacer\" data-id=\"59675bae\" data-element_type=\"widget\" data-widget_type=\"spacer.default\">\n\t\t\t\t<div class=\"elementor-widget-container\">\n\t\t\t\t\t<div class=\"elementor-spacer\">\n\t\t\t<div class=\"elementor-spacer-inner\"><\/div>\n\t\t<\/div>\n\t\t\t\t<\/div>\n\t\t\t\t<\/div>\n\t\t\t\t\t<\/div>\n\t\t<\/div>\n\t\t\t\t\t<\/div>\n\t\t<\/section>\n\t\t\t\t<\/div>\n\t\t","protected":false},"excerpt":{"rendered":"<p>RETROUVEZ FORMA&rsquo;TERRA AU SALON DE L&rsquo; \u00c9COLOGIE &amp; DU DEVELOPPEMENT DURABLE : du 16 au 18 septembre 2022 FORMA&rsquo;TERRA : ACTEUR DE LA TRANSITION AGROECOLOGIQUE A LA REUNION Depuis plus<a href=\"https:\/\/formaterra.re\/index.php\/2022\/09\/12\/retrouvez-formaterra-au-salon-de-lecologie-du-developpement-durable-du-16-au-18-sept-2022\/\">[&#8230;]<\/a><\/p>\n","protected":false},"author":2,"featured_media":14448,"comment_status":"closed","ping_status":"open","sticky":false,"template":"elementor_header_footer","format":"standard","meta":{"footnotes":""},"categories":[6,10,11],"tags":[142,109,192,39,161,141,120,134,123,193],"class_list":["post-14444","post","type-post","status-publish","format-standard","has-post-thumbnail","hentry","category-actu","category-agroecologie","category-evenement","tag-agroecologie-2","tag-developpement-durable","tag-ecologie","tag-enseignement-agricole","tag-entrepreneursduvivant","tag-evenement","tag-formaterra","tag-lareunion","tag-laventureduvivant","tag-zartisanslavi"],"_links":{"self":[{"href":"https:\/\/formaterra.re\/index.php\/wp-json\/wp\/v2\/posts\/14444","targetHints":{"allow":["GET"]}}],"collection":[{"href":"https:\/\/formaterra.re\/index.php\/wp-json\/wp\/v2\/posts"}],"about":[{"href":"https:\/\/formaterra.re\/index.php\/wp-json\/wp\/v2\/types\/post"}],"author":[{"embeddable":true,"href":"https:\/\/formaterra.re\/index.php\/wp-json\/wp\/v2\/users\/2"}],"replies":[{"embeddable":true,"href":"https:\/\/formaterra.re\/index.php\/wp-json\/wp\/v2\/comments?post=14444"}],"version-history":[{"count":4,"href":"https:\/\/formaterra.re\/index.php\/wp-json\/wp\/v2\/posts\/14444\/revisions"}],"predecessor-version":[{"id":14455,"href":"https:\/\/formaterra.re\/index.php\/wp-json\/wp\/v2\/posts\/14444\/revisions\/14455"}],"wp:featuredmedia":[{"embeddable":true,"href":"https:\/\/formaterra.re\/index.php\/wp-json\/wp\/v2\/media\/14448"}],"wp:attachment":[{"href":"https:\/\/formaterra.re\/index.php\/wp-json\/wp\/v2\/media?parent=14444"}],"wp:term":[{"taxonomy":"category","embeddable":true,"href":"https:\/\/formaterra.re\/index.php\/wp-json\/wp\/v2\/categories?post=14444"},{"taxonomy":"post_tag","embeddable":true,"href":"https:\/\/formaterra.re\/index.php\/wp-json\/wp\/v2\/tags?post=14444"}],"curies":[{"name":"wp","href":"https:\/\/api.w.org\/{rel}","templated":true}]}}