{"id":14675,"date":"2022-11-22T11:39:25","date_gmt":"2022-11-22T07:39:25","guid":{"rendered":"https:\/\/formaterra.re\/?p=14675"},"modified":"2022-11-22T17:30:44","modified_gmt":"2022-11-22T13:30:44","slug":"retrouvez-formaterra-au-festival-ti-pa-ti-pa-transition-ecologique-et-solidaire-du-24-au-26-novembre-2022","status":"publish","type":"post","link":"https:\/\/formaterra.re\/index.php\/2022\/11\/22\/retrouvez-formaterra-au-festival-ti-pa-ti-pa-transition-ecologique-et-solidaire-du-24-au-26-novembre-2022\/","title":{"rendered":"RETROUVEZ FORMA\u2019TERRA au \u201cFestival TI PA TI PA &#8211; Transition Ecologique et Solidaire \u201d : du 24 au 26 novembre 2022 !"},"content":{"rendered":"\t\t<div data-elementor-type=\"wp-post\" data-elementor-id=\"14675\" class=\"elementor elementor-14675\">\n\t\t\t\t\t\t<section class=\"elementor-section elementor-top-section elementor-element elementor-element-56ff1528 elementor-section-boxed elementor-section-height-default elementor-section-height-default\" data-id=\"56ff1528\" data-element_type=\"section\">\n\t\t\t\t\t\t<div class=\"elementor-container elementor-column-gap-default\">\n\t\t\t\t\t<div class=\"elementor-column elementor-col-100 elementor-top-column elementor-element elementor-element-15829ebf\" data-id=\"15829ebf\" data-element_type=\"column\">\n\t\t\t<div class=\"elementor-widget-wrap elementor-element-populated\">\n\t\t\t\t\t\t<div class=\"elementor-element elementor-element-4016a983 elementor-widget elementor-widget-spacer\" data-id=\"4016a983\" data-element_type=\"widget\" data-widget_type=\"spacer.default\">\n\t\t\t\t<div class=\"elementor-widget-container\">\n\t\t\t\t\t<div class=\"elementor-spacer\">\n\t\t\t<div class=\"elementor-spacer-inner\"><\/div>\n\t\t<\/div>\n\t\t\t\t<\/div>\n\t\t\t\t<\/div>\n\t\t\t\t\t<\/div>\n\t\t<\/div>\n\t\t\t\t\t<\/div>\n\t\t<\/section>\n\t\t\t\t<section class=\"elementor-section elementor-top-section elementor-element elementor-element-70795c39 elementor-section-boxed elementor-section-height-default elementor-section-height-default\" data-id=\"70795c39\" data-element_type=\"section\">\n\t\t\t\t\t\t<div class=\"elementor-container elementor-column-gap-default\">\n\t\t\t\t\t<div class=\"elementor-column elementor-col-100 elementor-top-column elementor-element elementor-element-6fef575b\" data-id=\"6fef575b\" data-element_type=\"column\">\n\t\t\t<div class=\"elementor-widget-wrap elementor-element-populated\">\n\t\t\t\t\t\t<div class=\"elementor-element elementor-element-133cc103 elementor-widget elementor-widget-spacer\" data-id=\"133cc103\" data-element_type=\"widget\" data-widget_type=\"spacer.default\">\n\t\t\t\t<div class=\"elementor-widget-container\">\n\t\t\t\t\t<div class=\"elementor-spacer\">\n\t\t\t<div class=\"elementor-spacer-inner\"><\/div>\n\t\t<\/div>\n\t\t\t\t<\/div>\n\t\t\t\t<\/div>\n\t\t\t\t\t<\/div>\n\t\t<\/div>\n\t\t\t\t\t<\/div>\n\t\t<\/section>\n\t\t\t\t<section class=\"elementor-section elementor-top-section elementor-element elementor-element-498e9572 elementor-section-boxed elementor-section-height-default elementor-section-height-default\" data-id=\"498e9572\" data-element_type=\"section\">\n\t\t\t\t\t\t<div class=\"elementor-container elementor-column-gap-default\">\n\t\t\t\t\t<div class=\"elementor-column elementor-col-100 elementor-top-column elementor-element elementor-element-54abb83e\" data-id=\"54abb83e\" data-element_type=\"column\">\n\t\t\t<div class=\"elementor-widget-wrap elementor-element-populated\">\n\t\t\t\t\t\t<div class=\"elementor-element elementor-element-6aa3d2cd elementor-widget elementor-widget-heading\" data-id=\"6aa3d2cd\" data-element_type=\"widget\" data-widget_type=\"heading.default\">\n\t\t\t\t<div class=\"elementor-widget-container\">\n\t\t\t<h1 class=\"elementor-heading-title elementor-size-default\"><span style=\"font-family: Roboto; font-style: normal; font-weight: 600; white-space: normal;\">RETROUVEZ FORMA\u2019TERRA au Festival TI PA TI PA : du 24 au 26 novembre 2022<\/span><\/h1>\t\t<\/div>\n\t\t\t\t<\/div>\n\t\t\t\t\t<\/div>\n\t\t<\/div>\n\t\t\t\t\t<\/div>\n\t\t<\/section>\n\t\t\t\t<section class=\"elementor-section elementor-top-section elementor-element elementor-element-3cad3112 elementor-section-boxed elementor-section-height-default elementor-section-height-default\" data-id=\"3cad3112\" data-element_type=\"section\">\n\t\t\t\t\t\t<div class=\"elementor-container elementor-column-gap-default\">\n\t\t\t\t\t<div class=\"elementor-column elementor-col-100 elementor-top-column elementor-element elementor-element-47f371c1\" data-id=\"47f371c1\" data-element_type=\"column\">\n\t\t\t<div class=\"elementor-widget-wrap elementor-element-populated\">\n\t\t\t\t\t\t<div class=\"elementor-element elementor-element-775df19a elementor-widget elementor-widget-spacer\" data-id=\"775df19a\" data-element_type=\"widget\" data-widget_type=\"spacer.default\">\n\t\t\t\t<div class=\"elementor-widget-container\">\n\t\t\t\t\t<div class=\"elementor-spacer\">\n\t\t\t<div class=\"elementor-spacer-inner\"><\/div>\n\t\t<\/div>\n\t\t\t\t<\/div>\n\t\t\t\t<\/div>\n\t\t\t\t\t<\/div>\n\t\t<\/div>\n\t\t\t\t\t<\/div>\n\t\t<\/section>\n\t\t\t\t<section class=\"elementor-section elementor-top-section elementor-element elementor-element-2162d502 elementor-section-boxed elementor-section-height-default elementor-section-height-default\" data-id=\"2162d502\" data-element_type=\"section\">\n\t\t\t\t\t\t<div class=\"elementor-container elementor-column-gap-default\">\n\t\t\t\t\t<div class=\"elementor-column elementor-col-50 elementor-top-column elementor-element elementor-element-203f75b8\" data-id=\"203f75b8\" data-element_type=\"column\">\n\t\t\t<div class=\"elementor-widget-wrap elementor-element-populated\">\n\t\t\t\t\t\t<div class=\"elementor-element elementor-element-5e0a9bbd elementor-widget elementor-widget-image\" data-id=\"5e0a9bbd\" data-element_type=\"widget\" data-widget_type=\"image.default\">\n\t\t\t\t<div class=\"elementor-widget-container\">\n\t\t\t\t\t\t\t\t\t\t\t\t\t\t<a href=\"https:\/\/formaterra.re\/wp-content\/uploads\/2022\/11\/ti_pa_ti_pa_affiche.jpg\" data-elementor-open-lightbox=\"yes\" data-elementor-lightbox-title=\"ti_pa_ti_pa_affiche\" data-e-action-hash=\"#elementor-action%3Aaction%3Dlightbox%26settings%3DeyJpZCI6MTQ2NzYsInVybCI6Imh0dHBzOlwvXC9mb3JtYXRlcnJhLnJlXC93cC1jb250ZW50XC91cGxvYWRzXC8yMDIyXC8xMVwvdGlfcGFfdGlfcGFfYWZmaWNoZS5qcGcifQ%3D%3D\">\n\t\t\t\t\t\t\t<img fetchpriority=\"high\" decoding=\"async\" width=\"850\" height=\"567\" src=\"https:\/\/formaterra.re\/wp-content\/uploads\/2022\/11\/ti_pa_ti_pa_affiche.jpg\" class=\"attachment-full size-full wp-image-14676\" alt=\"\" srcset=\"https:\/\/formaterra.re\/wp-content\/uploads\/2022\/11\/ti_pa_ti_pa_affiche.jpg 850w, https:\/\/formaterra.re\/wp-content\/uploads\/2022\/11\/ti_pa_ti_pa_affiche-300x200.jpg 300w, https:\/\/formaterra.re\/wp-content\/uploads\/2022\/11\/ti_pa_ti_pa_affiche-768x512.jpg 768w, https:\/\/formaterra.re\/wp-content\/uploads\/2022\/11\/ti_pa_ti_pa_affiche-750x500.jpg 750w\" sizes=\"(max-width: 850px) 100vw, 850px\" \/>\t\t\t\t\t\t\t\t<\/a>\n\t\t\t\t\t\t\t\t\t\t\t\t\t<\/div>\n\t\t\t\t<\/div>\n\t\t\t\t\t<\/div>\n\t\t<\/div>\n\t\t\t\t<div class=\"elementor-column elementor-col-50 elementor-top-column elementor-element elementor-element-90a0c91\" data-id=\"90a0c91\" data-element_type=\"column\">\n\t\t\t<div class=\"elementor-widget-wrap elementor-element-populated\">\n\t\t\t\t\t\t<div class=\"elementor-element elementor-element-22f1a25 elementor-widget elementor-widget-heading\" data-id=\"22f1a25\" data-element_type=\"widget\" data-widget_type=\"heading.default\">\n\t\t\t\t<div class=\"elementor-widget-container\">\n\t\t\t<h3 class=\"elementor-heading-title elementor-size-default\">FORMA'TERRA : Acteur de la Transition Ecologique et Solidaire !<\/h3>\t\t<\/div>\n\t\t\t\t<\/div>\n\t\t\t\t<div class=\"elementor-element elementor-element-4b191462 elementor-widget elementor-widget-text-editor\" data-id=\"4b191462\" data-element_type=\"widget\" data-widget_type=\"text-editor.default\">\n\t\t\t\t<div class=\"elementor-widget-container\">\n\t\t\t\t\t\t\t<div dir=\"auto\">\n<h1><span style=\"color: #000080;\">Participez au Festival \u00ab\u00a0Ti pa Ti pa\u00a0\u00bb&nbsp;<\/span><\/h1>\n<h2><span style=\"color: #000080;\"> A<strong>gir ensemble pour la Transition Ecologique et Solidaire : <\/strong><em>Je d\u00e9couvre, Je m&rsquo;informe, J&rsquo;agis au quotidien !<\/em><\/span><\/h2>\n<h2><span style=\"color: #0000ff;\">Du 24 au 26 novembre&nbsp;<\/span><span style=\"color: #0000ff;\">(de 10h \u00e0 16h)<\/span><\/h2>\n<h2><span style=\"color: #0000ff;\">au Jardin de l&rsquo;Etat \u00e0 Saint-Denis<\/span><\/h2>\n<\/div>\t\t\t\t\t\t<\/div>\n\t\t\t\t<\/div>\n\t\t\t\t<div class=\"elementor-element elementor-element-43cfc1e elementor-button-info elementor-widget elementor-widget-button\" data-id=\"43cfc1e\" data-element_type=\"widget\" data-widget_type=\"button.default\">\n\t\t\t\t<div class=\"elementor-widget-container\">\n\t\t\t\t\t<div class=\"elementor-button-wrapper\">\n\t\t\t<a class=\"elementor-button elementor-button-link elementor-size-sm\" href=\"https:\/\/formaterra.re\/wp-content\/uploads\/2022\/11\/programme_ti_pa_ti_pa_web.pdf\">\n\t\t\t\t\t\t<span class=\"elementor-button-content-wrapper\">\n\t\t\t\t\t\t<span class=\"elementor-button-icon elementor-align-icon-left\">\n\t\t\t\t<i aria-hidden=\"true\" class=\"fas fa-info-circle\"><\/i>\t\t\t<\/span>\n\t\t\t\t\t\t<span class=\"elementor-button-text\">T\u00e9l\u00e9chargez le programme<\/span>\n\t\t<\/span>\n\t\t\t\t\t<\/a>\n\t\t<\/div>\n\t\t\t\t<\/div>\n\t\t\t\t<\/div>\n\t\t\t\t<div class=\"elementor-element elementor-element-12933263 elementor-widget elementor-widget-text-editor\" data-id=\"12933263\" data-element_type=\"widget\" data-widget_type=\"text-editor.default\">\n\t\t\t\t<div class=\"elementor-widget-container\">\n\t\t\t\t\t\t\t<div><div dir=\"auto\"><h2><img decoding=\"async\" src=\"https:\/\/static.xx.fbcdn.net\/images\/emoji.php\/v9\/t1e\/1\/16\/1f33f.png\" alt=\"\ud83c\udf3f\" width=\"16\" height=\"16\" \/><b>\u00a0<\/b><\/h2><\/div><\/div><div><h1 dir=\"auto\"><strong><span style=\"text-decoration: underline;\"><span style=\"color: #000080; text-decoration: underline;\">Retrouvez-nous sur le stand FORMA&rsquo;TERRA<\/span><\/span><span style=\"color: #000080;\">\u00a0:<\/span><\/strong><\/h1><\/div><div dir=\"auto\"><div><span style=\"color: #000080;\"><span style=\"color: 00ab00; font-size: medium;\"><b>\u00a0 \u00a0 \u00a0 \u00a0 \u00a0 \u00a0 \u00a0 \u00a0 \u00a0 \u00a0 \u00a0 \u00a0 \u00a0 \u00a0 \u00a0 \u00a0 \u00a0 \u00a0 \u00a0 \u00a0 \u00a0 \u00a0 \u00a0 \u00a0 \u00a0 \u00a0 \u00a0 \u00a0 \u00a0 \u00a0 \u00a0 \u00a0 \u00a0 \u00a0 \u00a0<\/b><\/span><span style=\"font-size: medium;\">\u00a0<\/span><\/span><\/div><div><div dir=\"auto\"><ul style=\"font-family: Roboto; font-style: normal; font-weight: 400;\"><li dir=\"auto\" style=\"text-align: left;\"><span style=\"color: #000080;\"><strong>D\u00e9couvrez nos formations passionnantes<\/strong> dans les m\u00e9tiers de l&rsquo;agriculture, l&rsquo;environnement, du paysage, de la sant\u00e9 animale&#8230;<\/span><\/li><li style=\"text-align: left;\"><span style=\"color: #000080;\">Rencontrez nos \u00e9quipes pour<strong> trouver la formation adapt\u00e9e \u00e0 vos besoins<\/strong> !<\/span><\/li><li dir=\"auto\" style=\"text-align: left;\"><span style=\"color: #000080;\">Postulez aux <strong>offres d\u2019emploi<\/strong> de nos partenaires.<\/span><\/li><\/ul><h1 dir=\"auto\"><strong><span style=\"text-decoration: underline;\"><span style=\"color: #000080; text-decoration: underline;\">Assistez aux conf\u00e9rences de FORMA&rsquo;TERRA :<\/span><\/span><\/strong><span style=\"color: #000080;\"><span style=\"color: 00ab00; font-size: medium;\"><b>\u00a0 \u00a0 \u00a0 <\/b><\/span><span style=\"font-size: medium;\">\u00a0<\/span><\/span><\/h1><div><div dir=\"auto\"><ul style=\"font-family: Roboto; font-style: normal; font-weight: 400;\"><li dir=\"auto\" style=\"text-align: left;\"><span style=\"color: #000080;\"><strong>25 nov 2022 de 10h &#8211; 12h (Espace 1)<\/strong>\u00a0: Pr\u00e9sentation \u00ab Lutte biologique sur un verger de mangue \u00e0 La R\u00e9union \u00bb par Josian Delaunay, Directeur <a href=\"https:\/\/formaterra.re\/index.php\/acc_exploitation\/\">Exploitation agricole Forma\u2019Terra<\/a><\/span><\/li><li dir=\"auto\" style=\"text-align: left;\"><span style=\"color: #000080;\"><strong>25 nov 2022 de 10h &#8211; 11h (Espace 2)<\/strong> : Conf\u00e9rence \u00ab Les transitions agro\u00e9cologiques sur une parcelle maraichage \u00bb par J\u00e9r\u00f4me Masson, Responsable <a href=\"https:\/\/formaterra.re\/index.php\/agroecologie\/\">p\u00f4les\u00a0<span class=\"v1SpellE\">Ecophyto<\/span>&amp;Transfert<\/a> \/ <a href=\"https:\/\/formaterra.re\/index.php\/reap-aaoi\/\">Coop\u00e9ration r\u00e9gionale OI\/FEADER<\/a><\/span><\/li><\/ul><\/div><\/div><\/div><\/div><\/div><div><div dir=\"auto\">\u00a0\u00a0<\/div><\/div><div><span style=\"color: #000080;\"><img decoding=\"async\" src=\"https:\/\/formaterra.re\/wp-content\/uploads\/2021\/09\/LOGo_EA_slogan_aventure_vivant_coul-300x138.jpg\" alt=\"\" width=\"300\" height=\"138\" \/><\/span><\/div><div><div><span style=\"color: #000080;\"><span style=\"color: 00ab00; font-size: medium;\"><b>\u00a0 \u00a0 \u00a0<\/b><\/span><\/span><span style=\"color: inherit; font-family: Montserrat, Helvetica, sans-serif; font-size: 26px; font-variant-ligatures: inherit; font-variant-caps: inherit; font-weight: bold;\">\u00a0<\/span><\/div><\/div><div><div>\u00a0<\/div><\/div>\t\t\t\t\t\t<\/div>\n\t\t\t\t<\/div>\n\t\t\t\t<div class=\"elementor-element elementor-element-d306d38 elementor-align-center elementor-button-warning elementor-widget elementor-widget-button\" data-id=\"d306d38\" data-element_type=\"widget\" data-widget_type=\"button.default\">\n\t\t\t\t<div class=\"elementor-widget-container\">\n\t\t\t\t\t<div class=\"elementor-button-wrapper\">\n\t\t\t<a class=\"elementor-button elementor-button-link elementor-size-sm elementor-animation-grow\" href=\"https:\/\/formaterra.re\/index.php\/cfppa\/\">\n\t\t\t\t\t\t<span class=\"elementor-button-content-wrapper\">\n\t\t\t\t\t\t<span class=\"elementor-button-icon elementor-align-icon-left\">\n\t\t\t\t<i aria-hidden=\"true\" class=\"far fa-arrow-alt-circle-right\"><\/i>\t\t\t<\/span>\n\t\t\t\t\t\t<span class=\"elementor-button-text\"> Plus d'informations sur la formation continue (CFPPA)<\/span>\n\t\t<\/span>\n\t\t\t\t\t<\/a>\n\t\t<\/div>\n\t\t\t\t<\/div>\n\t\t\t\t<\/div>\n\t\t\t\t<div class=\"elementor-element elementor-element-24d83d08 elementor-align-center elementor-button-warning elementor-widget elementor-widget-button\" data-id=\"24d83d08\" data-element_type=\"widget\" data-widget_type=\"button.default\">\n\t\t\t\t<div class=\"elementor-widget-container\">\n\t\t\t\t\t<div class=\"elementor-button-wrapper\">\n\t\t\t<a class=\"elementor-button elementor-button-link elementor-size-sm elementor-animation-grow\" href=\"https:\/\/formaterra.re\/index.php\/formation-par-apprentissage\/\">\n\t\t\t\t\t\t<span class=\"elementor-button-content-wrapper\">\n\t\t\t\t\t\t<span class=\"elementor-button-icon elementor-align-icon-left\">\n\t\t\t\t<i aria-hidden=\"true\" class=\"far fa-arrow-alt-circle-right\"><\/i>\t\t\t<\/span>\n\t\t\t\t\t\t<span class=\"elementor-button-text\"> Plus d'informations sur nos formations par apprentissage (CFAA)<\/span>\n\t\t<\/span>\n\t\t\t\t\t<\/a>\n\t\t<\/div>\n\t\t\t\t<\/div>\n\t\t\t\t<\/div>\n\t\t\t\t<div class=\"elementor-element elementor-element-3ef4ba07 elementor-align-center elementor-widget elementor-widget-button\" data-id=\"3ef4ba07\" data-element_type=\"widget\" data-widget_type=\"button.default\">\n\t\t\t\t<div class=\"elementor-widget-container\">\n\t\t\t\t\t<div class=\"elementor-button-wrapper\">\n\t\t\t<a class=\"elementor-button elementor-button-link elementor-size-sm elementor-animation-grow\" href=\"https:\/\/formaterra.re\/index.php\/lycee\/\">\n\t\t\t\t\t\t<span class=\"elementor-button-content-wrapper\">\n\t\t\t\t\t\t<span class=\"elementor-button-icon elementor-align-icon-left\">\n\t\t\t\t<i aria-hidden=\"true\" class=\"far fa-arrow-alt-circle-right\"><\/i>\t\t\t<\/span>\n\t\t\t\t\t\t<span class=\"elementor-button-text\"> Plus d'informations sur nos formations initiales (LYCEE)<\/span>\n\t\t<\/span>\n\t\t\t\t\t<\/a>\n\t\t<\/div>\n\t\t\t\t<\/div>\n\t\t\t\t<\/div>\n\t\t\t\t\t<\/div>\n\t\t<\/div>\n\t\t\t\t\t<\/div>\n\t\t<\/section>\n\t\t\t\t<section class=\"elementor-section elementor-top-section elementor-element elementor-element-4a3cf50e elementor-section-boxed elementor-section-height-default elementor-section-height-default\" data-id=\"4a3cf50e\" data-element_type=\"section\">\n\t\t\t\t\t\t<div class=\"elementor-container elementor-column-gap-default\">\n\t\t\t\t\t<div class=\"elementor-column elementor-col-100 elementor-top-column elementor-element elementor-element-4f3a8ec\" data-id=\"4f3a8ec\" data-element_type=\"column\">\n\t\t\t<div class=\"elementor-widget-wrap elementor-element-populated\">\n\t\t\t\t\t\t<div class=\"elementor-element elementor-element-692f5137 elementor-widget elementor-widget-spacer\" data-id=\"692f5137\" data-element_type=\"widget\" data-widget_type=\"spacer.default\">\n\t\t\t\t<div class=\"elementor-widget-container\">\n\t\t\t\t\t<div class=\"elementor-spacer\">\n\t\t\t<div class=\"elementor-spacer-inner\"><\/div>\n\t\t<\/div>\n\t\t\t\t<\/div>\n\t\t\t\t<\/div>\n\t\t\t\t\t<\/div>\n\t\t<\/div>\n\t\t\t\t\t<\/div>\n\t\t<\/section>\n\t\t\t\t<section class=\"elementor-section elementor-top-section elementor-element elementor-element-12bdceeb elementor-section-boxed elementor-section-height-default elementor-section-height-default\" data-id=\"12bdceeb\" data-element_type=\"section\">\n\t\t\t\t\t\t<div class=\"elementor-container elementor-column-gap-default\">\n\t\t\t\t\t<div class=\"elementor-column elementor-col-100 elementor-top-column elementor-element elementor-element-3a1243a8\" data-id=\"3a1243a8\" data-element_type=\"column\">\n\t\t\t<div class=\"elementor-widget-wrap elementor-element-populated\">\n\t\t\t\t\t\t<div class=\"elementor-element elementor-element-183a542d elementor-widget elementor-widget-text-editor\" data-id=\"183a542d\" data-element_type=\"widget\" data-widget_type=\"text-editor.default\">\n\t\t\t\t<div class=\"elementor-widget-container\">\n\t\t\t\t\t\t\t<h4><em><span style=\"color: #0000ff;\"><strong>Suivez-nous sur les r\u00e9seaux sociaux\u00a0 !<\/strong><\/span><\/em><\/h4>\t\t\t\t\t\t<\/div>\n\t\t\t\t<\/div>\n\t\t\t\t\t<\/div>\n\t\t<\/div>\n\t\t\t\t\t<\/div>\n\t\t<\/section>\n\t\t\t\t<section class=\"elementor-section elementor-top-section elementor-element elementor-element-52d4786e elementor-section-boxed elementor-section-height-default elementor-section-height-default\" data-id=\"52d4786e\" data-element_type=\"section\">\n\t\t\t\t\t\t<div class=\"elementor-container elementor-column-gap-default\">\n\t\t\t\t\t<div class=\"elementor-column elementor-col-100 elementor-top-column elementor-element elementor-element-760b934d\" data-id=\"760b934d\" data-element_type=\"column\">\n\t\t\t<div class=\"elementor-widget-wrap elementor-element-populated\">\n\t\t\t\t\t\t<div class=\"elementor-element elementor-element-75aef1a5 elementor-shape-rounded elementor-grid-0 e-grid-align-center elementor-widget elementor-widget-social-icons\" data-id=\"75aef1a5\" data-element_type=\"widget\" data-widget_type=\"social-icons.default\">\n\t\t\t\t<div class=\"elementor-widget-container\">\n\t\t\t\t\t<div class=\"elementor-social-icons-wrapper elementor-grid\">\n\t\t\t\t\t\t\t<span class=\"elementor-grid-item\">\n\t\t\t\t\t<a class=\"elementor-icon elementor-social-icon elementor-social-icon-facebook elementor-repeater-item-0ae523e\" href=\"https:\/\/www.facebook.com\/formaterra.re\/\" target=\"_blank\">\n\t\t\t\t\t\t<span class=\"elementor-screen-only\">Facebook<\/span>\n\t\t\t\t\t\t<i class=\"fab fa-facebook\"><\/i>\t\t\t\t\t<\/a>\n\t\t\t\t<\/span>\n\t\t\t\t\t\t\t<span class=\"elementor-grid-item\">\n\t\t\t\t\t<a class=\"elementor-icon elementor-social-icon elementor-social-icon-youtube elementor-repeater-item-0cb49a3\" href=\"https:\/\/www.youtube.com\/channel\/UCzKnt8MYHJLIRkZg_Lx6PiA\" target=\"_blank\">\n\t\t\t\t\t\t<span class=\"elementor-screen-only\">Youtube<\/span>\n\t\t\t\t\t\t<i class=\"fab fa-youtube\"><\/i>\t\t\t\t\t<\/a>\n\t\t\t\t<\/span>\n\t\t\t\t\t\t\t<span class=\"elementor-grid-item\">\n\t\t\t\t\t<a class=\"elementor-icon elementor-social-icon elementor-social-icon-instagram elementor-repeater-item-d0e4b6d\" href=\"https:\/\/www.instagram.com\/formaterra.re\/?hl=fr\" target=\"_blank\">\n\t\t\t\t\t\t<span class=\"elementor-screen-only\">Instagram<\/span>\n\t\t\t\t\t\t<i class=\"fab fa-instagram\"><\/i>\t\t\t\t\t<\/a>\n\t\t\t\t<\/span>\n\t\t\t\t\t<\/div>\n\t\t\t\t<\/div>\n\t\t\t\t<\/div>\n\t\t\t\t\t<\/div>\n\t\t<\/div>\n\t\t\t\t\t<\/div>\n\t\t<\/section>\n\t\t\t\t<section class=\"elementor-section elementor-top-section elementor-element elementor-element-66113971 elementor-section-boxed elementor-section-height-default elementor-section-height-default\" data-id=\"66113971\" data-element_type=\"section\">\n\t\t\t\t\t\t<div class=\"elementor-container elementor-column-gap-default\">\n\t\t\t\t\t<div class=\"elementor-column elementor-col-100 elementor-top-column elementor-element elementor-element-4d0aa875\" data-id=\"4d0aa875\" data-element_type=\"column\">\n\t\t\t<div class=\"elementor-widget-wrap elementor-element-populated\">\n\t\t\t\t\t\t<div class=\"elementor-element elementor-element-b319064 elementor-widget elementor-widget-spacer\" data-id=\"b319064\" data-element_type=\"widget\" data-widget_type=\"spacer.default\">\n\t\t\t\t<div class=\"elementor-widget-container\">\n\t\t\t\t\t<div class=\"elementor-spacer\">\n\t\t\t<div class=\"elementor-spacer-inner\"><\/div>\n\t\t<\/div>\n\t\t\t\t<\/div>\n\t\t\t\t<\/div>\n\t\t\t\t\t<\/div>\n\t\t<\/div>\n\t\t\t\t\t<\/div>\n\t\t<\/section>\n\t\t\t\t<\/div>\n\t\t","protected":false},"excerpt":{"rendered":"<p>RETROUVEZ FORMA\u2019TERRA au Festival TI PA TI PA : du 24 au 26 novembre 2022 FORMA&rsquo;TERRA : Acteur de la Transition Ecologique et Solidaire ! Participez au Festival \u00ab\u00a0Ti pa<a href=\"https:\/\/formaterra.re\/index.php\/2022\/11\/22\/retrouvez-formaterra-au-festival-ti-pa-ti-pa-transition-ecologique-et-solidaire-du-24-au-26-novembre-2022\/\">[&#8230;]<\/a><\/p>\n","protected":false},"author":2,"featured_media":14676,"comment_status":"closed","ping_status":"open","sticky":false,"template":"elementor_header_footer","format":"standard","meta":{"footnotes":""},"categories":[6,10,17,11],"tags":[],"class_list":["post-14675","post","type-post","status-publish","format-standard","has-post-thumbnail","hentry","category-actu","category-agroecologie","category-ecophyto","category-evenement"],"_links":{"self":[{"href":"https:\/\/formaterra.re\/index.php\/wp-json\/wp\/v2\/posts\/14675","targetHints":{"allow":["GET"]}}],"collection":[{"href":"https:\/\/formaterra.re\/index.php\/wp-json\/wp\/v2\/posts"}],"about":[{"href":"https:\/\/formaterra.re\/index.php\/wp-json\/wp\/v2\/types\/post"}],"author":[{"embeddable":true,"href":"https:\/\/formaterra.re\/index.php\/wp-json\/wp\/v2\/users\/2"}],"replies":[{"embeddable":true,"href":"https:\/\/formaterra.re\/index.php\/wp-json\/wp\/v2\/comments?post=14675"}],"version-history":[{"count":3,"href":"https:\/\/formaterra.re\/index.php\/wp-json\/wp\/v2\/posts\/14675\/revisions"}],"predecessor-version":[{"id":14680,"href":"https:\/\/formaterra.re\/index.php\/wp-json\/wp\/v2\/posts\/14675\/revisions\/14680"}],"wp:featuredmedia":[{"embeddable":true,"href":"https:\/\/formaterra.re\/index.php\/wp-json\/wp\/v2\/media\/14676"}],"wp:attachment":[{"href":"https:\/\/formaterra.re\/index.php\/wp-json\/wp\/v2\/media?parent=14675"}],"wp:term":[{"taxonomy":"category","embeddable":true,"href":"https:\/\/formaterra.re\/index.php\/wp-json\/wp\/v2\/categories?post=14675"},{"taxonomy":"post_tag","embeddable":true,"href":"https:\/\/formaterra.re\/index.php\/wp-json\/wp\/v2\/tags?post=14675"}],"curies":[{"name":"wp","href":"https:\/\/api.w.org\/{rel}","templated":true}]}}