{"id":14705,"date":"2022-12-14T16:36:26","date_gmt":"2022-12-14T12:36:26","guid":{"rendered":"https:\/\/formaterra.re\/?p=14705"},"modified":"2022-12-14T16:43:36","modified_gmt":"2022-12-14T12:43:36","slug":"offre-demploi-technicienne-agricole-h-f","status":"publish","type":"post","link":"https:\/\/formaterra.re\/index.php\/2022\/12\/14\/offre-demploi-technicienne-agricole-h-f\/","title":{"rendered":"OFFRE D&rsquo;EMPLOI : Technicien(ne) agricole H\/F"},"content":{"rendered":"\t\t<div data-elementor-type=\"wp-post\" data-elementor-id=\"14705\" class=\"elementor elementor-14705\">\n\t\t\t\t\t\t<section class=\"elementor-section elementor-top-section elementor-element elementor-element-33f121be elementor-section-boxed elementor-section-height-default elementor-section-height-default\" data-id=\"33f121be\" data-element_type=\"section\">\n\t\t\t\t\t\t<div class=\"elementor-container elementor-column-gap-default\">\n\t\t\t\t\t<div class=\"elementor-column elementor-col-100 elementor-top-column elementor-element elementor-element-1d8eac52\" data-id=\"1d8eac52\" data-element_type=\"column\">\n\t\t\t<div class=\"elementor-widget-wrap elementor-element-populated\">\n\t\t\t\t\t\t<div class=\"elementor-element elementor-element-451f83c5 elementor-widget elementor-widget-spacer\" data-id=\"451f83c5\" data-element_type=\"widget\" data-widget_type=\"spacer.default\">\n\t\t\t\t<div class=\"elementor-widget-container\">\n\t\t\t\t\t<div class=\"elementor-spacer\">\n\t\t\t<div class=\"elementor-spacer-inner\"><\/div>\n\t\t<\/div>\n\t\t\t\t<\/div>\n\t\t\t\t<\/div>\n\t\t\t\t\t<\/div>\n\t\t<\/div>\n\t\t\t\t\t<\/div>\n\t\t<\/section>\n\t\t\t\t<section class=\"elementor-section elementor-top-section elementor-element elementor-element-68d1c765 elementor-section-boxed elementor-section-height-default elementor-section-height-default\" data-id=\"68d1c765\" data-element_type=\"section\">\n\t\t\t\t\t\t<div class=\"elementor-container elementor-column-gap-default\">\n\t\t\t\t\t<div class=\"elementor-column elementor-col-100 elementor-top-column elementor-element elementor-element-5fea2f20\" data-id=\"5fea2f20\" data-element_type=\"column\">\n\t\t\t<div class=\"elementor-widget-wrap\">\n\t\t\t\t\t\t\t<\/div>\n\t\t<\/div>\n\t\t\t\t\t<\/div>\n\t\t<\/section>\n\t\t\t\t<section class=\"elementor-section elementor-top-section elementor-element elementor-element-62ad23c9 elementor-section-boxed elementor-section-height-default elementor-section-height-default\" data-id=\"62ad23c9\" data-element_type=\"section\">\n\t\t\t\t\t\t<div class=\"elementor-container elementor-column-gap-default\">\n\t\t\t\t\t<div class=\"elementor-column elementor-col-100 elementor-top-column elementor-element elementor-element-58997dc2\" data-id=\"58997dc2\" data-element_type=\"column\">\n\t\t\t<div class=\"elementor-widget-wrap elementor-element-populated\">\n\t\t\t\t\t\t<div class=\"elementor-element elementor-element-63efed52 elementor-widget elementor-widget-spacer\" data-id=\"63efed52\" data-element_type=\"widget\" data-widget_type=\"spacer.default\">\n\t\t\t\t<div class=\"elementor-widget-container\">\n\t\t\t\t\t<div class=\"elementor-spacer\">\n\t\t\t<div class=\"elementor-spacer-inner\"><\/div>\n\t\t<\/div>\n\t\t\t\t<\/div>\n\t\t\t\t<\/div>\n\t\t\t\t<div class=\"elementor-element elementor-element-3e9da77e elementor-widget elementor-widget-heading\" data-id=\"3e9da77e\" data-element_type=\"widget\" data-widget_type=\"heading.default\">\n\t\t\t\t<div class=\"elementor-widget-container\">\n\t\t\t<h1 class=\"elementor-heading-title elementor-size-default\"><h1 itemprop=\"headline\">OFFRE D'EMPLOI : Technicien(ne) agricole (H\/F)<\/h1><\/h1>\t\t<\/div>\n\t\t\t\t<\/div>\n\t\t\t\t\t<\/div>\n\t\t<\/div>\n\t\t\t\t\t<\/div>\n\t\t<\/section>\n\t\t\t\t<section class=\"elementor-section elementor-top-section elementor-element elementor-element-1c2c2ff8 elementor-section-boxed elementor-section-height-default elementor-section-height-default\" data-id=\"1c2c2ff8\" data-element_type=\"section\">\n\t\t\t\t\t\t<div class=\"elementor-container elementor-column-gap-default\">\n\t\t\t\t\t<div class=\"elementor-column elementor-col-50 elementor-top-column elementor-element elementor-element-38437929\" data-id=\"38437929\" data-element_type=\"column\">\n\t\t\t<div class=\"elementor-widget-wrap elementor-element-populated\">\n\t\t\t\t\t\t<div class=\"elementor-element elementor-element-142e66ff elementor-widget elementor-widget-image\" data-id=\"142e66ff\" data-element_type=\"widget\" data-widget_type=\"image.default\">\n\t\t\t\t<div class=\"elementor-widget-container\">\n\t\t\t\t\t\t\t\t\t\t\t\t\t<img fetchpriority=\"high\" decoding=\"async\" width=\"405\" height=\"237\" src=\"https:\/\/formaterra.re\/wp-content\/uploads\/2021\/02\/logo_armeflhor.png\" class=\"attachment-full size-full wp-image-12678\" alt=\"\" srcset=\"https:\/\/formaterra.re\/wp-content\/uploads\/2021\/02\/logo_armeflhor.png 405w, https:\/\/formaterra.re\/wp-content\/uploads\/2021\/02\/logo_armeflhor-300x176.png 300w\" sizes=\"(max-width: 405px) 100vw, 405px\" \/>\t\t\t\t\t\t\t\t\t\t\t\t\t<\/div>\n\t\t\t\t<\/div>\n\t\t\t\t\t<\/div>\n\t\t<\/div>\n\t\t\t\t<div class=\"elementor-column elementor-col-50 elementor-top-column elementor-element elementor-element-559f00a\" data-id=\"559f00a\" data-element_type=\"column\">\n\t\t\t<div class=\"elementor-widget-wrap elementor-element-populated\">\n\t\t\t\t\t\t<div class=\"elementor-element elementor-element-42eeb6a4 elementor-widget elementor-widget-heading\" data-id=\"42eeb6a4\" data-element_type=\"widget\" data-widget_type=\"heading.default\">\n\t\t\t\t<div class=\"elementor-widget-container\">\n\t\t\t<h3 class=\"elementor-heading-title elementor-size-default\">L' ORGANISME<\/h3>\t\t<\/div>\n\t\t\t\t<\/div>\n\t\t\t\t<div class=\"elementor-element elementor-element-1f5303df elementor-widget elementor-widget-text-editor\" data-id=\"1f5303df\" data-element_type=\"widget\" data-widget_type=\"text-editor.default\">\n\t\t\t\t<div class=\"elementor-widget-container\">\n\t\t\t\t\t\t\t<div class=\"textwidget\" style=\"text-align: center;\"><strong>L\u2019 ARMEFLHOR<\/strong> est un institut technique au service des fili\u00e8res fruits, l\u00e9gumes et horticulture de l\u2019\u00eele de La R\u00e9union.<\/div><div class=\"textwidget\" style=\"text-align: center;\">Dans le cadre du projet \u00ab Pollinisation \u00bb et pour assister le (la) charg\u00e9(e) de mission pollinisation dans les travaux tr\u00e8s diversifi\u00e9s dans le respect des normes de s\u00e9curit\u00e9, d\u2019hygi\u00e8ne et d\u2019environnement, l\u2019ARMEFLHOR recrute un(e) :<\/div><div>\u00a0<\/div><div class=\"textwidget\" style=\"text-align: center;\"><strong>Technicien(ne) agricole (H\/F)<\/strong><\/div><div class=\"textwidget\" style=\"text-align: center;\">\u00a0<\/div>\t\t\t\t\t\t<\/div>\n\t\t\t\t<\/div>\n\t\t\t\t<div class=\"elementor-element elementor-element-186c83c3 elementor-widget elementor-widget-heading\" data-id=\"186c83c3\" data-element_type=\"widget\" data-widget_type=\"heading.default\">\n\t\t\t\t<div class=\"elementor-widget-container\">\n\t\t\t<h3 class=\"elementor-heading-title elementor-size-default\">FONCTIONS<\/h3>\t\t<\/div>\n\t\t\t\t<\/div>\n\t\t\t\t<div class=\"elementor-element elementor-element-302a3 elementor-widget elementor-widget-text-editor\" data-id=\"302a3\" data-element_type=\"widget\" data-widget_type=\"text-editor.default\">\n\t\t\t\t<div class=\"elementor-widget-container\">\n\t\t\t\t\t\t\t<p style=\"text-align: left;\"><span style=\"color: #333333;\">Sous la responsabilit\u00e9 du Directeur Technique, il sera charg\u00e9 en liaison avec les agriculteurs <\/span><span style=\"color: #333333;\">adh\u00e9rents de l\u2019institut et l\u2019ensemble des acteurs d\u2019\u00e9tudier les probl\u00e8mes techniques des <\/span><span style=\"color: #333333;\">Syst\u00e8mes Agroforestiers notamment de la fili\u00e8re plantes \u00e0 parfum, aromatiques et m\u00e9dicinales <\/span><span style=\"color: #333333;\">(PAPAM). Lorsque ces derniers rel\u00e8veront du domaine de comp\u00e9tence de l\u2019institut, <\/span><span style=\"color: #333333;\">d\u2019entreprendre les actions qui permettront de les r\u00e9soudre, notamment :<\/span><br \/><span style=\"color: #333333;\">&#8211; en \u00e9laborant chaque ann\u00e9e en fonction des demandes un programme d\u2019actions <\/span><span style=\"color: #333333;\">chiffr\u00e9,<\/span><br \/><span style=\"color: #333333;\">&#8211; en assurant, en fonction des moyens disponibles, la mise en place, la r\u00e9alisation, <\/span><span style=\"color: #333333;\">l\u2019analyse et la diffusion des r\u00e9sultats des actions programm\u00e9es : \u00e9tudes, enqu\u00eates et <\/span><span style=\"color: #333333;\">exp\u00e9rimentations<\/span><\/p>\t\t\t\t\t\t<\/div>\n\t\t\t\t<\/div>\n\t\t\t\t<div class=\"elementor-element elementor-element-21cf2f6d elementor-widget elementor-widget-heading\" data-id=\"21cf2f6d\" data-element_type=\"widget\" data-widget_type=\"heading.default\">\n\t\t\t\t<div class=\"elementor-widget-container\">\n\t\t\t<h3 class=\"elementor-heading-title elementor-size-default\">MISSIONS<\/h3>\t\t<\/div>\n\t\t\t\t<\/div>\n\t\t\t\t<div class=\"elementor-element elementor-element-4425943f elementor-widget elementor-widget-text-editor\" data-id=\"4425943f\" data-element_type=\"widget\" data-widget_type=\"text-editor.default\">\n\t\t\t\t<div class=\"elementor-widget-container\">\n\t\t\t\t\t\t\t<p style=\"text-align: left;\"><span style=\"color: #333333;\">&#8211; La mise en place des essais sur le terrain<\/span><br \/><span style=\"color: #333333;\">&#8211; Le suivi et l\u2019entretien de la culture<\/span><br \/><span style=\"color: #333333;\">&#8211; La rel\u00e8ve des mesures selon les modalit\u00e9s indiqu\u00e9es dans les protocoles<\/span><br \/><span style=\"color: #333333;\">&#8211; La pr\u00e9paration et le r\u00e9f\u00e9rencement des \u00e9chantillons<\/span><br \/><span style=\"color: #333333;\">&#8211; Les notations<\/span><br \/><span style=\"color: #333333;\">Il ou elle peut \u00eatre amen\u00e9(e), en cas de besoin, \u00e0 participer aux autres activit\u00e9s de la station.<\/span><\/p>\t\t\t\t\t\t<\/div>\n\t\t\t\t<\/div>\n\t\t\t\t<div class=\"elementor-element elementor-element-09c4f1d elementor-widget elementor-widget-heading\" data-id=\"09c4f1d\" data-element_type=\"widget\" data-widget_type=\"heading.default\">\n\t\t\t\t<div class=\"elementor-widget-container\">\n\t\t\t<h3 class=\"elementor-heading-title elementor-size-default\">PROFIL<\/h3>\t\t<\/div>\n\t\t\t\t<\/div>\n\t\t\t\t<div class=\"elementor-element elementor-element-bb697c3 elementor-widget elementor-widget-text-editor\" data-id=\"bb697c3\" data-element_type=\"widget\" data-widget_type=\"text-editor.default\">\n\t\t\t\t<div class=\"elementor-widget-container\">\n\t\t\t\t\t\t\t<ul><li style=\"text-align: left;\"><span style=\"color: #333333;\">Au minimum CAPA et\/ou BEPA<\/span><\/li><li style=\"text-align: left;\"><span style=\"color: #333333;\">Permis B<\/span><\/li><\/ul>\t\t\t\t\t\t<\/div>\n\t\t\t\t<\/div>\n\t\t\t\t<div class=\"elementor-element elementor-element-764f340 elementor-widget elementor-widget-heading\" data-id=\"764f340\" data-element_type=\"widget\" data-widget_type=\"heading.default\">\n\t\t\t\t<div class=\"elementor-widget-container\">\n\t\t\t<h3 class=\"elementor-heading-title elementor-size-default\">COMP\u00c9TENCES<\/h3>\t\t<\/div>\n\t\t\t\t<\/div>\n\t\t\t\t<div class=\"elementor-element elementor-element-37f01e2 elementor-widget elementor-widget-text-editor\" data-id=\"37f01e2\" data-element_type=\"widget\" data-widget_type=\"text-editor.default\">\n\t\t\t\t<div class=\"elementor-widget-container\">\n\t\t\t\t\t\t\t<p style=\"text-align: left;\"><span style=\"color: #333333;\">&#8211; Autonomie<\/span><br \/><span style=\"color: #333333;\">&#8211; \u00catre capable de travailler en \u00e9quipe<\/span><br \/><span style=\"color: #333333;\">&#8211; Polyvalent<\/span><br \/><span style=\"color: #333333;\">&#8211; Dynamique<\/span><br \/><span style=\"color: #333333;\">&#8211; Bonne condition physique <\/span><\/p>\t\t\t\t\t\t<\/div>\n\t\t\t\t<\/div>\n\t\t\t\t<div class=\"elementor-element elementor-element-8811a2a elementor-widget elementor-widget-heading\" data-id=\"8811a2a\" data-element_type=\"widget\" data-widget_type=\"heading.default\">\n\t\t\t\t<div class=\"elementor-widget-container\">\n\t\t\t<h3 class=\"elementor-heading-title elementor-size-default\">CONDITIONS<\/h3>\t\t<\/div>\n\t\t\t\t<\/div>\n\t\t\t\t<div class=\"elementor-element elementor-element-6118a3eb elementor-widget elementor-widget-text-editor\" data-id=\"6118a3eb\" data-element_type=\"widget\" data-widget_type=\"text-editor.default\">\n\t\t\t\t<div class=\"elementor-widget-container\">\n\t\t\t\t\t\t\t<ul><li style=\"text-align: left;\"><span style=\"color: #333333;\">Lieu d\u2019affectation : St-Pierre \u2013 Ile de La R\u00e9union<\/span><\/li><li style=\"text-align: left;\"><span style=\"color: #333333;\">Type de contrat : CDD de 12 mois &#8211; <\/span><span style=\"color: #333333;\">39 heures\/semaine \u2013 Accord ARTT : 24 jours\/an<\/span><\/li><li style=\"text-align: left;\"><span style=\"color: #333333;\">R\u00e9mun\u00e9ration brute annuelle : 20 310 \u20ac<\/span><\/li><li style=\"text-align: left;\"><span style=\"color: #333333;\">Date de prise de fonction : Janvier 2023<\/span><\/li><\/ul>\t\t\t\t\t\t<\/div>\n\t\t\t\t<\/div>\n\t\t\t\t<div class=\"elementor-element elementor-element-29cf94df elementor-widget elementor-widget-heading\" data-id=\"29cf94df\" data-element_type=\"widget\" data-widget_type=\"heading.default\">\n\t\t\t\t<div class=\"elementor-widget-container\">\n\t\t\t<h3 class=\"elementor-heading-title elementor-size-default\">POUR POSTULER<\/h3>\t\t<\/div>\n\t\t\t\t<\/div>\n\t\t\t\t<div class=\"elementor-element elementor-element-55d449d0 elementor-widget elementor-widget-text-editor\" data-id=\"55d449d0\" data-element_type=\"widget\" data-widget_type=\"text-editor.default\">\n\t\t\t\t<div class=\"elementor-widget-container\">\n\t\t\t\t\t\t\t<div class=\"elementor-element elementor-element-1f3fa51d elementor-widget elementor-widget-text-editor\" data-id=\"1f3fa51d\" data-element_type=\"widget\" data-widget_type=\"text-editor.default\"><div class=\"elementor-widget-container\"><div class=\"elementor-text-editor elementor-clearfix\"><p style=\"text-align: center;\"><strong>Merci d\u2019adresser vos candidatures (lettre + CV)<\/strong> <strong>par e-mail sur :<\/strong> <a href=\"mailto:info@armeflhor.fr\">info@armeflhor.fr<\/a><\/p><\/div><p><em><span style=\"color: #993366;\">Date limite de d\u00e9p\u00f4t de candidature :\u00a009\/01\/2023<\/span><\/em><\/p><\/div><\/div>\t\t\t\t\t\t<\/div>\n\t\t\t\t<\/div>\n\t\t\t\t\t<\/div>\n\t\t<\/div>\n\t\t\t\t\t<\/div>\n\t\t<\/section>\n\t\t\t\t<section class=\"elementor-section elementor-top-section elementor-element elementor-element-6a15f0bb elementor-section-boxed elementor-section-height-default elementor-section-height-default\" data-id=\"6a15f0bb\" data-element_type=\"section\">\n\t\t\t\t\t\t<div class=\"elementor-container elementor-column-gap-default\">\n\t\t\t\t\t<div class=\"elementor-column elementor-col-50 elementor-top-column elementor-element elementor-element-7c3ef8f7\" data-id=\"7c3ef8f7\" data-element_type=\"column\">\n\t\t\t<div class=\"elementor-widget-wrap\">\n\t\t\t\t\t\t\t<\/div>\n\t\t<\/div>\n\t\t\t\t<div class=\"elementor-column elementor-col-50 elementor-top-column elementor-element elementor-element-126d53ed\" data-id=\"126d53ed\" data-element_type=\"column\">\n\t\t\t<div class=\"elementor-widget-wrap elementor-element-populated\">\n\t\t\t\t\t\t<div class=\"elementor-element elementor-element-4a543c7c elementor-align-center elementor-widget elementor-widget-button\" data-id=\"4a543c7c\" data-element_type=\"widget\" data-widget_type=\"button.default\">\n\t\t\t\t<div class=\"elementor-widget-container\">\n\t\t\t\t\t<div class=\"elementor-button-wrapper\">\n\t\t\t<a class=\"elementor-button elementor-button-link elementor-size-sm elementor-animation-grow\" href=\"http:\/\/www.armeflhor.fr\/\">\n\t\t\t\t\t\t<span class=\"elementor-button-content-wrapper\">\n\t\t\t\t\t\t<span class=\"elementor-button-text\">Plus d'informations sur l'organisme<\/span>\n\t\t<\/span>\n\t\t\t\t\t<\/a>\n\t\t<\/div>\n\t\t\t\t<\/div>\n\t\t\t\t<\/div>\n\t\t\t\t\t<\/div>\n\t\t<\/div>\n\t\t\t\t\t<\/div>\n\t\t<\/section>\n\t\t\t\t<\/div>\n\t\t","protected":false},"excerpt":{"rendered":"<p>OFFRE D&rsquo;EMPLOI : Technicien(ne) agricole (H\/F) L&rsquo; ORGANISME L\u2019 ARMEFLHOR est un institut technique au service des fili\u00e8res fruits, l\u00e9gumes et horticulture de l\u2019\u00eele de La R\u00e9union.Dans le cadre du<a href=\"https:\/\/formaterra.re\/index.php\/2022\/12\/14\/offre-demploi-technicienne-agricole-h-f\/\">[&#8230;]<\/a><\/p>\n","protected":false},"author":2,"featured_media":12678,"comment_status":"closed","ping_status":"open","sticky":false,"template":"elementor_header_footer","format":"standard","meta":{"footnotes":""},"categories":[6,8,30,42],"tags":[158,69,39,161,88,134,123,65],"class_list":["post-14705","post","type-post","status-publish","format-standard","has-post-thumbnail","hentry","category-actu","category-emploi","category-offres-demploi-de-nos-partenaires","category-offres-emploi-stage","tag-cestfaitpourmoi","tag-emploi","tag-enseignement-agricole","tag-entrepreneursduvivant","tag-insertion","tag-lareunion","tag-laventureduvivant","tag-offre-emploi-stage"],"_links":{"self":[{"href":"https:\/\/formaterra.re\/index.php\/wp-json\/wp\/v2\/posts\/14705","targetHints":{"allow":["GET"]}}],"collection":[{"href":"https:\/\/formaterra.re\/index.php\/wp-json\/wp\/v2\/posts"}],"about":[{"href":"https:\/\/formaterra.re\/index.php\/wp-json\/wp\/v2\/types\/post"}],"author":[{"embeddable":true,"href":"https:\/\/formaterra.re\/index.php\/wp-json\/wp\/v2\/users\/2"}],"replies":[{"embeddable":true,"href":"https:\/\/formaterra.re\/index.php\/wp-json\/wp\/v2\/comments?post=14705"}],"version-history":[{"count":5,"href":"https:\/\/formaterra.re\/index.php\/wp-json\/wp\/v2\/posts\/14705\/revisions"}],"predecessor-version":[{"id":14710,"href":"https:\/\/formaterra.re\/index.php\/wp-json\/wp\/v2\/posts\/14705\/revisions\/14710"}],"wp:featuredmedia":[{"embeddable":true,"href":"https:\/\/formaterra.re\/index.php\/wp-json\/wp\/v2\/media\/12678"}],"wp:attachment":[{"href":"https:\/\/formaterra.re\/index.php\/wp-json\/wp\/v2\/media?parent=14705"}],"wp:term":[{"taxonomy":"category","embeddable":true,"href":"https:\/\/formaterra.re\/index.php\/wp-json\/wp\/v2\/categories?post=14705"},{"taxonomy":"post_tag","embeddable":true,"href":"https:\/\/formaterra.re\/index.php\/wp-json\/wp\/v2\/tags?post=14705"}],"curies":[{"name":"wp","href":"https:\/\/api.w.org\/{rel}","templated":true}]}}