{"id":15487,"date":"2023-07-10T12:50:02","date_gmt":"2023-07-10T08:50:02","guid":{"rendered":"https:\/\/formaterra.re\/?p=15487"},"modified":"2023-07-10T13:48:30","modified_gmt":"2023-07-10T09:48:30","slug":"retour-sur-la-journee-academique-de-leducation-au-developpement-durable-2023","status":"publish","type":"post","link":"https:\/\/formaterra.re\/index.php\/2023\/07\/10\/retour-sur-la-journee-academique-de-leducation-au-developpement-durable-2023\/","title":{"rendered":"Retour sur la Journ\u00e9e Acad\u00e9mique de l\u2019\u00c9ducation au D\u00e9veloppement Durable 2023"},"content":{"rendered":"\t\t<div data-elementor-type=\"wp-post\" data-elementor-id=\"15487\" class=\"elementor elementor-15487\">\n\t\t\t\t\t\t<section class=\"elementor-section elementor-top-section elementor-element elementor-element-9d9e606 elementor-section-boxed elementor-section-height-default elementor-section-height-default\" data-id=\"9d9e606\" data-element_type=\"section\">\n\t\t\t\t\t\t<div class=\"elementor-container elementor-column-gap-default\">\n\t\t\t\t\t<div class=\"elementor-column elementor-col-100 elementor-top-column elementor-element elementor-element-54b4ba8\" data-id=\"54b4ba8\" data-element_type=\"column\">\n\t\t\t<div class=\"elementor-widget-wrap elementor-element-populated\">\n\t\t\t\t\t\t<div class=\"elementor-element elementor-element-c073e4 elementor-widget elementor-widget-spacer\" data-id=\"c073e4\" data-element_type=\"widget\" data-widget_type=\"spacer.default\">\n\t\t\t\t<div class=\"elementor-widget-container\">\n\t\t\t\t\t<div class=\"elementor-spacer\">\n\t\t\t<div class=\"elementor-spacer-inner\"><\/div>\n\t\t<\/div>\n\t\t\t\t<\/div>\n\t\t\t\t<\/div>\n\t\t\t\t\t<\/div>\n\t\t<\/div>\n\t\t\t\t\t<\/div>\n\t\t<\/section>\n\t\t\t\t<section class=\"elementor-section elementor-top-section elementor-element elementor-element-505dee62 elementor-section-boxed elementor-section-height-default elementor-section-height-default\" data-id=\"505dee62\" data-element_type=\"section\">\n\t\t\t\t\t\t<div class=\"elementor-container elementor-column-gap-default\">\n\t\t\t\t\t<div class=\"elementor-column elementor-col-100 elementor-top-column elementor-element elementor-element-12f6ed4\" data-id=\"12f6ed4\" data-element_type=\"column\">\n\t\t\t<div class=\"elementor-widget-wrap elementor-element-populated\">\n\t\t\t\t\t\t<div class=\"elementor-element elementor-element-2f5e1bff elementor-widget elementor-widget-heading\" data-id=\"2f5e1bff\" data-element_type=\"widget\" data-widget_type=\"heading.default\">\n\t\t\t\t<div class=\"elementor-widget-container\">\n\t\t\t<h1 class=\"elementor-heading-title elementor-size-default\">Journ\u00e9e Acad\u00e9mique de l\u2019\u00c9ducation au D\u00e9veloppement Durable (JAEDD)<\/h1>\t\t<\/div>\n\t\t\t\t<\/div>\n\t\t\t\t\t<\/div>\n\t\t<\/div>\n\t\t\t\t\t<\/div>\n\t\t<\/section>\n\t\t\t\t<section class=\"elementor-section elementor-top-section elementor-element elementor-element-5ff95e3 elementor-section-boxed elementor-section-height-default elementor-section-height-default\" data-id=\"5ff95e3\" data-element_type=\"section\">\n\t\t\t\t\t\t<div class=\"elementor-container elementor-column-gap-default\">\n\t\t\t\t\t<div class=\"elementor-column elementor-col-100 elementor-top-column elementor-element elementor-element-42523679\" data-id=\"42523679\" data-element_type=\"column\">\n\t\t\t<div class=\"elementor-widget-wrap elementor-element-populated\">\n\t\t\t\t\t\t<div class=\"elementor-element elementor-element-4c3e2ede elementor-widget elementor-widget-spacer\" data-id=\"4c3e2ede\" data-element_type=\"widget\" data-widget_type=\"spacer.default\">\n\t\t\t\t<div class=\"elementor-widget-container\">\n\t\t\t\t\t<div class=\"elementor-spacer\">\n\t\t\t<div class=\"elementor-spacer-inner\"><\/div>\n\t\t<\/div>\n\t\t\t\t<\/div>\n\t\t\t\t<\/div>\n\t\t\t\t\t<\/div>\n\t\t<\/div>\n\t\t\t\t\t<\/div>\n\t\t<\/section>\n\t\t\t\t<section class=\"elementor-section elementor-top-section elementor-element elementor-element-1d1b2013 elementor-section-boxed elementor-section-height-default elementor-section-height-default\" data-id=\"1d1b2013\" data-element_type=\"section\">\n\t\t\t\t\t\t<div class=\"elementor-container elementor-column-gap-default\">\n\t\t\t\t\t<div class=\"elementor-column elementor-col-50 elementor-top-column elementor-element elementor-element-795bd017\" data-id=\"795bd017\" data-element_type=\"column\">\n\t\t\t<div class=\"elementor-widget-wrap elementor-element-populated\">\n\t\t\t\t\t\t<div class=\"elementor-element elementor-element-73b561d0 elementor-widget__width-initial elementor-widget elementor-widget-image\" data-id=\"73b561d0\" data-element_type=\"widget\" data-widget_type=\"image.default\">\n\t\t\t\t<div class=\"elementor-widget-container\">\n\t\t\t\t\t\t\t\t\t\t\t\t\t\t<a href=\"https:\/\/formaterra.re\/wp-content\/uploads\/2023\/07\/JOURNEE_DD17.jpg\" data-elementor-open-lightbox=\"yes\" data-elementor-lightbox-title=\"JOURNEE_DD(17)\" data-e-action-hash=\"#elementor-action%3Aaction%3Dlightbox%26settings%3DeyJpZCI6MTU2NTYsInVybCI6Imh0dHBzOlwvXC9mb3JtYXRlcnJhLnJlXC93cC1jb250ZW50XC91cGxvYWRzXC8yMDIzXC8wN1wvSk9VUk5FRV9ERDE3LmpwZyJ9\">\n\t\t\t\t\t\t\t<img fetchpriority=\"high\" decoding=\"async\" width=\"280\" height=\"456\" src=\"https:\/\/formaterra.re\/wp-content\/uploads\/2023\/07\/JOURNEE_DD17.jpg\" class=\"attachment-full size-full wp-image-15656\" alt=\"\" srcset=\"https:\/\/formaterra.re\/wp-content\/uploads\/2023\/07\/JOURNEE_DD17.jpg 280w, https:\/\/formaterra.re\/wp-content\/uploads\/2023\/07\/JOURNEE_DD17-184x300.jpg 184w\" sizes=\"(max-width: 280px) 100vw, 280px\" \/>\t\t\t\t\t\t\t\t<\/a>\n\t\t\t\t\t\t\t\t\t\t\t\t\t<\/div>\n\t\t\t\t<\/div>\n\t\t\t\t\t<\/div>\n\t\t<\/div>\n\t\t\t\t<div class=\"elementor-column elementor-col-50 elementor-top-column elementor-element elementor-element-1e0d7a74\" data-id=\"1e0d7a74\" data-element_type=\"column\">\n\t\t\t<div class=\"elementor-widget-wrap elementor-element-populated\">\n\t\t\t\t\t\t<div class=\"elementor-element elementor-element-27ddee7c elementor-widget elementor-widget-heading\" data-id=\"27ddee7c\" data-element_type=\"widget\" data-widget_type=\"heading.default\">\n\t\t\t\t<div class=\"elementor-widget-container\">\n\t\t\t<h3 class=\"elementor-heading-title elementor-size-default\">Le lyc\u00e9e Emile Boyer de la Giroday labellis\u00e9 :\n\u00c9TABLISSEMENT en D\u00c9MARCHE de D\u00c9VELOPPEMENT DURABLE !<\/h3>\t\t<\/div>\n\t\t\t\t<\/div>\n\t\t\t\t<div class=\"elementor-element elementor-element-744d19e elementor-widget elementor-widget-text-editor\" data-id=\"744d19e\" data-element_type=\"widget\" data-widget_type=\"text-editor.default\">\n\t\t\t\t<div class=\"elementor-widget-container\">\n\t\t\t\t\t\t\t<hr \/><p style=\"text-align: left;\"><span style=\"color: #333399;\"><span style=\"font-family: Roboto; font-style: normal; font-weight: 400;\">A l&rsquo;occasion des <\/span><strong><a href=\"https:\/\/www.departement974.fr\/actualite\/leducation-au-developpement-durable-prend-racine-mascarin-jardin-botanique-2022?fbclid=IwAR1aqHotxCTqC1n7jgObR8V-1fqeznFUAsZOxIvOB5Bn2BS7gLO5UpTKPJo\">Journ\u00e9es Acad\u00e9miques de l\u2019\u00c9ducation au D\u00e9veloppement Durable<\/a> (JAEDD),<span style=\"font-family: Roboto; font-style: normal;\"> les \u00e9co-d\u00e9l\u00e9gu\u00e9s et <\/span>les \u00e9l\u00e8ves <\/strong><span style=\"font-family: Roboto; font-style: normal; font-weight: 400;\"><strong>en 1\u00e8re BAC PRO GMNF<\/strong> (Gestion des Milieux Naturels et de la Faune)<strong> du <a style=\"color: #333399;\" href=\"https:\/\/formaterra.re\/index.php\/lycee\/\"><span style=\"color: #0000ff;\">Lyc\u00e9e Emile Boyer de la Giroday<\/span> <\/a><\/strong><\/span>ont anim\u00e9 un<strong> stand de \u00ab\u00a0<em>sensibilisation \u00e0 la protection de l&rsquo;environnement et des oiseaux end\u00e9miques de La R\u00e9union<\/em>\u00ab\u00a0<\/strong>, l<span style=\"font-family: Roboto; font-style: normal; font-weight: 400;\">e 05 mai 2023 <\/span>au Jardin Botanique des Mascarins.<\/span><\/p><div class=\"x11i5rnm xat24cr x1mh8g0r x1vvkbs xtlvy1s x126k92a\" style=\"text-align: left;\"><div dir=\"auto\"><span style=\"color: #333399;\">Cet \u00e9v\u00e9nement qui r\u00e9unit l\u2019Acad\u00e9mie de La R\u00e9union et de nombreux partenaires associatifs et institutionnels permet de favoriser la <strong>rencontre et la sensibilisation des jeunes sur les th\u00e9matiques li\u00e9es au d\u00e9veloppement durable. <\/strong><\/span><\/div><div dir=\"auto\">\u00a0<\/div><div dir=\"auto\"><span style=\"color: #333399;\"><span style=\"color: #333399;\">Cette manifestation a aussi \u00e9t\u00e9 marqu\u00e9e par des tables rondes et conf\u00e9rences dont l\u2019une \u00e9tait anim\u00e9e par FORMA&rsquo;TERRA sur la t<\/span>h\u00e9matique : \u201c<em>Impact et cons\u00e9quence du changement climatique sur l\u2019agriculture. L\u2019agro\u00e9cologie pour la souverainet\u00e9 alimentaire et la r\u00e9silience climatique \u00e0 l\u2019\u00e9chelle de l\u2019oc\u00e9an indien.\u00a0\u00bb<\/em><\/span><\/div><div dir=\"auto\">\u00a0<\/div><\/div><p style=\"text-align: left;\"><span style=\"color: #333399;\">Autre temps-fort : la c\u00e9r\u00e9monie de remise du label E3D au cours de laquelle <strong>le Lyc\u00e9e Emile Boyer de la Giroday a \u00e9t\u00e9 labellis\u00e9 <\/strong>\u00a0<b>\u00ab\u00a0\u00c9TABLISSEMENT EN D\u00c9MARCHE DE D\u00c9VELOPPEMENT DURABLE\u00a0\u00bb <\/b>(niveau 2)<\/span><\/p><p style=\"text-align: left;\"><span style=\"text-decoration: underline; color: #333399;\">Retour en images :<\/span><\/p><p><div id='gallery-1' class='gallery galleryid-15487 gallery-columns-3 gallery-size-thumbnail'><figure class='gallery-item'>\n\t\t\t<div class='gallery-icon portrait'>\n\t\t\t\t<a href='https:\/\/formaterra.re\/wp-content\/uploads\/2023\/07\/JOURNEE_DD6.jpg'><img decoding=\"async\" width=\"150\" height=\"150\" src=\"https:\/\/formaterra.re\/wp-content\/uploads\/2023\/07\/JOURNEE_DD6-150x150.jpg\" class=\"attachment-thumbnail size-thumbnail\" alt=\"\" srcset=\"https:\/\/formaterra.re\/wp-content\/uploads\/2023\/07\/JOURNEE_DD6-150x150.jpg 150w, https:\/\/formaterra.re\/wp-content\/uploads\/2023\/07\/JOURNEE_DD6-73x73.jpg 73w, https:\/\/formaterra.re\/wp-content\/uploads\/2023\/07\/JOURNEE_DD6-174x174.jpg 174w, https:\/\/formaterra.re\/wp-content\/uploads\/2023\/07\/JOURNEE_DD6-250x250.jpg 250w\" sizes=\"(max-width: 150px) 100vw, 150px\" \/><\/a>\n\t\t\t<\/div><\/figure><figure class='gallery-item'>\n\t\t\t<div class='gallery-icon landscape'>\n\t\t\t\t<a href='https:\/\/formaterra.re\/wp-content\/uploads\/2023\/07\/JOURNEE_DD9.jpg'><img decoding=\"async\" width=\"150\" height=\"150\" src=\"https:\/\/formaterra.re\/wp-content\/uploads\/2023\/07\/JOURNEE_DD9-150x150.jpg\" class=\"attachment-thumbnail size-thumbnail\" alt=\"\" srcset=\"https:\/\/formaterra.re\/wp-content\/uploads\/2023\/07\/JOURNEE_DD9-150x150.jpg 150w, https:\/\/formaterra.re\/wp-content\/uploads\/2023\/07\/JOURNEE_DD9-73x73.jpg 73w, https:\/\/formaterra.re\/wp-content\/uploads\/2023\/07\/JOURNEE_DD9-174x174.jpg 174w, https:\/\/formaterra.re\/wp-content\/uploads\/2023\/07\/JOURNEE_DD9-250x250.jpg 250w\" sizes=\"(max-width: 150px) 100vw, 150px\" \/><\/a>\n\t\t\t<\/div><\/figure><figure class='gallery-item'>\n\t\t\t<div class='gallery-icon landscape'>\n\t\t\t\t<a href='https:\/\/formaterra.re\/wp-content\/uploads\/2023\/07\/Journee_Academique_DD-4.jpg'><img loading=\"lazy\" decoding=\"async\" width=\"150\" height=\"150\" src=\"https:\/\/formaterra.re\/wp-content\/uploads\/2023\/07\/Journee_Academique_DD-4-150x150.jpg\" class=\"attachment-thumbnail size-thumbnail\" alt=\"\" srcset=\"https:\/\/formaterra.re\/wp-content\/uploads\/2023\/07\/Journee_Academique_DD-4-150x150.jpg 150w, https:\/\/formaterra.re\/wp-content\/uploads\/2023\/07\/Journee_Academique_DD-4-73x73.jpg 73w, https:\/\/formaterra.re\/wp-content\/uploads\/2023\/07\/Journee_Academique_DD-4-174x174.jpg 174w, https:\/\/formaterra.re\/wp-content\/uploads\/2023\/07\/Journee_Academique_DD-4-250x250.jpg 250w\" sizes=\"(max-width: 150px) 100vw, 150px\" \/><\/a>\n\t\t\t<\/div><\/figure><figure class='gallery-item'>\n\t\t\t<div class='gallery-icon landscape'>\n\t\t\t\t<a href='https:\/\/formaterra.re\/wp-content\/uploads\/2023\/07\/JOURNEE_DD12.jpg'><img loading=\"lazy\" decoding=\"async\" width=\"150\" height=\"150\" src=\"https:\/\/formaterra.re\/wp-content\/uploads\/2023\/07\/JOURNEE_DD12-150x150.jpg\" class=\"attachment-thumbnail size-thumbnail\" alt=\"\" srcset=\"https:\/\/formaterra.re\/wp-content\/uploads\/2023\/07\/JOURNEE_DD12-150x150.jpg 150w, https:\/\/formaterra.re\/wp-content\/uploads\/2023\/07\/JOURNEE_DD12-73x73.jpg 73w, https:\/\/formaterra.re\/wp-content\/uploads\/2023\/07\/JOURNEE_DD12-174x174.jpg 174w, https:\/\/formaterra.re\/wp-content\/uploads\/2023\/07\/JOURNEE_DD12-250x250.jpg 250w\" sizes=\"(max-width: 150px) 100vw, 150px\" \/><\/a>\n\t\t\t<\/div><\/figure><figure class='gallery-item'>\n\t\t\t<div class='gallery-icon portrait'>\n\t\t\t\t<a href='https:\/\/formaterra.re\/wp-content\/uploads\/2023\/07\/JOURNEE_DD15.jpg'><img loading=\"lazy\" decoding=\"async\" width=\"150\" height=\"150\" src=\"https:\/\/formaterra.re\/wp-content\/uploads\/2023\/07\/JOURNEE_DD15-150x150.jpg\" class=\"attachment-thumbnail size-thumbnail\" alt=\"\" srcset=\"https:\/\/formaterra.re\/wp-content\/uploads\/2023\/07\/JOURNEE_DD15-150x150.jpg 150w, https:\/\/formaterra.re\/wp-content\/uploads\/2023\/07\/JOURNEE_DD15-73x73.jpg 73w, https:\/\/formaterra.re\/wp-content\/uploads\/2023\/07\/JOURNEE_DD15-174x174.jpg 174w, https:\/\/formaterra.re\/wp-content\/uploads\/2023\/07\/JOURNEE_DD15-250x250.jpg 250w\" sizes=\"(max-width: 150px) 100vw, 150px\" \/><\/a>\n\t\t\t<\/div><\/figure><figure class='gallery-item'>\n\t\t\t<div class='gallery-icon portrait'>\n\t\t\t\t<a href='https:\/\/formaterra.re\/wp-content\/uploads\/2023\/07\/IMG_20230605_082546_resized_20230618_024746828.jpg'><img loading=\"lazy\" decoding=\"async\" width=\"150\" height=\"150\" src=\"https:\/\/formaterra.re\/wp-content\/uploads\/2023\/07\/IMG_20230605_082546_resized_20230618_024746828-150x150.jpg\" class=\"attachment-thumbnail size-thumbnail\" alt=\"\" srcset=\"https:\/\/formaterra.re\/wp-content\/uploads\/2023\/07\/IMG_20230605_082546_resized_20230618_024746828-150x150.jpg 150w, https:\/\/formaterra.re\/wp-content\/uploads\/2023\/07\/IMG_20230605_082546_resized_20230618_024746828-73x73.jpg 73w, https:\/\/formaterra.re\/wp-content\/uploads\/2023\/07\/IMG_20230605_082546_resized_20230618_024746828-174x174.jpg 174w, https:\/\/formaterra.re\/wp-content\/uploads\/2023\/07\/IMG_20230605_082546_resized_20230618_024746828-250x250.jpg 250w\" sizes=\"(max-width: 150px) 100vw, 150px\" \/><\/a>\n\t\t\t<\/div><\/figure><figure class='gallery-item'>\n\t\t\t<div class='gallery-icon portrait'>\n\t\t\t\t<a href='https:\/\/formaterra.re\/wp-content\/uploads\/2023\/07\/JOURNEE_DD17.jpg'><img loading=\"lazy\" decoding=\"async\" width=\"150\" height=\"150\" src=\"https:\/\/formaterra.re\/wp-content\/uploads\/2023\/07\/JOURNEE_DD17-150x150.jpg\" class=\"attachment-thumbnail size-thumbnail\" alt=\"\" srcset=\"https:\/\/formaterra.re\/wp-content\/uploads\/2023\/07\/JOURNEE_DD17-150x150.jpg 150w, https:\/\/formaterra.re\/wp-content\/uploads\/2023\/07\/JOURNEE_DD17-73x73.jpg 73w, https:\/\/formaterra.re\/wp-content\/uploads\/2023\/07\/JOURNEE_DD17-174x174.jpg 174w, https:\/\/formaterra.re\/wp-content\/uploads\/2023\/07\/JOURNEE_DD17-250x250.jpg 250w\" sizes=\"(max-width: 150px) 100vw, 150px\" \/><\/a>\n\t\t\t<\/div><\/figure><figure class='gallery-item'>\n\t\t\t<div class='gallery-icon portrait'>\n\t\t\t\t<a href='https:\/\/formaterra.re\/wp-content\/uploads\/2023\/07\/JOURNEE_DD20.jpg'><img loading=\"lazy\" decoding=\"async\" width=\"150\" height=\"150\" src=\"https:\/\/formaterra.re\/wp-content\/uploads\/2023\/07\/JOURNEE_DD20-150x150.jpg\" class=\"attachment-thumbnail size-thumbnail\" alt=\"\" srcset=\"https:\/\/formaterra.re\/wp-content\/uploads\/2023\/07\/JOURNEE_DD20-150x150.jpg 150w, https:\/\/formaterra.re\/wp-content\/uploads\/2023\/07\/JOURNEE_DD20-73x73.jpg 73w, https:\/\/formaterra.re\/wp-content\/uploads\/2023\/07\/JOURNEE_DD20-174x174.jpg 174w, https:\/\/formaterra.re\/wp-content\/uploads\/2023\/07\/JOURNEE_DD20-250x250.jpg 250w\" sizes=\"(max-width: 150px) 100vw, 150px\" \/><\/a>\n\t\t\t<\/div><\/figure>\n\t\t<\/div>\n<\/p><p>\u00a0<\/p><p>\u00a0<\/p><p>\u00a0<\/p><p>\u00a0<\/p><p>\u00a0<\/p><hr \/><p style=\"text-align: left;\"><span style=\"text-decoration: underline; color: #333399;\">D\u00e9couvrez le t\u00e9moignage de Gwendoline, \u00e9l\u00e8ve en 1\u00e8re BAC PRO GMNF :<\/span><\/p><p><iframe title=\"Journ\u00e9e Acad\u00e9mique du D\u00e9veloppement Durable 2023 : d\u00e9couvrez le t\u00e9moignage de Gwendoline (1\u00e8re GMNF)\" width=\"640\" height=\"360\" src=\"https:\/\/www.youtube.com\/embed\/1__Y0cEADik?feature=oembed\" frameborder=\"0\" allow=\"accelerometer; autoplay; clipboard-write; encrypted-media; gyroscope; picture-in-picture; web-share\" referrerpolicy=\"strict-origin-when-cross-origin\" allowfullscreen><\/iframe><\/p><p style=\"text-align: left;\">\u00a0<\/p>\t\t\t\t\t\t<\/div>\n\t\t\t\t<\/div>\n\t\t\t\t<div class=\"elementor-element elementor-element-74df9435 elementor-align-center elementor-button-warning elementor-widget elementor-widget-button\" data-id=\"74df9435\" data-element_type=\"widget\" data-widget_type=\"button.default\">\n\t\t\t\t<div class=\"elementor-widget-container\">\n\t\t\t\t\t<div class=\"elementor-button-wrapper\">\n\t\t\t<a class=\"elementor-button elementor-button-link elementor-size-sm elementor-animation-grow\" href=\"https:\/\/formaterra.re\/index.php\/lycee\/\">\n\t\t\t\t\t\t<span class=\"elementor-button-content-wrapper\">\n\t\t\t\t\t\t<span class=\"elementor-button-icon elementor-align-icon-left\">\n\t\t\t\t<i aria-hidden=\"true\" class=\"far fa-arrow-alt-circle-right\"><\/i>\t\t\t<\/span>\n\t\t\t\t\t\t<span class=\"elementor-button-text\"> Plus d'informations sur nos formations initiales (LYCEE)<\/span>\n\t\t<\/span>\n\t\t\t\t\t<\/a>\n\t\t<\/div>\n\t\t\t\t<\/div>\n\t\t\t\t<\/div>\n\t\t\t\t<div class=\"elementor-element elementor-element-459549c9 elementor-widget elementor-widget-spacer\" data-id=\"459549c9\" data-element_type=\"widget\" data-widget_type=\"spacer.default\">\n\t\t\t\t<div class=\"elementor-widget-container\">\n\t\t\t\t\t<div class=\"elementor-spacer\">\n\t\t\t<div class=\"elementor-spacer-inner\"><\/div>\n\t\t<\/div>\n\t\t\t\t<\/div>\n\t\t\t\t<\/div>\n\t\t\t\t\t<\/div>\n\t\t<\/div>\n\t\t\t\t\t<\/div>\n\t\t<\/section>\n\t\t\t\t<section class=\"elementor-section elementor-top-section elementor-element elementor-element-17c4027e elementor-section-boxed elementor-section-height-default elementor-section-height-default\" data-id=\"17c4027e\" data-element_type=\"section\">\n\t\t\t\t\t\t<div class=\"elementor-container elementor-column-gap-default\">\n\t\t\t\t\t<div class=\"elementor-column elementor-col-100 elementor-top-column elementor-element elementor-element-718a83f1\" data-id=\"718a83f1\" data-element_type=\"column\">\n\t\t\t<div class=\"elementor-widget-wrap elementor-element-populated\">\n\t\t\t\t\t\t<div class=\"elementor-element elementor-element-1dbd9a88 elementor-widget elementor-widget-text-editor\" data-id=\"1dbd9a88\" data-element_type=\"widget\" data-widget_type=\"text-editor.default\">\n\t\t\t\t<div class=\"elementor-widget-container\">\n\t\t\t\t\t\t\t<h4><em><span style=\"color: #0000ff;\"><strong>Suivez-nous sur les r\u00e9seaux sociaux\u00a0 !<\/strong><\/span><\/em><\/h4>\t\t\t\t\t\t<\/div>\n\t\t\t\t<\/div>\n\t\t\t\t\t<\/div>\n\t\t<\/div>\n\t\t\t\t\t<\/div>\n\t\t<\/section>\n\t\t\t\t<section class=\"elementor-section elementor-top-section elementor-element elementor-element-41bdd531 elementor-section-boxed elementor-section-height-default elementor-section-height-default\" data-id=\"41bdd531\" data-element_type=\"section\">\n\t\t\t\t\t\t<div class=\"elementor-container elementor-column-gap-default\">\n\t\t\t\t\t<div class=\"elementor-column elementor-col-100 elementor-top-column elementor-element elementor-element-7824dbf2\" data-id=\"7824dbf2\" data-element_type=\"column\">\n\t\t\t<div class=\"elementor-widget-wrap elementor-element-populated\">\n\t\t\t\t\t\t<div class=\"elementor-element elementor-element-10aba1a9 elementor-shape-rounded elementor-grid-0 e-grid-align-center elementor-widget elementor-widget-social-icons\" data-id=\"10aba1a9\" data-element_type=\"widget\" data-widget_type=\"social-icons.default\">\n\t\t\t\t<div class=\"elementor-widget-container\">\n\t\t\t\t\t<div class=\"elementor-social-icons-wrapper elementor-grid\">\n\t\t\t\t\t\t\t<span class=\"elementor-grid-item\">\n\t\t\t\t\t<a class=\"elementor-icon elementor-social-icon elementor-social-icon-facebook elementor-repeater-item-0ae523e\" href=\"https:\/\/www.facebook.com\/formaterra.re\/\" target=\"_blank\">\n\t\t\t\t\t\t<span class=\"elementor-screen-only\">Facebook<\/span>\n\t\t\t\t\t\t<i class=\"fab fa-facebook\"><\/i>\t\t\t\t\t<\/a>\n\t\t\t\t<\/span>\n\t\t\t\t\t\t\t<span class=\"elementor-grid-item\">\n\t\t\t\t\t<a class=\"elementor-icon elementor-social-icon elementor-social-icon-youtube elementor-repeater-item-0cb49a3\" href=\"https:\/\/www.youtube.com\/channel\/UCzKnt8MYHJLIRkZg_Lx6PiA\" target=\"_blank\">\n\t\t\t\t\t\t<span class=\"elementor-screen-only\">Youtube<\/span>\n\t\t\t\t\t\t<i class=\"fab fa-youtube\"><\/i>\t\t\t\t\t<\/a>\n\t\t\t\t<\/span>\n\t\t\t\t\t\t\t<span class=\"elementor-grid-item\">\n\t\t\t\t\t<a class=\"elementor-icon elementor-social-icon elementor-social-icon-instagram elementor-repeater-item-d0e4b6d\" href=\"https:\/\/www.instagram.com\/formaterra.re\/?hl=fr\" target=\"_blank\">\n\t\t\t\t\t\t<span class=\"elementor-screen-only\">Instagram<\/span>\n\t\t\t\t\t\t<i class=\"fab fa-instagram\"><\/i>\t\t\t\t\t<\/a>\n\t\t\t\t<\/span>\n\t\t\t\t\t\t\t<span class=\"elementor-grid-item\">\n\t\t\t\t\t<a class=\"elementor-icon elementor-social-icon elementor-social-icon-linkedin elementor-repeater-item-33ba1a8\" href=\"https:\/\/www.linkedin.com\/company\/eplefpa-formaterra\" target=\"_blank\">\n\t\t\t\t\t\t<span class=\"elementor-screen-only\">Linkedin<\/span>\n\t\t\t\t\t\t<i class=\"fab fa-linkedin\"><\/i>\t\t\t\t\t<\/a>\n\t\t\t\t<\/span>\n\t\t\t\t\t<\/div>\n\t\t\t\t<\/div>\n\t\t\t\t<\/div>\n\t\t\t\t\t<\/div>\n\t\t<\/div>\n\t\t\t\t\t<\/div>\n\t\t<\/section>\n\t\t\t\t<section class=\"elementor-section elementor-top-section elementor-element elementor-element-1656c0eb elementor-section-boxed elementor-section-height-default elementor-section-height-default\" data-id=\"1656c0eb\" data-element_type=\"section\">\n\t\t\t\t\t\t<div class=\"elementor-container elementor-column-gap-default\">\n\t\t\t\t\t<div class=\"elementor-column elementor-col-100 elementor-top-column elementor-element elementor-element-3bdba1d9\" data-id=\"3bdba1d9\" data-element_type=\"column\">\n\t\t\t<div class=\"elementor-widget-wrap elementor-element-populated\">\n\t\t\t\t\t\t<div class=\"elementor-element elementor-element-6edf2a3d elementor-widget elementor-widget-spacer\" data-id=\"6edf2a3d\" data-element_type=\"widget\" data-widget_type=\"spacer.default\">\n\t\t\t\t<div class=\"elementor-widget-container\">\n\t\t\t\t\t<div class=\"elementor-spacer\">\n\t\t\t<div class=\"elementor-spacer-inner\"><\/div>\n\t\t<\/div>\n\t\t\t\t<\/div>\n\t\t\t\t<\/div>\n\t\t\t\t\t<\/div>\n\t\t<\/div>\n\t\t\t\t\t<\/div>\n\t\t<\/section>\n\t\t\t\t<\/div>\n\t\t","protected":false},"excerpt":{"rendered":"<p>Journ\u00e9e Acad\u00e9mique de l\u2019\u00c9ducation au D\u00e9veloppement Durable (JAEDD) Le lyc\u00e9e Emile Boyer de la Giroday labellis\u00e9 : \u00c9TABLISSEMENT en D\u00c9MARCHE de D\u00c9VELOPPEMENT DURABLE ! A l&rsquo;occasion des Journ\u00e9es Acad\u00e9miques de<a href=\"https:\/\/formaterra.re\/index.php\/2023\/07\/10\/retour-sur-la-journee-academique-de-leducation-au-developpement-durable-2023\/\">[&#8230;]<\/a><\/p>\n","protected":false},"author":2,"featured_media":15662,"comment_status":"closed","ping_status":"open","sticky":false,"template":"elementor_header_footer","format":"standard","meta":{"footnotes":""},"categories":[6,10,11,7],"tags":[],"class_list":["post-15487","post","type-post","status-publish","format-standard","has-post-thumbnail","hentry","category-actu","category-agroecologie","category-evenement","category-vie-scolaire"],"_links":{"self":[{"href":"https:\/\/formaterra.re\/index.php\/wp-json\/wp\/v2\/posts\/15487","targetHints":{"allow":["GET"]}}],"collection":[{"href":"https:\/\/formaterra.re\/index.php\/wp-json\/wp\/v2\/posts"}],"about":[{"href":"https:\/\/formaterra.re\/index.php\/wp-json\/wp\/v2\/types\/post"}],"author":[{"embeddable":true,"href":"https:\/\/formaterra.re\/index.php\/wp-json\/wp\/v2\/users\/2"}],"replies":[{"embeddable":true,"href":"https:\/\/formaterra.re\/index.php\/wp-json\/wp\/v2\/comments?post=15487"}],"version-history":[{"count":15,"href":"https:\/\/formaterra.re\/index.php\/wp-json\/wp\/v2\/posts\/15487\/revisions"}],"predecessor-version":[{"id":15670,"href":"https:\/\/formaterra.re\/index.php\/wp-json\/wp\/v2\/posts\/15487\/revisions\/15670"}],"wp:featuredmedia":[{"embeddable":true,"href":"https:\/\/formaterra.re\/index.php\/wp-json\/wp\/v2\/media\/15662"}],"wp:attachment":[{"href":"https:\/\/formaterra.re\/index.php\/wp-json\/wp\/v2\/media?parent=15487"}],"wp:term":[{"taxonomy":"category","embeddable":true,"href":"https:\/\/formaterra.re\/index.php\/wp-json\/wp\/v2\/categories?post=15487"},{"taxonomy":"post_tag","embeddable":true,"href":"https:\/\/formaterra.re\/index.php\/wp-json\/wp\/v2\/tags?post=15487"}],"curies":[{"name":"wp","href":"https:\/\/api.w.org\/{rel}","templated":true}]}}