{"id":16074,"date":"2023-09-11T18:53:16","date_gmt":"2023-09-11T14:53:16","guid":{"rendered":"https:\/\/formaterra.re\/?p=16074"},"modified":"2023-09-11T19:03:03","modified_gmt":"2023-09-11T15:03:03","slug":"formaterra-accueille-la-daaf-reunion-pour-une-reunion-thematique-agriculture-biologique","status":"publish","type":"post","link":"https:\/\/formaterra.re\/index.php\/2023\/09\/11\/formaterra-accueille-la-daaf-reunion-pour-une-reunion-thematique-agriculture-biologique\/","title":{"rendered":"FORMA&rsquo;TERRA accueille la DAAF R\u00e9union pour une r\u00e9union autour de la th\u00e9matique de l&rsquo;agriculture biologique"},"content":{"rendered":"\t\t<div data-elementor-type=\"wp-post\" data-elementor-id=\"16074\" class=\"elementor elementor-16074\">\n\t\t\t\t\t\t<section class=\"elementor-section elementor-top-section elementor-element elementor-element-2ee4abad elementor-section-boxed elementor-section-height-default elementor-section-height-default\" data-id=\"2ee4abad\" data-element_type=\"section\">\n\t\t\t\t\t\t<div class=\"elementor-container elementor-column-gap-default\">\n\t\t\t\t\t<div class=\"elementor-column elementor-col-100 elementor-top-column elementor-element elementor-element-1f624bd3\" data-id=\"1f624bd3\" data-element_type=\"column\">\n\t\t\t<div class=\"elementor-widget-wrap elementor-element-populated\">\n\t\t\t\t\t\t<div class=\"elementor-element elementor-element-32149a70 elementor-widget elementor-widget-spacer\" data-id=\"32149a70\" data-element_type=\"widget\" data-widget_type=\"spacer.default\">\n\t\t\t\t<div class=\"elementor-widget-container\">\n\t\t\t\t\t<div class=\"elementor-spacer\">\n\t\t\t<div class=\"elementor-spacer-inner\"><\/div>\n\t\t<\/div>\n\t\t\t\t<\/div>\n\t\t\t\t<\/div>\n\t\t\t\t\t<\/div>\n\t\t<\/div>\n\t\t\t\t\t<\/div>\n\t\t<\/section>\n\t\t\t\t<section class=\"elementor-section elementor-top-section elementor-element elementor-element-49907d1a elementor-section-boxed elementor-section-height-default elementor-section-height-default\" data-id=\"49907d1a\" data-element_type=\"section\">\n\t\t\t\t\t\t<div class=\"elementor-container elementor-column-gap-default\">\n\t\t\t\t\t<div class=\"elementor-column elementor-col-100 elementor-top-column elementor-element elementor-element-387c9985\" data-id=\"387c9985\" data-element_type=\"column\">\n\t\t\t<div class=\"elementor-widget-wrap elementor-element-populated\">\n\t\t\t\t\t\t<div class=\"elementor-element elementor-element-62af1073 elementor-widget elementor-widget-heading\" data-id=\"62af1073\" data-element_type=\"widget\" data-widget_type=\"heading.default\">\n\t\t\t\t<div class=\"elementor-widget-container\">\n\t\t\t<h1 class=\"elementor-heading-title elementor-size-default\">FORMA'TERRA accueille les cadres de la DAAF R\u00e9union : <br>r\u00e9union de travail autour de la th\u00e9matique de l'Agriculture Biologique<\/h1>\t\t<\/div>\n\t\t\t\t<\/div>\n\t\t\t\t\t<\/div>\n\t\t<\/div>\n\t\t\t\t\t<\/div>\n\t\t<\/section>\n\t\t\t\t<section class=\"elementor-section elementor-top-section elementor-element elementor-element-1a5c64ed elementor-section-boxed elementor-section-height-default elementor-section-height-default\" data-id=\"1a5c64ed\" data-element_type=\"section\">\n\t\t\t\t\t\t<div class=\"elementor-container elementor-column-gap-default\">\n\t\t\t\t\t<div class=\"elementor-column elementor-col-100 elementor-top-column elementor-element elementor-element-2f91d2bb\" data-id=\"2f91d2bb\" data-element_type=\"column\">\n\t\t\t<div class=\"elementor-widget-wrap elementor-element-populated\">\n\t\t\t\t\t\t<div class=\"elementor-element elementor-element-691b72ab elementor-widget elementor-widget-spacer\" data-id=\"691b72ab\" data-element_type=\"widget\" data-widget_type=\"spacer.default\">\n\t\t\t\t<div class=\"elementor-widget-container\">\n\t\t\t\t\t<div class=\"elementor-spacer\">\n\t\t\t<div class=\"elementor-spacer-inner\"><\/div>\n\t\t<\/div>\n\t\t\t\t<\/div>\n\t\t\t\t<\/div>\n\t\t\t\t\t<\/div>\n\t\t<\/div>\n\t\t\t\t\t<\/div>\n\t\t<\/section>\n\t\t\t\t<section class=\"elementor-section elementor-top-section elementor-element elementor-element-5e35e210 elementor-section-boxed elementor-section-height-default elementor-section-height-default\" data-id=\"5e35e210\" data-element_type=\"section\">\n\t\t\t\t\t\t<div class=\"elementor-container elementor-column-gap-default\">\n\t\t\t\t\t<div class=\"elementor-column elementor-col-50 elementor-top-column elementor-element elementor-element-4ef42dc0\" data-id=\"4ef42dc0\" data-element_type=\"column\">\n\t\t\t<div class=\"elementor-widget-wrap elementor-element-populated\">\n\t\t\t\t\t\t<div class=\"elementor-element elementor-element-70afd3e2 elementor-widget elementor-widget-image\" data-id=\"70afd3e2\" data-element_type=\"widget\" data-widget_type=\"image.default\">\n\t\t\t\t<div class=\"elementor-widget-container\">\n\t\t\t\t\t\t\t\t\t\t\t\t\t\t<a href=\"https:\/\/formaterra.re\/wp-content\/uploads\/2023\/09\/\u00aeFormaterra_DAAF_reunion_agribio_cadres_sept2023-1-scaled.jpg\" data-elementor-open-lightbox=\"yes\" data-elementor-lightbox-title=\"\u00aeFormaterra_DAAF_reunion_agribio_cadres_sept2023 (1)\" data-e-action-hash=\"#elementor-action%3Aaction%3Dlightbox%26settings%3DeyJpZCI6MTYwNzUsInVybCI6Imh0dHBzOlwvXC9mb3JtYXRlcnJhLnJlXC93cC1jb250ZW50XC91cGxvYWRzXC8yMDIzXC8wOVwvXHUwMGFlRm9ybWF0ZXJyYV9EQUFGX3JldW5pb25fYWdyaWJpb19jYWRyZXNfc2VwdDIwMjMtMS1zY2FsZWQuanBnIn0%3D\">\n\t\t\t\t\t\t\t<img fetchpriority=\"high\" decoding=\"async\" width=\"2560\" height=\"1254\" src=\"https:\/\/formaterra.re\/wp-content\/uploads\/2023\/09\/\u00aeFormaterra_DAAF_reunion_agribio_cadres_sept2023-1-scaled.jpg\" class=\"attachment-full size-full wp-image-16075\" alt=\"\" srcset=\"https:\/\/formaterra.re\/wp-content\/uploads\/2023\/09\/\u00aeFormaterra_DAAF_reunion_agribio_cadres_sept2023-1-scaled.jpg 2560w, https:\/\/formaterra.re\/wp-content\/uploads\/2023\/09\/\u00aeFormaterra_DAAF_reunion_agribio_cadres_sept2023-1-300x147.jpg 300w, https:\/\/formaterra.re\/wp-content\/uploads\/2023\/09\/\u00aeFormaterra_DAAF_reunion_agribio_cadres_sept2023-1-1024x502.jpg 1024w, https:\/\/formaterra.re\/wp-content\/uploads\/2023\/09\/\u00aeFormaterra_DAAF_reunion_agribio_cadres_sept2023-1-768x376.jpg 768w, https:\/\/formaterra.re\/wp-content\/uploads\/2023\/09\/\u00aeFormaterra_DAAF_reunion_agribio_cadres_sept2023-1-1536x752.jpg 1536w, https:\/\/formaterra.re\/wp-content\/uploads\/2023\/09\/\u00aeFormaterra_DAAF_reunion_agribio_cadres_sept2023-1-2048x1003.jpg 2048w\" sizes=\"(max-width: 2560px) 100vw, 2560px\" \/>\t\t\t\t\t\t\t\t<\/a>\n\t\t\t\t\t\t\t\t\t\t\t\t\t<\/div>\n\t\t\t\t<\/div>\n\t\t\t\t\t<\/div>\n\t\t<\/div>\n\t\t\t\t<div class=\"elementor-column elementor-col-50 elementor-top-column elementor-element elementor-element-1661896e\" data-id=\"1661896e\" data-element_type=\"column\">\n\t\t\t<div class=\"elementor-widget-wrap elementor-element-populated\">\n\t\t\t\t\t\t<div class=\"elementor-element elementor-element-4cbe44fc elementor-widget elementor-widget-heading\" data-id=\"4cbe44fc\" data-element_type=\"widget\" data-widget_type=\"heading.default\">\n\t\t\t\t<div class=\"elementor-widget-container\">\n\t\t\t<h3 class=\"elementor-heading-title elementor-size-default\">\"Croisement de regards autour de l' Agriculture Biologique\"&nbsp;<\/h3>\t\t<\/div>\n\t\t\t\t<\/div>\n\t\t\t\t<div class=\"elementor-element elementor-element-aa6cb87 elementor-drop-cap-yes elementor-drop-cap-view-default elementor-widget elementor-widget-text-editor\" data-id=\"aa6cb87\" data-element_type=\"widget\" data-settings=\"{&quot;drop_cap&quot;:&quot;yes&quot;}\" data-widget_type=\"text-editor.default\">\n\t\t\t\t<div class=\"elementor-widget-container\">\n\t\t\t\t\t\t\t<p style=\"text-align: center;\"><span style=\"font-family: Roboto; font-style: normal; font-weight: 400; color: #000080;\">Le\u00a0<\/span><span style=\"font-family: Roboto; font-style: normal; font-weight: 400; color: #000080;\">04 septembre 2023, d<\/span><span style=\"color: #000080;\">ans le cadre d&rsquo;une r\u00e9union de travail autour de la th\u00e9matique de l&rsquo;agriculture biologique,<a href=\"https:\/\/formaterra.re\/\"> FORMA&rsquo;TERRA<\/a> a eu le plaisir d&rsquo;accueillir <\/span><span style=\"color: #000080;\">la DAAF R\u00e9union, au si\u00e8ge de l&rsquo;\u00e9tablissement, \u00e0 Saint-Paul.<\/span><\/p><p style=\"text-align: center;\"><span style=\"color: #000080;\">A cette occasion, les membres du CODIR \u00e9largi de la DAAF ont pris part \u00e0 la visite de l&rsquo;<a href=\"https:\/\/formaterra.re\/index.php\/acc_exploitation\/\">Exploitation Agricole de FORMA&rsquo;TERRA<\/a> : parcelle ST0P,\u00a0 poulailler mobile, etc.\u00a0<\/span><\/p><p style=\"text-align: left;\"><span style=\"text-decoration: underline; color: #000080;\"><b>Retour en images :<\/b><\/span><\/p><p><div id='gallery-1' class='gallery galleryid-16074 gallery-columns-3 gallery-size-thumbnail'><figure class='gallery-item'>\n\t\t\t<div class='gallery-icon landscape'>\n\t\t\t\t<a href='https:\/\/formaterra.re\/wp-content\/uploads\/2023\/09\/\u00aeFormaterra_DAAF_reunion_agribio_cadres_sept2023-3-scaled.jpg'><img decoding=\"async\" width=\"150\" height=\"150\" src=\"https:\/\/formaterra.re\/wp-content\/uploads\/2023\/09\/\u00aeFormaterra_DAAF_reunion_agribio_cadres_sept2023-3-150x150.jpg\" class=\"attachment-thumbnail size-thumbnail\" alt=\"\" aria-describedby=\"gallery-1-16077\" srcset=\"https:\/\/formaterra.re\/wp-content\/uploads\/2023\/09\/\u00aeFormaterra_DAAF_reunion_agribio_cadres_sept2023-3-150x150.jpg 150w, https:\/\/formaterra.re\/wp-content\/uploads\/2023\/09\/\u00aeFormaterra_DAAF_reunion_agribio_cadres_sept2023-3-73x73.jpg 73w, https:\/\/formaterra.re\/wp-content\/uploads\/2023\/09\/\u00aeFormaterra_DAAF_reunion_agribio_cadres_sept2023-3-174x174.jpg 174w, https:\/\/formaterra.re\/wp-content\/uploads\/2023\/09\/\u00aeFormaterra_DAAF_reunion_agribio_cadres_sept2023-3-250x250.jpg 250w\" sizes=\"(max-width: 150px) 100vw, 150px\" \/><\/a>\n\t\t\t<\/div>\n\t\t\t\t<figcaption class='wp-caption-text gallery-caption' id='gallery-1-16077'>\n\t\t\t\t\u00aeFormaterra_DAAF_reunion_agribio_cadres_sept2023 (1)\n\t\t\t\t<\/figcaption><\/figure><figure class='gallery-item'>\n\t\t\t<div class='gallery-icon landscape'>\n\t\t\t\t<a href='https:\/\/formaterra.re\/wp-content\/uploads\/2023\/09\/\u00aeFormaterra_DAAF_reunion_agribio_cadres_sept2023-2-scaled.jpg'><img decoding=\"async\" width=\"150\" height=\"150\" src=\"https:\/\/formaterra.re\/wp-content\/uploads\/2023\/09\/\u00aeFormaterra_DAAF_reunion_agribio_cadres_sept2023-2-150x150.jpg\" class=\"attachment-thumbnail size-thumbnail\" alt=\"\" aria-describedby=\"gallery-1-16076\" srcset=\"https:\/\/formaterra.re\/wp-content\/uploads\/2023\/09\/\u00aeFormaterra_DAAF_reunion_agribio_cadres_sept2023-2-150x150.jpg 150w, https:\/\/formaterra.re\/wp-content\/uploads\/2023\/09\/\u00aeFormaterra_DAAF_reunion_agribio_cadres_sept2023-2-73x73.jpg 73w, https:\/\/formaterra.re\/wp-content\/uploads\/2023\/09\/\u00aeFormaterra_DAAF_reunion_agribio_cadres_sept2023-2-174x174.jpg 174w, https:\/\/formaterra.re\/wp-content\/uploads\/2023\/09\/\u00aeFormaterra_DAAF_reunion_agribio_cadres_sept2023-2-250x250.jpg 250w\" sizes=\"(max-width: 150px) 100vw, 150px\" \/><\/a>\n\t\t\t<\/div>\n\t\t\t\t<figcaption class='wp-caption-text gallery-caption' id='gallery-1-16076'>\n\t\t\t\t\u00aeFormaterra_DAAF_reunion_agribio_cadres_sept2023 (1)\n\t\t\t\t<\/figcaption><\/figure><figure class='gallery-item'>\n\t\t\t<div class='gallery-icon landscape'>\n\t\t\t\t<a href='https:\/\/formaterra.re\/wp-content\/uploads\/2023\/09\/\u00aeFormaterra_DAAF_reunion_agribio_cadres_sept2023-4-scaled.jpg'><img loading=\"lazy\" decoding=\"async\" width=\"150\" height=\"150\" src=\"https:\/\/formaterra.re\/wp-content\/uploads\/2023\/09\/\u00aeFormaterra_DAAF_reunion_agribio_cadres_sept2023-4-150x150.jpg\" class=\"attachment-thumbnail size-thumbnail\" alt=\"\" aria-describedby=\"gallery-1-16078\" srcset=\"https:\/\/formaterra.re\/wp-content\/uploads\/2023\/09\/\u00aeFormaterra_DAAF_reunion_agribio_cadres_sept2023-4-150x150.jpg 150w, https:\/\/formaterra.re\/wp-content\/uploads\/2023\/09\/\u00aeFormaterra_DAAF_reunion_agribio_cadres_sept2023-4-73x73.jpg 73w, https:\/\/formaterra.re\/wp-content\/uploads\/2023\/09\/\u00aeFormaterra_DAAF_reunion_agribio_cadres_sept2023-4-174x174.jpg 174w, https:\/\/formaterra.re\/wp-content\/uploads\/2023\/09\/\u00aeFormaterra_DAAF_reunion_agribio_cadres_sept2023-4-250x250.jpg 250w\" sizes=\"(max-width: 150px) 100vw, 150px\" \/><\/a>\n\t\t\t<\/div>\n\t\t\t\t<figcaption class='wp-caption-text gallery-caption' id='gallery-1-16078'>\n\t\t\t\t\u00aeFormaterra_DAAF_reunion_agribio_cadres_sept2023 (1)\n\t\t\t\t<\/figcaption><\/figure><figure class='gallery-item'>\n\t\t\t<div class='gallery-icon landscape'>\n\t\t\t\t<a href='https:\/\/formaterra.re\/wp-content\/uploads\/2023\/09\/\u00aeFormaterra_DAAF_reunion_agribio_cadres_sept2023-5-scaled.jpg'><img loading=\"lazy\" decoding=\"async\" width=\"150\" height=\"150\" src=\"https:\/\/formaterra.re\/wp-content\/uploads\/2023\/09\/\u00aeFormaterra_DAAF_reunion_agribio_cadres_sept2023-5-150x150.jpg\" class=\"attachment-thumbnail size-thumbnail\" alt=\"\" aria-describedby=\"gallery-1-16079\" srcset=\"https:\/\/formaterra.re\/wp-content\/uploads\/2023\/09\/\u00aeFormaterra_DAAF_reunion_agribio_cadres_sept2023-5-150x150.jpg 150w, https:\/\/formaterra.re\/wp-content\/uploads\/2023\/09\/\u00aeFormaterra_DAAF_reunion_agribio_cadres_sept2023-5-73x73.jpg 73w, https:\/\/formaterra.re\/wp-content\/uploads\/2023\/09\/\u00aeFormaterra_DAAF_reunion_agribio_cadres_sept2023-5-174x174.jpg 174w, https:\/\/formaterra.re\/wp-content\/uploads\/2023\/09\/\u00aeFormaterra_DAAF_reunion_agribio_cadres_sept2023-5-250x250.jpg 250w\" sizes=\"(max-width: 150px) 100vw, 150px\" \/><\/a>\n\t\t\t<\/div>\n\t\t\t\t<figcaption class='wp-caption-text gallery-caption' id='gallery-1-16079'>\n\t\t\t\t\u00aeFormaterra_DAAF_reunion_agribio_cadres_sept2023 (1)\n\t\t\t\t<\/figcaption><\/figure><figure class='gallery-item'>\n\t\t\t<div class='gallery-icon landscape'>\n\t\t\t\t<a href='https:\/\/formaterra.re\/wp-content\/uploads\/2023\/09\/\u00aeFormaterra_DAAF_reunion_agribio_cadres_sept2023-6-scaled.jpg'><img loading=\"lazy\" decoding=\"async\" width=\"150\" height=\"150\" src=\"https:\/\/formaterra.re\/wp-content\/uploads\/2023\/09\/\u00aeFormaterra_DAAF_reunion_agribio_cadres_sept2023-6-150x150.jpg\" class=\"attachment-thumbnail size-thumbnail\" alt=\"\" aria-describedby=\"gallery-1-16080\" srcset=\"https:\/\/formaterra.re\/wp-content\/uploads\/2023\/09\/\u00aeFormaterra_DAAF_reunion_agribio_cadres_sept2023-6-150x150.jpg 150w, https:\/\/formaterra.re\/wp-content\/uploads\/2023\/09\/\u00aeFormaterra_DAAF_reunion_agribio_cadres_sept2023-6-73x73.jpg 73w, https:\/\/formaterra.re\/wp-content\/uploads\/2023\/09\/\u00aeFormaterra_DAAF_reunion_agribio_cadres_sept2023-6-174x174.jpg 174w, https:\/\/formaterra.re\/wp-content\/uploads\/2023\/09\/\u00aeFormaterra_DAAF_reunion_agribio_cadres_sept2023-6-250x250.jpg 250w\" sizes=\"(max-width: 150px) 100vw, 150px\" \/><\/a>\n\t\t\t<\/div>\n\t\t\t\t<figcaption class='wp-caption-text gallery-caption' id='gallery-1-16080'>\n\t\t\t\t\u00aeFormaterra_DAAF_reunion_agribio_cadres_sept2023 (1)\n\t\t\t\t<\/figcaption><\/figure><figure class='gallery-item'>\n\t\t\t<div class='gallery-icon landscape'>\n\t\t\t\t<a href='https:\/\/formaterra.re\/wp-content\/uploads\/2023\/09\/\u00aeFormaterra_DAAF_reunion_agribio_cadres_sept2023-7-scaled.jpg'><img loading=\"lazy\" decoding=\"async\" width=\"150\" height=\"150\" src=\"https:\/\/formaterra.re\/wp-content\/uploads\/2023\/09\/\u00aeFormaterra_DAAF_reunion_agribio_cadres_sept2023-7-150x150.jpg\" class=\"attachment-thumbnail size-thumbnail\" alt=\"\" aria-describedby=\"gallery-1-16081\" srcset=\"https:\/\/formaterra.re\/wp-content\/uploads\/2023\/09\/\u00aeFormaterra_DAAF_reunion_agribio_cadres_sept2023-7-150x150.jpg 150w, https:\/\/formaterra.re\/wp-content\/uploads\/2023\/09\/\u00aeFormaterra_DAAF_reunion_agribio_cadres_sept2023-7-73x73.jpg 73w, https:\/\/formaterra.re\/wp-content\/uploads\/2023\/09\/\u00aeFormaterra_DAAF_reunion_agribio_cadres_sept2023-7-174x174.jpg 174w, https:\/\/formaterra.re\/wp-content\/uploads\/2023\/09\/\u00aeFormaterra_DAAF_reunion_agribio_cadres_sept2023-7-250x250.jpg 250w\" sizes=\"(max-width: 150px) 100vw, 150px\" \/><\/a>\n\t\t\t<\/div>\n\t\t\t\t<figcaption class='wp-caption-text gallery-caption' id='gallery-1-16081'>\n\t\t\t\t\u00aeFormaterra_DAAF_reunion_agribio_cadres_sept2023 (1)\n\t\t\t\t<\/figcaption><\/figure>\n\t\t<\/div>\n<\/p>\t\t\t\t\t\t<\/div>\n\t\t\t\t<\/div>\n\t\t\t\t<div class=\"elementor-element elementor-element-42976ddc elementor-align-center elementor-widget elementor-widget-button\" data-id=\"42976ddc\" data-element_type=\"widget\" data-widget_type=\"button.default\">\n\t\t\t\t<div class=\"elementor-widget-container\">\n\t\t\t\t\t<div class=\"elementor-button-wrapper\">\n\t\t\t<a class=\"elementor-button elementor-button-link elementor-size-sm elementor-animation-grow\" href=\"https:\/\/formaterra.re\/index.php\/agroecologie\/\">\n\t\t\t\t\t\t<span class=\"elementor-button-content-wrapper\">\n\t\t\t\t\t\t<span class=\"elementor-button-icon elementor-align-icon-left\">\n\t\t\t\t<i aria-hidden=\"true\" class=\"far fa-arrow-alt-circle-right\"><\/i>\t\t\t<\/span>\n\t\t\t\t\t\t<span class=\"elementor-button-text\"> Plus d'informations sur nos projets agro\u00e9cologiques<\/span>\n\t\t<\/span>\n\t\t\t\t\t<\/a>\n\t\t<\/div>\n\t\t\t\t<\/div>\n\t\t\t\t<\/div>\n\t\t\t\t<div class=\"elementor-element elementor-element-4896fe67 elementor-align-center elementor-button-warning elementor-widget elementor-widget-button\" data-id=\"4896fe67\" data-element_type=\"widget\" data-widget_type=\"button.default\">\n\t\t\t\t<div class=\"elementor-widget-container\">\n\t\t\t\t\t<div class=\"elementor-button-wrapper\">\n\t\t\t<a class=\"elementor-button elementor-button-link elementor-size-sm elementor-animation-grow\" href=\"https:\/\/formaterra.re\/index.php\/voies-de-formation\/\">\n\t\t\t\t\t\t<span class=\"elementor-button-content-wrapper\">\n\t\t\t\t\t\t<span class=\"elementor-button-icon elementor-align-icon-left\">\n\t\t\t\t<i aria-hidden=\"true\" class=\"far fa-arrow-alt-circle-right\"><\/i>\t\t\t<\/span>\n\t\t\t\t\t\t<span class=\"elementor-button-text\"> Plus d'informations sur nos formations<\/span>\n\t\t<\/span>\n\t\t\t\t\t<\/a>\n\t\t<\/div>\n\t\t\t\t<\/div>\n\t\t\t\t<\/div>\n\t\t\t\t<div class=\"elementor-element elementor-element-42fa37d0 elementor-widget elementor-widget-spacer\" data-id=\"42fa37d0\" data-element_type=\"widget\" data-widget_type=\"spacer.default\">\n\t\t\t\t<div class=\"elementor-widget-container\">\n\t\t\t\t\t<div class=\"elementor-spacer\">\n\t\t\t<div class=\"elementor-spacer-inner\"><\/div>\n\t\t<\/div>\n\t\t\t\t<\/div>\n\t\t\t\t<\/div>\n\t\t\t\t\t<\/div>\n\t\t<\/div>\n\t\t\t\t\t<\/div>\n\t\t<\/section>\n\t\t\t\t<section class=\"elementor-section elementor-top-section elementor-element elementor-element-32c6cad3 elementor-section-boxed elementor-section-height-default elementor-section-height-default\" data-id=\"32c6cad3\" data-element_type=\"section\">\n\t\t\t\t\t\t<div class=\"elementor-container elementor-column-gap-default\">\n\t\t\t\t\t<div class=\"elementor-column elementor-col-100 elementor-top-column elementor-element elementor-element-689f4815\" data-id=\"689f4815\" data-element_type=\"column\">\n\t\t\t<div class=\"elementor-widget-wrap elementor-element-populated\">\n\t\t\t\t\t\t<div class=\"elementor-element elementor-element-124629c8 elementor-widget elementor-widget-text-editor\" data-id=\"124629c8\" data-element_type=\"widget\" data-widget_type=\"text-editor.default\">\n\t\t\t\t<div class=\"elementor-widget-container\">\n\t\t\t\t\t\t\t<h4><em><span style=\"color: #0000ff;\"><strong>Suivez-nous sur les r\u00e9seaux sociaux\u00a0 !<\/strong><\/span><\/em><\/h4>\t\t\t\t\t\t<\/div>\n\t\t\t\t<\/div>\n\t\t\t\t\t<\/div>\n\t\t<\/div>\n\t\t\t\t\t<\/div>\n\t\t<\/section>\n\t\t\t\t<section class=\"elementor-section elementor-top-section elementor-element elementor-element-67211d5a elementor-section-boxed elementor-section-height-default elementor-section-height-default\" data-id=\"67211d5a\" data-element_type=\"section\">\n\t\t\t\t\t\t<div class=\"elementor-container elementor-column-gap-default\">\n\t\t\t\t\t<div class=\"elementor-column elementor-col-100 elementor-top-column elementor-element elementor-element-57ffe77c\" data-id=\"57ffe77c\" data-element_type=\"column\">\n\t\t\t<div class=\"elementor-widget-wrap elementor-element-populated\">\n\t\t\t\t\t\t<div class=\"elementor-element elementor-element-718e2989 elementor-shape-rounded elementor-grid-0 e-grid-align-center elementor-widget elementor-widget-social-icons\" data-id=\"718e2989\" data-element_type=\"widget\" data-widget_type=\"social-icons.default\">\n\t\t\t\t<div class=\"elementor-widget-container\">\n\t\t\t\t\t<div class=\"elementor-social-icons-wrapper elementor-grid\">\n\t\t\t\t\t\t\t<span class=\"elementor-grid-item\">\n\t\t\t\t\t<a class=\"elementor-icon elementor-social-icon elementor-social-icon-facebook elementor-repeater-item-0ae523e\" href=\"https:\/\/www.facebook.com\/formaterra.re\/\" target=\"_blank\">\n\t\t\t\t\t\t<span class=\"elementor-screen-only\">Facebook<\/span>\n\t\t\t\t\t\t<i class=\"fab fa-facebook\"><\/i>\t\t\t\t\t<\/a>\n\t\t\t\t<\/span>\n\t\t\t\t\t\t\t<span class=\"elementor-grid-item\">\n\t\t\t\t\t<a class=\"elementor-icon elementor-social-icon elementor-social-icon-youtube elementor-repeater-item-0cb49a3\" href=\"https:\/\/www.youtube.com\/channel\/UCzKnt8MYHJLIRkZg_Lx6PiA\" target=\"_blank\">\n\t\t\t\t\t\t<span class=\"elementor-screen-only\">Youtube<\/span>\n\t\t\t\t\t\t<i class=\"fab fa-youtube\"><\/i>\t\t\t\t\t<\/a>\n\t\t\t\t<\/span>\n\t\t\t\t\t\t\t<span class=\"elementor-grid-item\">\n\t\t\t\t\t<a class=\"elementor-icon elementor-social-icon elementor-social-icon-instagram elementor-repeater-item-d0e4b6d\" href=\"https:\/\/www.instagram.com\/formaterra.re\/?hl=fr\" target=\"_blank\">\n\t\t\t\t\t\t<span class=\"elementor-screen-only\">Instagram<\/span>\n\t\t\t\t\t\t<i class=\"fab fa-instagram\"><\/i>\t\t\t\t\t<\/a>\n\t\t\t\t<\/span>\n\t\t\t\t\t\t\t<span class=\"elementor-grid-item\">\n\t\t\t\t\t<a class=\"elementor-icon elementor-social-icon elementor-social-icon-linkedin elementor-repeater-item-33ba1a8\" href=\"https:\/\/www.linkedin.com\/company\/eplefpa-formaterra\" target=\"_blank\">\n\t\t\t\t\t\t<span class=\"elementor-screen-only\">Linkedin<\/span>\n\t\t\t\t\t\t<i class=\"fab fa-linkedin\"><\/i>\t\t\t\t\t<\/a>\n\t\t\t\t<\/span>\n\t\t\t\t\t<\/div>\n\t\t\t\t<\/div>\n\t\t\t\t<\/div>\n\t\t\t\t\t<\/div>\n\t\t<\/div>\n\t\t\t\t\t<\/div>\n\t\t<\/section>\n\t\t\t\t<section class=\"elementor-section elementor-top-section elementor-element elementor-element-3ccc89ae elementor-section-boxed elementor-section-height-default elementor-section-height-default\" data-id=\"3ccc89ae\" data-element_type=\"section\">\n\t\t\t\t\t\t<div class=\"elementor-container elementor-column-gap-default\">\n\t\t\t\t\t<div class=\"elementor-column elementor-col-100 elementor-top-column elementor-element elementor-element-111b13bc\" data-id=\"111b13bc\" data-element_type=\"column\">\n\t\t\t<div class=\"elementor-widget-wrap elementor-element-populated\">\n\t\t\t\t\t\t<div class=\"elementor-element elementor-element-37becd8a elementor-widget elementor-widget-spacer\" data-id=\"37becd8a\" data-element_type=\"widget\" data-widget_type=\"spacer.default\">\n\t\t\t\t<div class=\"elementor-widget-container\">\n\t\t\t\t\t<div class=\"elementor-spacer\">\n\t\t\t<div class=\"elementor-spacer-inner\"><\/div>\n\t\t<\/div>\n\t\t\t\t<\/div>\n\t\t\t\t<\/div>\n\t\t\t\t\t<\/div>\n\t\t<\/div>\n\t\t\t\t\t<\/div>\n\t\t<\/section>\n\t\t\t\t<\/div>\n\t\t","protected":false},"excerpt":{"rendered":"<p>FORMA&rsquo;TERRA accueille les cadres de la DAAF R\u00e9union : r\u00e9union de travail autour de la th\u00e9matique de l&rsquo;Agriculture Biologique \u00ab\u00a0Croisement de regards autour de l&rsquo; Agriculture Biologique\u00a0\u00bb Le\u00a004 septembre 2023,<a href=\"https:\/\/formaterra.re\/index.php\/2023\/09\/11\/formaterra-accueille-la-daaf-reunion-pour-une-reunion-thematique-agriculture-biologique\/\">[&#8230;]<\/a><\/p>\n","protected":false},"author":2,"featured_media":16076,"comment_status":"closed","ping_status":"open","sticky":false,"template":"elementor_header_footer","format":"standard","meta":{"footnotes":""},"categories":[6,10,17],"tags":[202,39,120,177],"class_list":["post-16074","post","type-post","status-publish","format-standard","has-post-thumbnail","hentry","category-actu","category-agroecologie","category-ecophyto","tag-daaf","tag-enseignement-agricole","tag-formaterra","tag-la-reunion"],"_links":{"self":[{"href":"https:\/\/formaterra.re\/index.php\/wp-json\/wp\/v2\/posts\/16074","targetHints":{"allow":["GET"]}}],"collection":[{"href":"https:\/\/formaterra.re\/index.php\/wp-json\/wp\/v2\/posts"}],"about":[{"href":"https:\/\/formaterra.re\/index.php\/wp-json\/wp\/v2\/types\/post"}],"author":[{"embeddable":true,"href":"https:\/\/formaterra.re\/index.php\/wp-json\/wp\/v2\/users\/2"}],"replies":[{"embeddable":true,"href":"https:\/\/formaterra.re\/index.php\/wp-json\/wp\/v2\/comments?post=16074"}],"version-history":[{"count":5,"href":"https:\/\/formaterra.re\/index.php\/wp-json\/wp\/v2\/posts\/16074\/revisions"}],"predecessor-version":[{"id":16086,"href":"https:\/\/formaterra.re\/index.php\/wp-json\/wp\/v2\/posts\/16074\/revisions\/16086"}],"wp:featuredmedia":[{"embeddable":true,"href":"https:\/\/formaterra.re\/index.php\/wp-json\/wp\/v2\/media\/16076"}],"wp:attachment":[{"href":"https:\/\/formaterra.re\/index.php\/wp-json\/wp\/v2\/media?parent=16074"}],"wp:term":[{"taxonomy":"category","embeddable":true,"href":"https:\/\/formaterra.re\/index.php\/wp-json\/wp\/v2\/categories?post=16074"},{"taxonomy":"post_tag","embeddable":true,"href":"https:\/\/formaterra.re\/index.php\/wp-json\/wp\/v2\/tags?post=16074"}],"curies":[{"name":"wp","href":"https:\/\/api.w.org\/{rel}","templated":true}]}}