{"id":16164,"date":"2023-09-28T13:26:27","date_gmt":"2023-09-28T09:26:27","guid":{"rendered":"https:\/\/formaterra.re\/?p=16164"},"modified":"2023-09-28T13:33:13","modified_gmt":"2023-09-28T09:33:13","slug":"retrouvez-formaterra-au-forum-territorialise-de-laction-sociale-et-de-linsertion-professionnelle-le-vendredi-29-septembre-saint-philippe","status":"publish","type":"post","link":"https:\/\/formaterra.re\/index.php\/2023\/09\/28\/retrouvez-formaterra-au-forum-territorialise-de-laction-sociale-et-de-linsertion-professionnelle-le-vendredi-29-septembre-saint-philippe\/","title":{"rendered":"RETROUVEZ FORMA&rsquo;TERRA au FORUM TERRITORIALIS\u00c9 DE L&rsquo;ACTION SOCIALE ET DE L&rsquo;INSERTION PROFESSIONNELLE : le vendredi 29 septembre (Saint-Philippe)"},"content":{"rendered":"\t\t<div data-elementor-type=\"wp-post\" data-elementor-id=\"16164\" class=\"elementor elementor-16164\">\n\t\t\t\t\t\t<section class=\"elementor-section elementor-top-section elementor-element elementor-element-37325dd2 elementor-section-boxed elementor-section-height-default elementor-section-height-default\" data-id=\"37325dd2\" data-element_type=\"section\">\n\t\t\t\t\t\t<div class=\"elementor-container elementor-column-gap-default\">\n\t\t\t\t\t<div class=\"elementor-column elementor-col-100 elementor-top-column elementor-element elementor-element-1fac931\" data-id=\"1fac931\" data-element_type=\"column\">\n\t\t\t<div class=\"elementor-widget-wrap elementor-element-populated\">\n\t\t\t\t\t\t<div class=\"elementor-element elementor-element-19809557 elementor-widget elementor-widget-spacer\" data-id=\"19809557\" data-element_type=\"widget\" data-widget_type=\"spacer.default\">\n\t\t\t\t<div class=\"elementor-widget-container\">\n\t\t\t\t\t<div class=\"elementor-spacer\">\n\t\t\t<div class=\"elementor-spacer-inner\"><\/div>\n\t\t<\/div>\n\t\t\t\t<\/div>\n\t\t\t\t<\/div>\n\t\t\t\t\t<\/div>\n\t\t<\/div>\n\t\t\t\t\t<\/div>\n\t\t<\/section>\n\t\t\t\t<section class=\"elementor-section elementor-top-section elementor-element elementor-element-ada898a elementor-section-boxed elementor-section-height-default elementor-section-height-default\" data-id=\"ada898a\" data-element_type=\"section\">\n\t\t\t\t\t\t<div class=\"elementor-container elementor-column-gap-default\">\n\t\t\t\t\t<div class=\"elementor-column elementor-col-100 elementor-top-column elementor-element elementor-element-67be01f4\" data-id=\"67be01f4\" data-element_type=\"column\">\n\t\t\t<div class=\"elementor-widget-wrap elementor-element-populated\">\n\t\t\t\t\t\t<div class=\"elementor-element elementor-element-79d7c063 elementor-widget elementor-widget-spacer\" data-id=\"79d7c063\" data-element_type=\"widget\" data-widget_type=\"spacer.default\">\n\t\t\t\t<div class=\"elementor-widget-container\">\n\t\t\t\t\t<div class=\"elementor-spacer\">\n\t\t\t<div class=\"elementor-spacer-inner\"><\/div>\n\t\t<\/div>\n\t\t\t\t<\/div>\n\t\t\t\t<\/div>\n\t\t\t\t\t<\/div>\n\t\t<\/div>\n\t\t\t\t\t<\/div>\n\t\t<\/section>\n\t\t\t\t<section class=\"elementor-section elementor-top-section elementor-element elementor-element-58784a8d elementor-section-boxed elementor-section-height-default elementor-section-height-default\" data-id=\"58784a8d\" data-element_type=\"section\">\n\t\t\t\t\t\t<div class=\"elementor-container elementor-column-gap-default\">\n\t\t\t\t\t<div class=\"elementor-column elementor-col-100 elementor-top-column elementor-element elementor-element-529c04a8\" data-id=\"529c04a8\" data-element_type=\"column\">\n\t\t\t<div class=\"elementor-widget-wrap elementor-element-populated\">\n\t\t\t\t\t\t<div class=\"elementor-element elementor-element-7e24daca elementor-widget elementor-widget-heading\" data-id=\"7e24daca\" data-element_type=\"widget\" data-widget_type=\"heading.default\">\n\t\t\t\t<div class=\"elementor-widget-container\">\n\t\t\t<h1 class=\"elementor-heading-title elementor-size-default\"><span style=\"white-space-collapse: collapse;\">RETROUVEZ FORMA'TERRA au FORUM TERRITORIALISE DE L' ACTION SOCIALE ET DE L' INSERTION PROFESSIONNELLE : <br> vendredi 29 septembre 2023<\/span><\/h1>\t\t<\/div>\n\t\t\t\t<\/div>\n\t\t\t\t\t<\/div>\n\t\t<\/div>\n\t\t\t\t\t<\/div>\n\t\t<\/section>\n\t\t\t\t<section class=\"elementor-section elementor-top-section elementor-element elementor-element-1e56f8a0 elementor-section-boxed elementor-section-height-default elementor-section-height-default\" data-id=\"1e56f8a0\" data-element_type=\"section\">\n\t\t\t\t\t\t<div class=\"elementor-container elementor-column-gap-default\">\n\t\t\t\t\t<div class=\"elementor-column elementor-col-100 elementor-top-column elementor-element elementor-element-4fdfca15\" data-id=\"4fdfca15\" data-element_type=\"column\">\n\t\t\t<div class=\"elementor-widget-wrap elementor-element-populated\">\n\t\t\t\t\t\t<div class=\"elementor-element elementor-element-23dc8463 elementor-widget elementor-widget-spacer\" data-id=\"23dc8463\" data-element_type=\"widget\" data-widget_type=\"spacer.default\">\n\t\t\t\t<div class=\"elementor-widget-container\">\n\t\t\t\t\t<div class=\"elementor-spacer\">\n\t\t\t<div class=\"elementor-spacer-inner\"><\/div>\n\t\t<\/div>\n\t\t\t\t<\/div>\n\t\t\t\t<\/div>\n\t\t\t\t\t<\/div>\n\t\t<\/div>\n\t\t\t\t\t<\/div>\n\t\t<\/section>\n\t\t\t\t<section class=\"elementor-section elementor-top-section elementor-element elementor-element-26088d62 elementor-section-boxed elementor-section-height-default elementor-section-height-default\" data-id=\"26088d62\" data-element_type=\"section\">\n\t\t\t\t\t\t<div class=\"elementor-container elementor-column-gap-default\">\n\t\t\t\t\t<div class=\"elementor-column elementor-col-50 elementor-top-column elementor-element elementor-element-18282aa9\" data-id=\"18282aa9\" data-element_type=\"column\">\n\t\t\t<div class=\"elementor-widget-wrap elementor-element-populated\">\n\t\t\t\t\t\t<div class=\"elementor-element elementor-element-4d99ee39 elementor-widget elementor-widget-image\" data-id=\"4d99ee39\" data-element_type=\"widget\" data-widget_type=\"image.default\">\n\t\t\t\t<div class=\"elementor-widget-container\">\n\t\t\t\t\t\t\t\t\t\t\t\t\t\t<a href=\"https:\/\/formaterra.re\/wp-content\/uploads\/2023\/09\/Forum_TAS_St_Philippe.png\" data-elementor-open-lightbox=\"yes\" data-elementor-lightbox-title=\"Forum_TAS_St_Philippe\" data-e-action-hash=\"#elementor-action%3Aaction%3Dlightbox%26settings%3DeyJpZCI6MTYxNjUsInVybCI6Imh0dHBzOlwvXC9mb3JtYXRlcnJhLnJlXC93cC1jb250ZW50XC91cGxvYWRzXC8yMDIzXC8wOVwvRm9ydW1fVEFTX1N0X1BoaWxpcHBlLnBuZyJ9\">\n\t\t\t\t\t\t\t<img fetchpriority=\"high\" decoding=\"async\" width=\"405\" height=\"564\" src=\"https:\/\/formaterra.re\/wp-content\/uploads\/2023\/09\/Forum_TAS_St_Philippe.png\" class=\"attachment-full size-full wp-image-16165\" alt=\"\" srcset=\"https:\/\/formaterra.re\/wp-content\/uploads\/2023\/09\/Forum_TAS_St_Philippe.png 405w, https:\/\/formaterra.re\/wp-content\/uploads\/2023\/09\/Forum_TAS_St_Philippe-215x300.png 215w\" sizes=\"(max-width: 405px) 100vw, 405px\" \/>\t\t\t\t\t\t\t\t<\/a>\n\t\t\t\t\t\t\t\t\t\t\t\t\t<\/div>\n\t\t\t\t<\/div>\n\t\t\t\t\t<\/div>\n\t\t<\/div>\n\t\t\t\t<div class=\"elementor-column elementor-col-50 elementor-top-column elementor-element elementor-element-3c4f5f1c\" data-id=\"3c4f5f1c\" data-element_type=\"column\">\n\t\t\t<div class=\"elementor-widget-wrap elementor-element-populated\">\n\t\t\t\t\t\t<div class=\"elementor-element elementor-element-312e656a elementor-widget elementor-widget-heading\" data-id=\"312e656a\" data-element_type=\"widget\" data-widget_type=\"heading.default\">\n\t\t\t\t<div class=\"elementor-widget-container\">\n\t\t\t<h3 class=\"elementor-heading-title elementor-size-default\">FORMEZ-VOUS AUX M\u00c9TIERS DU VIVANT <br>\n AVEC FORMA'TERRA !<\/h3>\t\t<\/div>\n\t\t\t\t<\/div>\n\t\t\t\t<div class=\"elementor-element elementor-element-40008a2e elementor-widget elementor-widget-text-editor\" data-id=\"40008a2e\" data-element_type=\"widget\" data-widget_type=\"text-editor.default\">\n\t\t\t\t<div class=\"elementor-widget-container\">\n\t\t\t\t\t\t\t<h2><strong><span style=\"color: #333399;\">FORMA&rsquo;TERRA\u00a0<\/span><\/strong><strong style=\"font-size: 16px;\"><span style=\"color: #333399;\">aura le plaisir de vous accueillir sur son stand<\/span><\/strong><strong style=\"font-size: 16px;\"><span style=\"color: #333399;\">,<\/span><\/strong><strong style=\"font-size: 16px;\"><span style=\"color: #333399;\"> lors de l&rsquo;\u00e9v\u00e9nement :<\/span><\/strong><\/h2><h1 style=\"color: #7a7a7a; font-style: normal; font-variant-ligatures: normal; font-variant-caps: normal;\" data-elementor-setting-key=\"title\" data-pen-placeholder=\"\u00c9crivez ici...\"><span style=\"color: #339966;\">FORUM TERRITORIALIS\u00c9 DE L&rsquo;ACTION SOCIALE ET DE L&rsquo;INSERTION PROFESSIONNELLE<\/span><\/h1><h1 contenteditable=\"true\" data-elementor-setting-key=\"title\" data-pen-placeholder=\"\u00c9crivez ici...\"><span style=\"color: #333399;\">le 29 septembre 2023\u00a0<\/span><\/h1><h1 contenteditable=\"true\" data-elementor-setting-key=\"title\" data-pen-placeholder=\"\u00c9crivez ici...\"><span style=\"color: #333399;\">\u00e0 la Place des f\u00eates Cap M\u00e9chant (Saint-Philippe)<\/span><\/h1><div><span style=\"color: #333399;\">\u00a0<\/span><\/div><div>\u00a0<\/div><p style=\"text-align: left;\"><span style=\"color: #333399;\"><strong><img decoding=\"async\" src=\"https:\/\/static.xx.fbcdn.net\/images\/emoji.php\/v9\/t1e\/1\/16\/1f33f.png\" alt=\"\ud83c\udf3f\" width=\"16\" height=\"16\" \/>\u00a0 \u00a0<\/strong>D\u00e9couvrez nos formations passionnantes dans les m\u00e9tiers du paysage, de l\u2019environnement, de l&rsquo;eau, de l\u2019agriculture,\u00a0<\/span><span style=\"color: #333399; font-family: Roboto; font-style: normal; font-weight: 400;\">de la sant\u00e9 animale<\/span><span style=\"color: #333399;\">\u2026<\/span><\/p><p style=\"text-align: left;\"><img decoding=\"async\" style=\"color: #333399;\" src=\"https:\/\/static.xx.fbcdn.net\/images\/emoji.php\/v9\/t1e\/1\/16\/1f33f.png\" alt=\"\ud83c\udf3f\" width=\"16\" height=\"16\" \/>\u00a0 <span style=\"color: #333399;\">Venez rencontrer nos \u00e9quipes pour trouver la formation adapt\u00e9e \u00e0 vos besoins !<\/span><\/p>\t\t\t\t\t\t<\/div>\n\t\t\t\t<\/div>\n\t\t\t\t<div class=\"elementor-element elementor-element-79f14d7e elementor-button-success elementor-widget elementor-widget-button\" data-id=\"79f14d7e\" data-element_type=\"widget\" data-widget_type=\"button.default\">\n\t\t\t\t<div class=\"elementor-widget-container\">\n\t\t\t\t\t<div class=\"elementor-button-wrapper\">\n\t\t\t<a class=\"elementor-button elementor-button-link elementor-size-sm\" href=\"https:\/\/www.departement974.fr\/actualite\/2e-forum-territorialise-de-laction-sociale-de-linsertion-bassin-sud-est-2023\">\n\t\t\t\t\t\t<span class=\"elementor-button-content-wrapper\">\n\t\t\t\t\t\t<span class=\"elementor-button-icon elementor-align-icon-left\">\n\t\t\t\t<i aria-hidden=\"true\" class=\"fas fa-info-circle\"><\/i>\t\t\t<\/span>\n\t\t\t\t\t\t<span class=\"elementor-button-text\">Plus d'infos sur l'\u00e9v\u00e9nement ICI<\/span>\n\t\t<\/span>\n\t\t\t\t\t<\/a>\n\t\t<\/div>\n\t\t\t\t<\/div>\n\t\t\t\t<\/div>\n\t\t\t\t<div class=\"elementor-element elementor-element-7c8a9a9d elementor-widget elementor-widget-text-editor\" data-id=\"7c8a9a9d\" data-element_type=\"widget\" data-widget_type=\"text-editor.default\">\n\t\t\t\t<div class=\"elementor-widget-container\">\n\t\t\t\t\t\t\t<p><span style=\"color: var( --e-global-color-text );\">\u00a0<\/span><\/p><div><img loading=\"lazy\" decoding=\"async\" class=\"alignnone wp-image-16033\" src=\"https:\/\/formaterra.re\/wp-content\/uploads\/2023\/08\/ADV_bourgeon.png\" alt=\"\" width=\"181\" height=\"79\" srcset=\"https:\/\/formaterra.re\/wp-content\/uploads\/2023\/08\/ADV_bourgeon.png 458w, https:\/\/formaterra.re\/wp-content\/uploads\/2023\/08\/ADV_bourgeon-300x131.png 300w\" sizes=\"(max-width: 181px) 100vw, 181px\" \/><\/div><div>\u00a0<\/div>\t\t\t\t\t\t<\/div>\n\t\t\t\t<\/div>\n\t\t\t\t<div class=\"elementor-element elementor-element-e627b3f elementor-align-center elementor-button-warning elementor-widget elementor-widget-button\" data-id=\"e627b3f\" data-element_type=\"widget\" data-widget_type=\"button.default\">\n\t\t\t\t<div class=\"elementor-widget-container\">\n\t\t\t\t\t<div class=\"elementor-button-wrapper\">\n\t\t\t<a class=\"elementor-button elementor-button-link elementor-size-sm elementor-animation-grow\" href=\"https:\/\/formaterra.re\/index.php\/formation-par-apprentissage\/\">\n\t\t\t\t\t\t<span class=\"elementor-button-content-wrapper\">\n\t\t\t\t\t\t<span class=\"elementor-button-icon elementor-align-icon-left\">\n\t\t\t\t<i aria-hidden=\"true\" class=\"far fa-arrow-alt-circle-right\"><\/i>\t\t\t<\/span>\n\t\t\t\t\t\t<span class=\"elementor-button-text\"> Plus d'informations sur nos formations par apprentissage (CFAA)<\/span>\n\t\t<\/span>\n\t\t\t\t\t<\/a>\n\t\t<\/div>\n\t\t\t\t<\/div>\n\t\t\t\t<\/div>\n\t\t\t\t<div class=\"elementor-element elementor-element-393191f5 elementor-align-center elementor-button-warning elementor-widget elementor-widget-button\" data-id=\"393191f5\" data-element_type=\"widget\" data-widget_type=\"button.default\">\n\t\t\t\t<div class=\"elementor-widget-container\">\n\t\t\t\t\t<div class=\"elementor-button-wrapper\">\n\t\t\t<a class=\"elementor-button elementor-button-link elementor-size-sm elementor-animation-grow\" href=\"https:\/\/formaterra.re\/index.php\/formation-par-apprentissage\/\">\n\t\t\t\t\t\t<span class=\"elementor-button-content-wrapper\">\n\t\t\t\t\t\t<span class=\"elementor-button-icon elementor-align-icon-left\">\n\t\t\t\t<i aria-hidden=\"true\" class=\"far fa-arrow-alt-circle-right\"><\/i>\t\t\t<\/span>\n\t\t\t\t\t\t<span class=\"elementor-button-text\"> Plus d'informations sur nos formations continues (CFPPA)<\/span>\n\t\t<\/span>\n\t\t\t\t\t<\/a>\n\t\t<\/div>\n\t\t\t\t<\/div>\n\t\t\t\t<\/div>\n\t\t\t\t<div class=\"elementor-element elementor-element-9c21493 elementor-align-center elementor-button-info elementor-widget elementor-widget-button\" data-id=\"9c21493\" data-element_type=\"widget\" data-widget_type=\"button.default\">\n\t\t\t\t<div class=\"elementor-widget-container\">\n\t\t\t\t\t<div class=\"elementor-button-wrapper\">\n\t\t\t<a class=\"elementor-button elementor-button-link elementor-size-sm elementor-animation-grow\" href=\"https:\/\/www.departement974.fr\/actualite\/2e-forum-territorialise-de-laction-sociale-de-linsertion-bassin-sud-est-2023\">\n\t\t\t\t\t\t<span class=\"elementor-button-content-wrapper\">\n\t\t\t\t\t\t<span class=\"elementor-button-icon elementor-align-icon-left\">\n\t\t\t\t<i aria-hidden=\"true\" class=\"far fa-arrow-alt-circle-right\"><\/i>\t\t\t<\/span>\n\t\t\t\t\t\t<span class=\"elementor-button-text\"> Plus d'informations sur nos formations initiales (LYCEE)<\/span>\n\t\t<\/span>\n\t\t\t\t\t<\/a>\n\t\t<\/div>\n\t\t\t\t<\/div>\n\t\t\t\t<\/div>\n\t\t\t\t\t<\/div>\n\t\t<\/div>\n\t\t\t\t\t<\/div>\n\t\t<\/section>\n\t\t\t\t<section class=\"elementor-section elementor-top-section elementor-element elementor-element-1a8f8b75 elementor-section-boxed elementor-section-height-default elementor-section-height-default\" data-id=\"1a8f8b75\" data-element_type=\"section\">\n\t\t\t\t\t\t<div class=\"elementor-container elementor-column-gap-default\">\n\t\t\t\t\t<div class=\"elementor-column elementor-col-100 elementor-top-column elementor-element elementor-element-261de70f\" data-id=\"261de70f\" data-element_type=\"column\">\n\t\t\t<div class=\"elementor-widget-wrap\">\n\t\t\t\t\t\t\t<\/div>\n\t\t<\/div>\n\t\t\t\t\t<\/div>\n\t\t<\/section>\n\t\t\t\t<section class=\"elementor-section elementor-top-section elementor-element elementor-element-7fa4a15d elementor-section-boxed elementor-section-height-default elementor-section-height-default\" data-id=\"7fa4a15d\" data-element_type=\"section\">\n\t\t\t\t\t\t<div class=\"elementor-container elementor-column-gap-default\">\n\t\t\t\t\t<div class=\"elementor-column elementor-col-100 elementor-top-column elementor-element elementor-element-67b8632a\" data-id=\"67b8632a\" data-element_type=\"column\">\n\t\t\t<div class=\"elementor-widget-wrap elementor-element-populated\">\n\t\t\t\t\t\t<div class=\"elementor-element elementor-element-2fb60ec4 elementor-widget elementor-widget-text-editor\" data-id=\"2fb60ec4\" data-element_type=\"widget\" data-widget_type=\"text-editor.default\">\n\t\t\t\t<div class=\"elementor-widget-container\">\n\t\t\t\t\t\t\t<h4><em><span style=\"color: #0000ff;\"><strong>Suivez-nous sur les r\u00e9seaux sociaux\u00a0 !<\/strong><\/span><\/em><\/h4>\t\t\t\t\t\t<\/div>\n\t\t\t\t<\/div>\n\t\t\t\t\t<\/div>\n\t\t<\/div>\n\t\t\t\t\t<\/div>\n\t\t<\/section>\n\t\t\t\t<section class=\"elementor-section elementor-top-section elementor-element elementor-element-1bf00f12 elementor-section-boxed elementor-section-height-default elementor-section-height-default\" data-id=\"1bf00f12\" data-element_type=\"section\">\n\t\t\t\t\t\t<div class=\"elementor-container elementor-column-gap-default\">\n\t\t\t\t\t<div class=\"elementor-column elementor-col-100 elementor-top-column elementor-element elementor-element-7c410da8\" data-id=\"7c410da8\" data-element_type=\"column\">\n\t\t\t<div class=\"elementor-widget-wrap elementor-element-populated\">\n\t\t\t\t\t\t<div class=\"elementor-element elementor-element-6cf60b60 elementor-shape-rounded elementor-grid-0 e-grid-align-center elementor-widget elementor-widget-social-icons\" data-id=\"6cf60b60\" data-element_type=\"widget\" data-widget_type=\"social-icons.default\">\n\t\t\t\t<div class=\"elementor-widget-container\">\n\t\t\t\t\t<div class=\"elementor-social-icons-wrapper elementor-grid\">\n\t\t\t\t\t\t\t<span class=\"elementor-grid-item\">\n\t\t\t\t\t<a class=\"elementor-icon elementor-social-icon elementor-social-icon-facebook elementor-repeater-item-0ae523e\" href=\"https:\/\/www.facebook.com\/formaterra.re\/\" target=\"_blank\">\n\t\t\t\t\t\t<span class=\"elementor-screen-only\">Facebook<\/span>\n\t\t\t\t\t\t<i class=\"fab fa-facebook\"><\/i>\t\t\t\t\t<\/a>\n\t\t\t\t<\/span>\n\t\t\t\t\t\t\t<span class=\"elementor-grid-item\">\n\t\t\t\t\t<a class=\"elementor-icon elementor-social-icon elementor-social-icon-youtube elementor-repeater-item-0cb49a3\" href=\"https:\/\/www.youtube.com\/channel\/UCzKnt8MYHJLIRkZg_Lx6PiA\" target=\"_blank\">\n\t\t\t\t\t\t<span class=\"elementor-screen-only\">Youtube<\/span>\n\t\t\t\t\t\t<i class=\"fab fa-youtube\"><\/i>\t\t\t\t\t<\/a>\n\t\t\t\t<\/span>\n\t\t\t\t\t\t\t<span class=\"elementor-grid-item\">\n\t\t\t\t\t<a class=\"elementor-icon elementor-social-icon elementor-social-icon-instagram elementor-repeater-item-d0e4b6d\" href=\"https:\/\/www.instagram.com\/formaterra.re\/?hl=fr\" target=\"_blank\">\n\t\t\t\t\t\t<span class=\"elementor-screen-only\">Instagram<\/span>\n\t\t\t\t\t\t<i class=\"fab fa-instagram\"><\/i>\t\t\t\t\t<\/a>\n\t\t\t\t<\/span>\n\t\t\t\t\t\t\t<span class=\"elementor-grid-item\">\n\t\t\t\t\t<a class=\"elementor-icon elementor-social-icon elementor-social-icon-linkedin elementor-repeater-item-e964a79\" href=\"https:\/\/www.linkedin.com\/company\/eplefpa-formaterra\/\" target=\"_blank\">\n\t\t\t\t\t\t<span class=\"elementor-screen-only\">Linkedin<\/span>\n\t\t\t\t\t\t<i class=\"fab fa-linkedin\"><\/i>\t\t\t\t\t<\/a>\n\t\t\t\t<\/span>\n\t\t\t\t\t<\/div>\n\t\t\t\t<\/div>\n\t\t\t\t<\/div>\n\t\t\t\t\t<\/div>\n\t\t<\/div>\n\t\t\t\t\t<\/div>\n\t\t<\/section>\n\t\t\t\t<section class=\"elementor-section elementor-top-section elementor-element elementor-element-1dfff21e elementor-section-boxed elementor-section-height-default elementor-section-height-default\" data-id=\"1dfff21e\" data-element_type=\"section\">\n\t\t\t\t\t\t<div class=\"elementor-container elementor-column-gap-default\">\n\t\t\t\t\t<div class=\"elementor-column elementor-col-100 elementor-top-column elementor-element elementor-element-23afc91f\" data-id=\"23afc91f\" data-element_type=\"column\">\n\t\t\t<div class=\"elementor-widget-wrap elementor-element-populated\">\n\t\t\t\t\t\t<div class=\"elementor-element elementor-element-46fa878a elementor-widget elementor-widget-spacer\" data-id=\"46fa878a\" data-element_type=\"widget\" data-widget_type=\"spacer.default\">\n\t\t\t\t<div class=\"elementor-widget-container\">\n\t\t\t\t\t<div class=\"elementor-spacer\">\n\t\t\t<div class=\"elementor-spacer-inner\"><\/div>\n\t\t<\/div>\n\t\t\t\t<\/div>\n\t\t\t\t<\/div>\n\t\t\t\t\t<\/div>\n\t\t<\/div>\n\t\t\t\t\t<\/div>\n\t\t<\/section>\n\t\t\t\t<\/div>\n\t\t","protected":false},"excerpt":{"rendered":"<p>RETROUVEZ FORMA&rsquo;TERRA au FORUM TERRITORIALISE DE L&rsquo; ACTION SOCIALE ET DE L&rsquo; INSERTION PROFESSIONNELLE : vendredi 29 septembre 2023 FORMEZ-VOUS AUX M\u00c9TIERS DU VIVANT AVEC FORMA&rsquo;TERRA ! FORMA&rsquo;TERRA\u00a0aura le plaisir<a href=\"https:\/\/formaterra.re\/index.php\/2023\/09\/28\/retrouvez-formaterra-au-forum-territorialise-de-laction-sociale-et-de-linsertion-professionnelle-le-vendredi-29-septembre-saint-philippe\/\">[&#8230;]<\/a><\/p>\n","protected":false},"author":2,"featured_media":16165,"comment_status":"closed","ping_status":"open","sticky":false,"template":"elementor_header_footer","format":"standard","meta":{"footnotes":""},"categories":[6,8,11,9],"tags":[],"class_list":["post-16164","post","type-post","status-publish","format-standard","has-post-thumbnail","hentry","category-actu","category-emploi","category-evenement","category-formations"],"_links":{"self":[{"href":"https:\/\/formaterra.re\/index.php\/wp-json\/wp\/v2\/posts\/16164","targetHints":{"allow":["GET"]}}],"collection":[{"href":"https:\/\/formaterra.re\/index.php\/wp-json\/wp\/v2\/posts"}],"about":[{"href":"https:\/\/formaterra.re\/index.php\/wp-json\/wp\/v2\/types\/post"}],"author":[{"embeddable":true,"href":"https:\/\/formaterra.re\/index.php\/wp-json\/wp\/v2\/users\/2"}],"replies":[{"embeddable":true,"href":"https:\/\/formaterra.re\/index.php\/wp-json\/wp\/v2\/comments?post=16164"}],"version-history":[{"count":11,"href":"https:\/\/formaterra.re\/index.php\/wp-json\/wp\/v2\/posts\/16164\/revisions"}],"predecessor-version":[{"id":16176,"href":"https:\/\/formaterra.re\/index.php\/wp-json\/wp\/v2\/posts\/16164\/revisions\/16176"}],"wp:featuredmedia":[{"embeddable":true,"href":"https:\/\/formaterra.re\/index.php\/wp-json\/wp\/v2\/media\/16165"}],"wp:attachment":[{"href":"https:\/\/formaterra.re\/index.php\/wp-json\/wp\/v2\/media?parent=16164"}],"wp:term":[{"taxonomy":"category","embeddable":true,"href":"https:\/\/formaterra.re\/index.php\/wp-json\/wp\/v2\/categories?post=16164"},{"taxonomy":"post_tag","embeddable":true,"href":"https:\/\/formaterra.re\/index.php\/wp-json\/wp\/v2\/tags?post=16164"}],"curies":[{"name":"wp","href":"https:\/\/api.w.org\/{rel}","templated":true}]}}