{"id":18790,"date":"2024-09-27T15:35:31","date_gmt":"2024-09-27T11:35:31","guid":{"rendered":"https:\/\/formaterra.re\/?p=18790"},"modified":"2024-09-27T15:39:04","modified_gmt":"2024-09-27T11:39:04","slug":"offre-demploi-commerciale-agrofournitures","status":"publish","type":"post","link":"https:\/\/formaterra.re\/index.php\/2024\/09\/27\/offre-demploi-commerciale-agrofournitures\/","title":{"rendered":"OFFRE D&rsquo;EMPLOI : Commercial(e) Agrofournitures"},"content":{"rendered":"\t\t<div data-elementor-type=\"wp-post\" data-elementor-id=\"18790\" class=\"elementor elementor-18790\">\n\t\t\t\t\t\t<section class=\"elementor-section elementor-top-section elementor-element elementor-element-269d346f elementor-section-boxed elementor-section-height-default elementor-section-height-default\" data-id=\"269d346f\" data-element_type=\"section\">\n\t\t\t\t\t\t<div class=\"elementor-container elementor-column-gap-default\">\n\t\t\t\t\t<div class=\"elementor-column elementor-col-100 elementor-top-column elementor-element elementor-element-1841c0f6\" data-id=\"1841c0f6\" data-element_type=\"column\">\n\t\t\t<div class=\"elementor-widget-wrap elementor-element-populated\">\n\t\t\t\t\t\t<div class=\"elementor-element elementor-element-38ebd4ad elementor-widget elementor-widget-spacer\" data-id=\"38ebd4ad\" data-element_type=\"widget\" data-widget_type=\"spacer.default\">\n\t\t\t\t<div class=\"elementor-widget-container\">\n\t\t\t\t\t<div class=\"elementor-spacer\">\n\t\t\t<div class=\"elementor-spacer-inner\"><\/div>\n\t\t<\/div>\n\t\t\t\t<\/div>\n\t\t\t\t<\/div>\n\t\t\t\t\t<\/div>\n\t\t<\/div>\n\t\t\t\t\t<\/div>\n\t\t<\/section>\n\t\t\t\t<section class=\"elementor-section elementor-top-section elementor-element elementor-element-21d1da41 elementor-section-boxed elementor-section-height-default elementor-section-height-default\" data-id=\"21d1da41\" data-element_type=\"section\">\n\t\t\t\t\t\t<div class=\"elementor-container elementor-column-gap-default\">\n\t\t\t\t\t<div class=\"elementor-column elementor-col-100 elementor-top-column elementor-element elementor-element-6e899192\" data-id=\"6e899192\" data-element_type=\"column\">\n\t\t\t<div class=\"elementor-widget-wrap\">\n\t\t\t\t\t\t\t<\/div>\n\t\t<\/div>\n\t\t\t\t\t<\/div>\n\t\t<\/section>\n\t\t\t\t<section class=\"elementor-section elementor-top-section elementor-element elementor-element-32c3f71d elementor-section-boxed elementor-section-height-default elementor-section-height-default\" data-id=\"32c3f71d\" data-element_type=\"section\">\n\t\t\t\t\t\t<div class=\"elementor-container elementor-column-gap-default\">\n\t\t\t\t\t<div class=\"elementor-column elementor-col-100 elementor-top-column elementor-element elementor-element-62069ecc\" data-id=\"62069ecc\" data-element_type=\"column\">\n\t\t\t<div class=\"elementor-widget-wrap elementor-element-populated\">\n\t\t\t\t\t\t<div class=\"elementor-element elementor-element-785f12f7 elementor-widget elementor-widget-heading\" data-id=\"785f12f7\" data-element_type=\"widget\" data-widget_type=\"heading.default\">\n\t\t\t\t<div class=\"elementor-widget-container\">\n\t\t\t<h1 class=\"elementor-heading-title elementor-size-default\"><h1 itemprop=\"headline\">OFFRE D'EMPLOI : Commercial(e) Agrofournitures (H\/F)<\/h1><\/h1>\t\t<\/div>\n\t\t\t\t<\/div>\n\t\t\t\t<div class=\"elementor-element elementor-element-16444e66 elementor-widget elementor-widget-spacer\" data-id=\"16444e66\" data-element_type=\"widget\" data-widget_type=\"spacer.default\">\n\t\t\t\t<div class=\"elementor-widget-container\">\n\t\t\t\t\t<div class=\"elementor-spacer\">\n\t\t\t<div class=\"elementor-spacer-inner\"><\/div>\n\t\t<\/div>\n\t\t\t\t<\/div>\n\t\t\t\t<\/div>\n\t\t\t\t\t<\/div>\n\t\t<\/div>\n\t\t\t\t\t<\/div>\n\t\t<\/section>\n\t\t\t\t<section class=\"elementor-section elementor-top-section elementor-element elementor-element-5a5f2281 elementor-section-boxed elementor-section-height-default elementor-section-height-default\" data-id=\"5a5f2281\" data-element_type=\"section\">\n\t\t\t\t\t\t<div class=\"elementor-container elementor-column-gap-default\">\n\t\t\t\t\t<div class=\"elementor-column elementor-col-50 elementor-top-column elementor-element elementor-element-6f510e68\" data-id=\"6f510e68\" data-element_type=\"column\">\n\t\t\t<div class=\"elementor-widget-wrap elementor-element-populated\">\n\t\t\t\t\t\t<div class=\"elementor-element elementor-element-57d208d5 elementor-widget elementor-widget-image\" data-id=\"57d208d5\" data-element_type=\"widget\" data-widget_type=\"image.default\">\n\t\t\t\t<div class=\"elementor-widget-container\">\n\t\t\t\t\t\t\t\t\t\t\t\t\t<img fetchpriority=\"high\" decoding=\"async\" width=\"553\" height=\"156\" src=\"https:\/\/formaterra.re\/wp-content\/uploads\/2023\/09\/logo_TERRACOOP.png\" class=\"attachment-full size-full wp-image-16062\" alt=\"\" srcset=\"https:\/\/formaterra.re\/wp-content\/uploads\/2023\/09\/logo_TERRACOOP.png 553w, https:\/\/formaterra.re\/wp-content\/uploads\/2023\/09\/logo_TERRACOOP-300x85.png 300w, https:\/\/formaterra.re\/wp-content\/uploads\/2023\/09\/logo_TERRACOOP-350x100.png 350w\" sizes=\"(max-width: 553px) 100vw, 553px\" \/>\t\t\t\t\t\t\t\t\t\t\t\t\t<\/div>\n\t\t\t\t<\/div>\n\t\t\t\t\t<\/div>\n\t\t<\/div>\n\t\t\t\t<div class=\"elementor-column elementor-col-50 elementor-top-column elementor-element elementor-element-290acf94\" data-id=\"290acf94\" data-element_type=\"column\">\n\t\t\t<div class=\"elementor-widget-wrap elementor-element-populated\">\n\t\t\t\t\t\t<div class=\"elementor-element elementor-element-4a2ef941 elementor-widget elementor-widget-heading\" data-id=\"4a2ef941\" data-element_type=\"widget\" data-widget_type=\"heading.default\">\n\t\t\t\t<div class=\"elementor-widget-container\">\n\t\t\t<h3 class=\"elementor-heading-title elementor-size-default\">L' ORGANISME<\/h3>\t\t<\/div>\n\t\t\t\t<\/div>\n\t\t\t\t<div class=\"elementor-element elementor-element-65bf6f86 elementor-widget elementor-widget-text-editor\" data-id=\"65bf6f86\" data-element_type=\"widget\" data-widget_type=\"text-editor.default\">\n\t\t\t\t<div class=\"elementor-widget-container\">\n\t\t\t\t\t\t\t<div style=\"text-align: center;\"><p><span style=\"color: #000080;\"><strong>TERRACOOP<\/strong> est une entreprise innovante sp\u00e9cialis\u00e9e dans l&rsquo;agriculture et l\u2019\u00e9levage. Dans le cadre de <\/span><br \/><span style=\"color: #000080;\">l&rsquo;ouverture de notre nouveau p\u00f4le professionnel \u00e0 Saint-Andr\u00e9, nous recherchons un(e) <\/span><br \/><span style=\"color: #000080;\">commercial(e) agrofournitures dynamique et motiv\u00e9(e) pour rejoindre notre \u00e9quipe.<\/span><\/p><p><span style=\"color: #000080;\"><strong>TERRACOOP recherche un.e :<\/strong><\/span><\/p><p><span style=\"color: #000080;\"><strong>Commercial(e) Agrofournitures<\/strong><\/span><\/p><\/div>\t\t\t\t\t\t<\/div>\n\t\t\t\t<\/div>\n\t\t\t\t<div class=\"elementor-element elementor-element-25d0b87 elementor-widget elementor-widget-heading\" data-id=\"25d0b87\" data-element_type=\"widget\" data-widget_type=\"heading.default\">\n\t\t\t\t<div class=\"elementor-widget-container\">\n\t\t\t<h3 class=\"elementor-heading-title elementor-size-default\">FICHE DE POSTE<\/h3>\t\t<\/div>\n\t\t\t\t<\/div>\n\t\t\t\t<div class=\"elementor-element elementor-element-47cee34d elementor-widget elementor-widget-text-editor\" data-id=\"47cee34d\" data-element_type=\"widget\" data-widget_type=\"text-editor.default\">\n\t\t\t\t<div class=\"elementor-widget-container\">\n\t\t\t\t\t\t\t<p style=\"text-align: left;\"><a href=\"https:\/\/formaterra.re\/wp-content\/uploads\/2024\/09\/OFFRE-EMPLOI-COMMERCIALE-AGROFOURNITURES-EST-TERRACOOP_sept24.pdf\">T\u00e9l\u00e9chargez la fiche de poste ici <\/a><\/p><p style=\"text-align: left;\"><a href=\"https:\/\/formaterra.re\/wp-content\/uploads\/2024\/09\/OFFRE-EMPLOI-COMMERCIALE-AGROFOURNITURES-EST-TERRACOOP_sept24.pdf\"><a href=\"https:\/\/formaterra.re\/wp-content\/uploads\/2024\/09\/OFFRE-EMPLOI-COMMERCIALE-AGROFOURNITURES-EST-TERRACOOP_sept24.pdf\" class=\"pdfemb-viewer\" style=\"\" data-width=\"max\" data-height=\"max\" data-toolbar=\"bottom\" data-toolbar-fixed=\"off\">OFFRE EMPLOI &#8211; COMMERCIAL(E) AGROFOURNITURES EST &#8211; TERRACOOP_sept24<\/a><\/a><\/p><p>\u00a0<\/p>\t\t\t\t\t\t<\/div>\n\t\t\t\t<\/div>\n\t\t\t\t<div class=\"elementor-element elementor-element-248e4b8a elementor-widget elementor-widget-heading\" data-id=\"248e4b8a\" data-element_type=\"widget\" data-widget_type=\"heading.default\">\n\t\t\t\t<div class=\"elementor-widget-container\">\n\t\t\t<h3 class=\"elementor-heading-title elementor-size-default\">POUR POSTULER<\/h3>\t\t<\/div>\n\t\t\t\t<\/div>\n\t\t\t\t<div class=\"elementor-element elementor-element-5134f46d elementor-widget elementor-widget-text-editor\" data-id=\"5134f46d\" data-element_type=\"widget\" data-widget_type=\"text-editor.default\">\n\t\t\t\t<div class=\"elementor-widget-container\">\n\t\t\t\t\t\t\t<div class=\"elementor-element elementor-element-1f3fa51d elementor-widget elementor-widget-text-editor\" data-id=\"1f3fa51d\" data-element_type=\"widget\" data-widget_type=\"text-editor.default\"><div class=\"elementor-widget-container\"><div class=\"elementor-text-editor elementor-clearfix\"><p style=\"text-align: center;\"><span style=\"color: #000080;\">Pour toute candidature, merci d\u2019adresser votre CV et une lettre de motivation \u00e0<\/span><strong><br \/><a href=\"mailto:armand.irsapoulle@terracoop.re\">armand.irsapoulle@terracoop.re<\/a><\/strong><\/p><p style=\"text-align: center;\"><span style=\"color: #000080;\">en pr\u00e9cisant en objet \u201cCandidature Commercial(e) \u2013 Saint-Andr\u00e9\u201d<\/span><\/p><\/div><\/div><\/div>\t\t\t\t\t\t<\/div>\n\t\t\t\t<\/div>\n\t\t\t\t\t<\/div>\n\t\t<\/div>\n\t\t\t\t\t<\/div>\n\t\t<\/section>\n\t\t\t\t<section class=\"elementor-section elementor-top-section elementor-element elementor-element-3f713874 elementor-section-boxed elementor-section-height-default elementor-section-height-default\" data-id=\"3f713874\" data-element_type=\"section\">\n\t\t\t\t\t\t<div class=\"elementor-container elementor-column-gap-default\">\n\t\t\t\t\t<div class=\"elementor-column elementor-col-50 elementor-top-column elementor-element elementor-element-2b128b15\" data-id=\"2b128b15\" data-element_type=\"column\">\n\t\t\t<div class=\"elementor-widget-wrap\">\n\t\t\t\t\t\t\t<\/div>\n\t\t<\/div>\n\t\t\t\t<div class=\"elementor-column elementor-col-50 elementor-top-column elementor-element elementor-element-68750d1\" data-id=\"68750d1\" data-element_type=\"column\">\n\t\t\t<div class=\"elementor-widget-wrap elementor-element-populated\">\n\t\t\t\t\t\t<div class=\"elementor-element elementor-element-1465fa58 elementor-align-center elementor-widget elementor-widget-button\" data-id=\"1465fa58\" data-element_type=\"widget\" data-widget_type=\"button.default\">\n\t\t\t\t<div class=\"elementor-widget-container\">\n\t\t\t\t\t<div class=\"elementor-button-wrapper\">\n\t\t\t<a class=\"elementor-button elementor-button-link elementor-size-sm elementor-animation-grow\" href=\"http:\/\/www.vivea.re\/#\/terracoop\/\">\n\t\t\t\t\t\t<span class=\"elementor-button-content-wrapper\">\n\t\t\t\t\t\t<span class=\"elementor-button-text\">Plus d'informations sur l'organisme<\/span>\n\t\t<\/span>\n\t\t\t\t\t<\/a>\n\t\t<\/div>\n\t\t\t\t<\/div>\n\t\t\t\t<\/div>\n\t\t\t\t\t<\/div>\n\t\t<\/div>\n\t\t\t\t\t<\/div>\n\t\t<\/section>\n\t\t\t\t<section class=\"elementor-section elementor-top-section elementor-element elementor-element-b0c62b elementor-section-boxed elementor-section-height-default elementor-section-height-default\" data-id=\"b0c62b\" data-element_type=\"section\">\n\t\t\t\t\t\t<div class=\"elementor-container elementor-column-gap-default\">\n\t\t\t\t\t<div class=\"elementor-column elementor-col-100 elementor-top-column elementor-element elementor-element-604200d6\" data-id=\"604200d6\" data-element_type=\"column\">\n\t\t\t<div class=\"elementor-widget-wrap elementor-element-populated\">\n\t\t\t\t\t\t<div class=\"elementor-element elementor-element-2c85e74c elementor-widget elementor-widget-spacer\" data-id=\"2c85e74c\" data-element_type=\"widget\" data-widget_type=\"spacer.default\">\n\t\t\t\t<div class=\"elementor-widget-container\">\n\t\t\t\t\t<div class=\"elementor-spacer\">\n\t\t\t<div class=\"elementor-spacer-inner\"><\/div>\n\t\t<\/div>\n\t\t\t\t<\/div>\n\t\t\t\t<\/div>\n\t\t\t\t\t<\/div>\n\t\t<\/div>\n\t\t\t\t\t<\/div>\n\t\t<\/section>\n\t\t\t\t<\/div>\n\t\t","protected":false},"excerpt":{"rendered":"<p>OFFRE D&rsquo;EMPLOI : Commercial(e) Agrofournitures (H\/F) L&rsquo; ORGANISME TERRACOOP est une entreprise innovante sp\u00e9cialis\u00e9e dans l&rsquo;agriculture et l\u2019\u00e9levage. Dans le cadre de l&rsquo;ouverture de notre nouveau p\u00f4le professionnel \u00e0 Saint-Andr\u00e9,<a href=\"https:\/\/formaterra.re\/index.php\/2024\/09\/27\/offre-demploi-commerciale-agrofournitures\/\">[&#8230;]<\/a><\/p>\n","protected":false},"author":2,"featured_media":16062,"comment_status":"closed","ping_status":"open","sticky":false,"template":"elementor_header_footer","format":"standard","meta":{"footnotes":""},"categories":[6,8,29,42],"tags":[],"class_list":["post-18790","post","type-post","status-publish","format-standard","has-post-thumbnail","hentry","category-actu","category-emploi","category-nos-offres-demploi","category-offres-emploi-stage"],"_links":{"self":[{"href":"https:\/\/formaterra.re\/index.php\/wp-json\/wp\/v2\/posts\/18790","targetHints":{"allow":["GET"]}}],"collection":[{"href":"https:\/\/formaterra.re\/index.php\/wp-json\/wp\/v2\/posts"}],"about":[{"href":"https:\/\/formaterra.re\/index.php\/wp-json\/wp\/v2\/types\/post"}],"author":[{"embeddable":true,"href":"https:\/\/formaterra.re\/index.php\/wp-json\/wp\/v2\/users\/2"}],"replies":[{"embeddable":true,"href":"https:\/\/formaterra.re\/index.php\/wp-json\/wp\/v2\/comments?post=18790"}],"version-history":[{"count":7,"href":"https:\/\/formaterra.re\/index.php\/wp-json\/wp\/v2\/posts\/18790\/revisions"}],"predecessor-version":[{"id":18801,"href":"https:\/\/formaterra.re\/index.php\/wp-json\/wp\/v2\/posts\/18790\/revisions\/18801"}],"wp:featuredmedia":[{"embeddable":true,"href":"https:\/\/formaterra.re\/index.php\/wp-json\/wp\/v2\/media\/16062"}],"wp:attachment":[{"href":"https:\/\/formaterra.re\/index.php\/wp-json\/wp\/v2\/media?parent=18790"}],"wp:term":[{"taxonomy":"category","embeddable":true,"href":"https:\/\/formaterra.re\/index.php\/wp-json\/wp\/v2\/categories?post=18790"},{"taxonomy":"post_tag","embeddable":true,"href":"https:\/\/formaterra.re\/index.php\/wp-json\/wp\/v2\/tags?post=18790"}],"curies":[{"name":"wp","href":"https:\/\/api.w.org\/{rel}","templated":true}]}}