{"id":6669,"date":"2018-03-01T11:02:29","date_gmt":"2018-03-01T10:02:29","guid":{"rendered":"http:\/\/eplsaintpaul.net\/?p=6669"},"modified":"2018-03-01T11:02:29","modified_gmt":"2018-03-01T10:02:29","slug":"nos-apprentis-du-cfaa-prets-pour-les-selections-regionales-des-45emes-olympiades-des-metiers","status":"publish","type":"post","link":"https:\/\/formaterra.re\/index.php\/2018\/03\/01\/nos-apprentis-du-cfaa-prets-pour-les-selections-regionales-des-45emes-olympiades-des-metiers\/","title":{"rendered":"Nos apprentis du CFAA pr\u00eats pour les S\u00e9lections R\u00e9gionales des &quot;45\u00e8mes Olympiades des M\u00e9tiers&quot;"},"content":{"rendered":"<h3 class=\"page-title\"><span style=\"color: #008000;\"><strong><span style=\"color: #3366ff;\">Place aux S\u00e9lections R\u00e9gionales !<\/span><br \/>\n<\/strong><\/span><\/h3>\n<p>L\u2019entra\u00eenement prend fin pour nos 5 \u00e9l\u00e8ves en apprentissage au CFAA de Saint-Paul engag\u00e9s dans cette exceptionnelle<strong> comp\u00e9tition organis\u00e9e par Worldskills France : \u00ab\u00a0Les 45\u00e8mes Olympiades des M\u00e9tiers\u00a0\u00bb<\/strong>.<br \/>\nApr\u00e8s une pr\u00e9-s\u00e9lection et une pr\u00e9paration technique intense, l&rsquo;\u00e9quipe \u00ab\u00a0Jardinier-Paysagiste\u00a0\u00bb du CFAA de Saint-Paul encadr\u00e9e par leur <strong>coach Lucas Velluet<\/strong>, prendra part aux :<\/p>\n<p style=\"text-align: center;\"><span style=\"color: #993366;\"><strong>S\u00e9lections R\u00e9gionales des \u00ab\u00a045\u00e8mes Olympiades des M\u00e9tiers\u00a0\u00bb,<\/strong> <\/span><span style=\"color: #993366;\"><strong>le<\/strong> <strong>07 mars 2018, <\/strong><\/span><span style=\"color: #993366;\"><strong>au Golf du Bassin Bleu.<\/strong><\/span><\/p>\n<p>&nbsp;<\/p>\n<h3 class=\"page-title\"><span style=\"color: #3366ff;\"><strong>Les Olympiades des M\u00e9tiers<\/strong><\/span><\/h3>\n<p><a href=\"http:\/\/eplsaintpaul.net\/wp-content\/uploads\/2018\/03\/affiche-jardinier.jpg\"><img fetchpriority=\"high\" decoding=\"async\" class=\"wp-image-6673 alignleft\" src=\"http:\/\/eplsaintpaul.net\/wp-content\/uploads\/2018\/03\/affiche-jardinier.jpg\" alt=\"\" width=\"300\" height=\"387\" srcset=\"https:\/\/formaterra.re\/wp-content\/uploads\/2018\/03\/affiche-jardinier.jpg 3341w, https:\/\/formaterra.re\/wp-content\/uploads\/2018\/03\/affiche-jardinier-232x300.jpg 232w, https:\/\/formaterra.re\/wp-content\/uploads\/2018\/03\/affiche-jardinier-768x991.jpg 768w, https:\/\/formaterra.re\/wp-content\/uploads\/2018\/03\/affiche-jardinier-793x1024.jpg 793w\" sizes=\"(max-width: 300px) 100vw, 300px\" \/><\/a><br \/>\n&nbsp;<br \/>\nCe concours exigeant est une fa\u00e7on pour <strong>nos \u00e9l\u00e8ves en apprentissage <\/strong><strong>de montrer leurs qualit\u00e9s et l&rsquo;\u00e9tendue de leur savoir-faire professionnel.<\/strong><br \/>\nCet \u00e9v\u00e9nement international met \u00e9galement en lumi\u00e8re des <strong>formations<\/strong> parfois m\u00e9connues, <strong>menant \u00e0 des m\u00e9tiers qui recrutent<\/strong>, <strong>tels que les <span style=\"color: #008000;\">fili\u00e8res de l&rsquo;enseignement agricole tourn\u00e9es vers la nature, l&rsquo;environnement et les territoires<\/span>.<\/strong><br \/>\n<strong>Andy, Kenzo et\u00a0 Jean-Davy<\/strong> pr\u00e9parent actuellement un Brevet Professionnel \u00ab\u00a0<strong>BP &#8211; Am\u00e9nagements paysagers\u00a0\u00bb<\/strong>.<br \/>\n<strong>Olivier et Jean-Sergio<\/strong> quant \u00e0 eux se forment au m\u00e9tier de \u00ab\u00a0<strong>Jardinier Paysagiste<\/strong>\u00a0\u00bb et pr\u00e9parent un Certificat d&rsquo;Aptitude Professionnel (CAP) en apprentissage.<strong><br \/>\n<\/strong><br \/>\nTous ont souhait\u00e9 int\u00e9grer cette<strong> prestigieuse et exigeante comp\u00e9tition<\/strong> qui leur permettra de <strong>vivre une exp\u00e9rience hors pair<\/strong> et de <strong>renforcer leur professionnalisme<\/strong> !<br \/>\n&nbsp;<\/p>\n<blockquote><p><em>Je souhaite encourager l&rsquo;ensemble des participants sur les m\u00e9tiers du V\u00e9g\u00e9tal et particuli\u00e8rement l&rsquo;\u00e9quipe \u00ab\u00a0Jardinier-Paysagiste\u00a0\u00bb du CFAA de Saint-Paul pleinement investie dans cette formidable aventure. <\/em><em>Belle comp\u00e9tition \u00e0 tous !<\/em><br \/>\n<strong>Christophe Bretagne, Directeur de l&rsquo;EPLEFPA de Saint-Paul\u00a0<\/strong><em><br \/>\n<\/em><\/p><\/blockquote>\n<hr \/>\n<div id='gallery-1' class='gallery galleryid-6669 gallery-columns-3 gallery-size-medium'><figure class='gallery-item'>\n\t\t\t<div class='gallery-icon portrait'>\n\t\t\t\t<a href='https:\/\/formaterra.re\/plans_sujet\/'><img decoding=\"async\" width=\"263\" height=\"300\" src=\"https:\/\/formaterra.re\/wp-content\/uploads\/2018\/03\/Plans_Sujet-263x300.jpg\" class=\"attachment-medium size-medium\" alt=\"\" aria-describedby=\"gallery-1-6679\" srcset=\"https:\/\/formaterra.re\/wp-content\/uploads\/2018\/03\/Plans_Sujet-263x300.jpg 263w, https:\/\/formaterra.re\/wp-content\/uploads\/2018\/03\/Plans_Sujet.jpg 613w\" sizes=\"(max-width: 263px) 100vw, 263px\" \/><\/a>\n\t\t\t<\/div>\n\t\t\t\t<figcaption class='wp-caption-text gallery-caption' id='gallery-1-6679'>\n\t\t\t\tPlan_sujet_Jardinier-Paysagiste\n\t\t\t\t<\/figcaption><\/figure><figure class='gallery-item'>\n\t\t\t<div class='gallery-icon landscape'>\n\t\t\t\t<a href='https:\/\/formaterra.re\/20180212_174111\/'><img decoding=\"async\" width=\"300\" height=\"225\" src=\"https:\/\/formaterra.re\/wp-content\/uploads\/2018\/03\/20180212_174111-300x225.jpg\" class=\"attachment-medium size-medium\" alt=\"\" aria-describedby=\"gallery-1-6671\" srcset=\"https:\/\/formaterra.re\/wp-content\/uploads\/2018\/03\/20180212_174111-300x225.jpg 300w, https:\/\/formaterra.re\/wp-content\/uploads\/2018\/03\/20180212_174111-768x576.jpg 768w, https:\/\/formaterra.re\/wp-content\/uploads\/2018\/03\/20180212_174111-1024x768.jpg 1024w, https:\/\/formaterra.re\/wp-content\/uploads\/2018\/03\/20180212_174111-285x214.jpg 285w\" sizes=\"(max-width: 300px) 100vw, 300px\" \/><\/a>\n\t\t\t<\/div>\n\t\t\t\t<figcaption class='wp-caption-text gallery-caption' id='gallery-1-6671'>\n\t\t\t\tEntra\u00eenement &#8211; r\u00e9alisation d&rsquo;un carr\u00e9\n\t\t\t\t<\/figcaption><\/figure><figure class='gallery-item'>\n\t\t\t<div class='gallery-icon portrait'>\n\t\t\t\t<a href='https:\/\/formaterra.re\/img_20180226_112045\/'><img loading=\"lazy\" decoding=\"async\" width=\"225\" height=\"300\" src=\"https:\/\/formaterra.re\/wp-content\/uploads\/2018\/03\/IMG_20180226_112045-225x300.jpg\" class=\"attachment-medium size-medium\" alt=\"\" aria-describedby=\"gallery-1-6672\" srcset=\"https:\/\/formaterra.re\/wp-content\/uploads\/2018\/03\/IMG_20180226_112045-225x300.jpg 225w, https:\/\/formaterra.re\/wp-content\/uploads\/2018\/03\/IMG_20180226_112045-768x1024.jpg 768w\" sizes=\"(max-width: 225px) 100vw, 225px\" \/><\/a>\n\t\t\t<\/div>\n\t\t\t\t<figcaption class='wp-caption-text gallery-caption' id='gallery-1-6672'>\n\t\t\t\tEntra\u00eenement &#8211; r\u00e9alisation bac en barettes\n\t\t\t\t<\/figcaption><\/figure>\n\t\t<\/div>\n\n","protected":false},"excerpt":{"rendered":"<p>Place aux S\u00e9lections R\u00e9gionales ! L\u2019entra\u00eenement prend fin pour nos 5 \u00e9l\u00e8ves en apprentissage au CFAA de Saint-Paul engag\u00e9s dans cette exceptionnelle comp\u00e9tition organis\u00e9e par Worldskills France : \u00ab\u00a0Les 45\u00e8mes<a href=\"https:\/\/formaterra.re\/index.php\/2018\/03\/01\/nos-apprentis-du-cfaa-prets-pour-les-selections-regionales-des-45emes-olympiades-des-metiers\/\">[&#8230;]<\/a><\/p>\n","protected":false},"author":2,"featured_media":6670,"comment_status":"closed","ping_status":"open","sticky":false,"template":"","format":"standard","meta":{"footnotes":""},"categories":[6,13],"tags":[],"class_list":["post-6669","post","type-post","status-publish","format-standard","has-post-thumbnail","hentry","category-actu","category-olympiades-des-metiers"],"_links":{"self":[{"href":"https:\/\/formaterra.re\/index.php\/wp-json\/wp\/v2\/posts\/6669","targetHints":{"allow":["GET"]}}],"collection":[{"href":"https:\/\/formaterra.re\/index.php\/wp-json\/wp\/v2\/posts"}],"about":[{"href":"https:\/\/formaterra.re\/index.php\/wp-json\/wp\/v2\/types\/post"}],"author":[{"embeddable":true,"href":"https:\/\/formaterra.re\/index.php\/wp-json\/wp\/v2\/users\/2"}],"replies":[{"embeddable":true,"href":"https:\/\/formaterra.re\/index.php\/wp-json\/wp\/v2\/comments?post=6669"}],"version-history":[{"count":0,"href":"https:\/\/formaterra.re\/index.php\/wp-json\/wp\/v2\/posts\/6669\/revisions"}],"wp:featuredmedia":[{"embeddable":true,"href":"https:\/\/formaterra.re\/index.php\/wp-json\/wp\/v2\/media\/6670"}],"wp:attachment":[{"href":"https:\/\/formaterra.re\/index.php\/wp-json\/wp\/v2\/media?parent=6669"}],"wp:term":[{"taxonomy":"category","embeddable":true,"href":"https:\/\/formaterra.re\/index.php\/wp-json\/wp\/v2\/categories?post=6669"},{"taxonomy":"post_tag","embeddable":true,"href":"https:\/\/formaterra.re\/index.php\/wp-json\/wp\/v2\/tags?post=6669"}],"curies":[{"name":"wp","href":"https:\/\/api.w.org\/{rel}","templated":true}]}}