{"id":6939,"date":"2018-06-01T10:40:45","date_gmt":"2018-06-01T09:40:45","guid":{"rendered":"http:\/\/eplsaintpaul.net\/?p=6939"},"modified":"2018-06-01T10:40:45","modified_gmt":"2018-06-01T09:40:45","slug":"appels-a-candidatures-volontariat-de-solidarite-et-service-civique-international","status":"publish","type":"post","link":"https:\/\/formaterra.re\/index.php\/2018\/06\/01\/appels-a-candidatures-volontariat-de-solidarite-et-service-civique-international\/","title":{"rendered":"APPELS A CANDIDATURES : Volontariat de Solidarit\u00e9 et Service Civique International"},"content":{"rendered":"<p>&nbsp;<\/p>\n<h4><span style=\"color: #333399;\"><strong>Dans le cadre de missions de Volontariats de Solidarit\u00e9 <b>Internationale (VSI)<\/b> et de Services Civique International (SCI), <\/strong><strong><b>FRANCE VOLONTAIRES RECHERCHE :<\/b><\/strong><\/span><\/h4>\n<ul>\n<li><strong>Un(e) <a href=\"http:\/\/eplsaintpaul.net\/wp-content\/uploads\/2018\/06\/Offre_VSI_V\u00e9t\u00e9rinaire_Epid\u00e9miologie_COMORES.pdf\">VSI_V\u00e9t\u00e9rinaire_Epid\u00e9miologie_COMORES<\/a><\/strong><\/li>\n<li><strong>Un(e) <a href=\"http:\/\/eplsaintpaul.net\/wp-content\/uploads\/2018\/06\/VSI_Agronome_Maurice.pdf\">VSI_Agronome_Maurice<\/a><\/strong><\/li>\n<li><strong>Un(e) <a href=\"http:\/\/eplsaintpaul.net\/wp-content\/uploads\/2018\/06\/VSI_Charg\u00e9-de-projet_Interreg_Maurice.pdf\">VSI_Charg\u00e9 de projet_Interreg_Maurice<\/a><\/strong><\/li>\n<li><strong>Un(e) <a href=\"http:\/\/eplsaintpaul.net\/wp-content\/uploads\/2018\/06\/VSI-Charg\u00e9e-de-mission-Energies-renouvelables-SEC-Seyche.pdf\">VSI Charg\u00e9(e) de mission Energies renouvelables-SEC Seychelles<\/a><\/strong><\/li>\n<\/ul>\n<p><strong>\u00a0<\/strong><\/p>\n<ul>\n<li><strong>Un(e) <a href=\"http:\/\/eplsaintpaul.net\/wp-content\/uploads\/2018\/06\/SCI_Assistante-TIC_EFS_Seychelles.pdf\">SCI_Assistant(e) TIC_EFS_Seychelles<\/a><\/strong><\/li>\n<li><strong>Un(e) <a href=\"http:\/\/eplsaintpaul.net\/wp-content\/uploads\/2018\/06\/SC_Appui-aux-projets-agricoles_Comores.pdf\">SCI_Appui aux projets agricoles_Comores<\/a><\/strong><\/li>\n<\/ul>\n<p>&nbsp;<\/p>\n<blockquote><p>Retrouvez l\u2019ensemble des offres de missions sur le site internet de <a href=\"http:\/\/www.reseau-espaces-volontariats.org\/Afrique-Australe-Ocean-Indien\">FRANCE VOLONTAIRES ici<\/a>.<\/p><\/blockquote>\n","protected":false},"excerpt":{"rendered":"<p>&nbsp; Dans le cadre de missions de Volontariats de Solidarit\u00e9 Internationale (VSI) et de Services Civique International (SCI), FRANCE VOLONTAIRES RECHERCHE : Un(e) VSI_V\u00e9t\u00e9rinaire_Epid\u00e9miologie_COMORES Un(e) VSI_Agronome_Maurice Un(e) VSI_Charg\u00e9 de projet_Interreg_Maurice<a href=\"https:\/\/formaterra.re\/index.php\/2018\/06\/01\/appels-a-candidatures-volontariat-de-solidarite-et-service-civique-international\/\">[&#8230;]<\/a><\/p>\n","protected":false},"author":2,"featured_media":1253,"comment_status":"closed","ping_status":"open","sticky":false,"template":"","format":"standard","meta":{"footnotes":""},"categories":[6,8],"tags":[],"class_list":["post-6939","post","type-post","status-publish","format-standard","has-post-thumbnail","hentry","category-actu","category-emploi"],"_links":{"self":[{"href":"https:\/\/formaterra.re\/index.php\/wp-json\/wp\/v2\/posts\/6939","targetHints":{"allow":["GET"]}}],"collection":[{"href":"https:\/\/formaterra.re\/index.php\/wp-json\/wp\/v2\/posts"}],"about":[{"href":"https:\/\/formaterra.re\/index.php\/wp-json\/wp\/v2\/types\/post"}],"author":[{"embeddable":true,"href":"https:\/\/formaterra.re\/index.php\/wp-json\/wp\/v2\/users\/2"}],"replies":[{"embeddable":true,"href":"https:\/\/formaterra.re\/index.php\/wp-json\/wp\/v2\/comments?post=6939"}],"version-history":[{"count":0,"href":"https:\/\/formaterra.re\/index.php\/wp-json\/wp\/v2\/posts\/6939\/revisions"}],"wp:featuredmedia":[{"embeddable":true,"href":"https:\/\/formaterra.re\/index.php\/wp-json\/"}],"wp:attachment":[{"href":"https:\/\/formaterra.re\/index.php\/wp-json\/wp\/v2\/media?parent=6939"}],"wp:term":[{"taxonomy":"category","embeddable":true,"href":"https:\/\/formaterra.re\/index.php\/wp-json\/wp\/v2\/categories?post=6939"},{"taxonomy":"post_tag","embeddable":true,"href":"https:\/\/formaterra.re\/index.php\/wp-json\/wp\/v2\/tags?post=6939"}],"curies":[{"name":"wp","href":"https:\/\/api.w.org\/{rel}","templated":true}]}}