{"id":7043,"date":"2018-06-13T12:06:18","date_gmt":"2018-06-13T11:06:18","guid":{"rendered":"http:\/\/eplsaintpaul.net\/?p=7043"},"modified":"2018-06-13T12:06:18","modified_gmt":"2018-06-13T11:06:18","slug":"cooperation-internationale-avec-le-crfpa-dilofasana","status":"publish","type":"post","link":"https:\/\/formaterra.re\/index.php\/2018\/06\/13\/cooperation-internationale-avec-le-crfpa-dilofasana\/","title":{"rendered":"Coop\u00e9ration internationale avec le CRFPA d&#039;Ilofasana"},"content":{"rendered":"<h3><strong>L&rsquo;EPLEFPA de Saint-Paul poursuit son investissement dans les actions de coop\u00e9ration internationale<\/strong><\/h3>\n<p>&nbsp;<br \/>\n<strong>Le LEGTA de Saint-Paul <\/strong><strong>a le plaisir d&rsquo;accueillir 20 \u00e9l\u00e8ves et leurs accompagnateurs du Centre R\u00e9gional de Formation Professionnelle Agricole <a href=\"http:\/\/www.ilofosana.org\/\">CRFPA Ilofosana<\/a> (Madagascar) jusqu&rsquo;au 18 juin 2018<\/strong>.<br \/>\n<em>Au programme :<\/em> Rencontre avec la communaut\u00e9 \u00e9ducative, visite de l&rsquo;exploitation agricole de St Paul, tournage du film \u00ab\u00a0<a href=\"https:\/\/grainesdespoir.fr\/\">Graines d&rsquo;espoir\u00a0\u00bb<\/a>, rencontres avec les partenaires techniques, visites culturelles, etc.<br \/>\nCe voyage d&rsquo;\u00e9tude permettra aux \u00e9l\u00e8ves <span class=\"text_exposed_show\">du CRFPA d&rsquo;Ilofosana <\/span>et leurs professeurs de vivre une formidable exp\u00e9rience enrichissante tant au niveau professionnel que personnel.<br \/>\n&nbsp;<br \/>\n<div id='gallery-1' class='gallery galleryid-7043 gallery-columns-4 gallery-size-thumbnail'><figure class='gallery-item'>\n\t\t\t<div class='gallery-icon landscape'>\n\t\t\t\t<a href='https:\/\/formaterra.re\/img_20180613_122246\/'><img decoding=\"async\" width=\"150\" height=\"150\" src=\"https:\/\/formaterra.re\/wp-content\/uploads\/2018\/06\/IMG_20180613_122246-150x150.jpg\" class=\"attachment-thumbnail size-thumbnail\" alt=\"\" aria-describedby=\"gallery-1-7048\" srcset=\"https:\/\/formaterra.re\/wp-content\/uploads\/2018\/06\/IMG_20180613_122246-150x150.jpg 150w, https:\/\/formaterra.re\/wp-content\/uploads\/2018\/06\/IMG_20180613_122246-73x73.jpg 73w, https:\/\/formaterra.re\/wp-content\/uploads\/2018\/06\/IMG_20180613_122246-174x174.jpg 174w, https:\/\/formaterra.re\/wp-content\/uploads\/2018\/06\/IMG_20180613_122246-250x250.jpg 250w\" sizes=\"(max-width: 150px) 100vw, 150px\" \/><\/a>\n\t\t\t<\/div>\n\t\t\t\t<figcaption class='wp-caption-text gallery-caption' id='gallery-1-7048'>\n\t\t\t\tPhoto groupe CRFPA Ilofosana et LEGTA St Paul\n\t\t\t\t<\/figcaption><\/figure><figure class='gallery-item'>\n\t\t\t<div class='gallery-icon landscape'>\n\t\t\t\t<a href='https:\/\/formaterra.re\/img_20180613_120434\/'><img decoding=\"async\" width=\"150\" height=\"150\" src=\"https:\/\/formaterra.re\/wp-content\/uploads\/2018\/06\/IMG_20180613_120434-150x150.jpg\" class=\"attachment-thumbnail size-thumbnail\" alt=\"\" aria-describedby=\"gallery-1-7050\" srcset=\"https:\/\/formaterra.re\/wp-content\/uploads\/2018\/06\/IMG_20180613_120434-150x150.jpg 150w, https:\/\/formaterra.re\/wp-content\/uploads\/2018\/06\/IMG_20180613_120434-73x73.jpg 73w, https:\/\/formaterra.re\/wp-content\/uploads\/2018\/06\/IMG_20180613_120434-174x174.jpg 174w, https:\/\/formaterra.re\/wp-content\/uploads\/2018\/06\/IMG_20180613_120434-250x250.jpg 250w\" sizes=\"(max-width: 150px) 100vw, 150px\" \/><\/a>\n\t\t\t<\/div>\n\t\t\t\t<figcaption class='wp-caption-text gallery-caption' id='gallery-1-7050'>\n\t\t\t\tTournage film \u00ab\u00a0Graines d&rsquo;espoir\u00a0\u00bb\n\t\t\t\t<\/figcaption><\/figure><figure class='gallery-item'>\n\t\t\t<div class='gallery-icon landscape'>\n\t\t\t\t<a href='https:\/\/formaterra.re\/img_20180613_120643\/'><img decoding=\"async\" width=\"150\" height=\"150\" src=\"https:\/\/formaterra.re\/wp-content\/uploads\/2018\/06\/IMG_20180613_120643-150x150.jpg\" class=\"attachment-thumbnail size-thumbnail\" alt=\"\" aria-describedby=\"gallery-1-7047\" srcset=\"https:\/\/formaterra.re\/wp-content\/uploads\/2018\/06\/IMG_20180613_120643-150x150.jpg 150w, https:\/\/formaterra.re\/wp-content\/uploads\/2018\/06\/IMG_20180613_120643-73x73.jpg 73w, https:\/\/formaterra.re\/wp-content\/uploads\/2018\/06\/IMG_20180613_120643-174x174.jpg 174w, https:\/\/formaterra.re\/wp-content\/uploads\/2018\/06\/IMG_20180613_120643-250x250.jpg 250w\" sizes=\"(max-width: 150px) 100vw, 150px\" \/><\/a>\n\t\t\t<\/div>\n\t\t\t\t<figcaption class='wp-caption-text gallery-caption' id='gallery-1-7047'>\n\t\t\t\tRencontre avec des producteurs locaux\n\t\t\t\t<\/figcaption><\/figure><figure class='gallery-item'>\n\t\t\t<div class='gallery-icon landscape'>\n\t\t\t\t<a href='https:\/\/formaterra.re\/20180616_141719\/'><img loading=\"lazy\" decoding=\"async\" width=\"150\" height=\"150\" src=\"https:\/\/formaterra.re\/wp-content\/uploads\/2018\/06\/20180616_141719-150x150.jpg\" class=\"attachment-thumbnail size-thumbnail\" alt=\"\" aria-describedby=\"gallery-1-7353\" srcset=\"https:\/\/formaterra.re\/wp-content\/uploads\/2018\/06\/20180616_141719-150x150.jpg 150w, https:\/\/formaterra.re\/wp-content\/uploads\/2018\/06\/20180616_141719-73x73.jpg 73w, https:\/\/formaterra.re\/wp-content\/uploads\/2018\/06\/20180616_141719-174x174.jpg 174w, https:\/\/formaterra.re\/wp-content\/uploads\/2018\/06\/20180616_141719-250x250.jpg 250w\" sizes=\"(max-width: 150px) 100vw, 150px\" \/><\/a>\n\t\t\t<\/div>\n\t\t\t\t<figcaption class='wp-caption-text gallery-caption' id='gallery-1-7353'>\n\t\t\t\tRencontre avec des producteurs locaux\n\t\t\t\t<\/figcaption><\/figure><figure class='gallery-item'>\n\t\t\t<div class='gallery-icon landscape'>\n\t\t\t\t<a href='https:\/\/formaterra.re\/20180613_152356\/'><img loading=\"lazy\" decoding=\"async\" width=\"150\" height=\"150\" src=\"https:\/\/formaterra.re\/wp-content\/uploads\/2018\/06\/20180613_152356-1-150x150.jpg\" class=\"attachment-thumbnail size-thumbnail\" alt=\"\" aria-describedby=\"gallery-1-7349\" srcset=\"https:\/\/formaterra.re\/wp-content\/uploads\/2018\/06\/20180613_152356-1-150x150.jpg 150w, https:\/\/formaterra.re\/wp-content\/uploads\/2018\/06\/20180613_152356-1-73x73.jpg 73w, https:\/\/formaterra.re\/wp-content\/uploads\/2018\/06\/20180613_152356-1-174x174.jpg 174w, https:\/\/formaterra.re\/wp-content\/uploads\/2018\/06\/20180613_152356-1-250x250.jpg 250w\" sizes=\"(max-width: 150px) 100vw, 150px\" \/><\/a>\n\t\t\t<\/div>\n\t\t\t\t<figcaption class='wp-caption-text gallery-caption' id='gallery-1-7349'>\n\t\t\t\tVisite exploitation EPL St Paul\n\t\t\t\t<\/figcaption><\/figure><figure class='gallery-item'>\n\t\t\t<div class='gallery-icon landscape'>\n\t\t\t\t<a href='https:\/\/formaterra.re\/20180613_154124\/'><img loading=\"lazy\" decoding=\"async\" width=\"150\" height=\"150\" src=\"https:\/\/formaterra.re\/wp-content\/uploads\/2018\/06\/20180613_154124-150x150.jpg\" class=\"attachment-thumbnail size-thumbnail\" alt=\"\" aria-describedby=\"gallery-1-7350\" srcset=\"https:\/\/formaterra.re\/wp-content\/uploads\/2018\/06\/20180613_154124-150x150.jpg 150w, https:\/\/formaterra.re\/wp-content\/uploads\/2018\/06\/20180613_154124-73x73.jpg 73w, https:\/\/formaterra.re\/wp-content\/uploads\/2018\/06\/20180613_154124-174x174.jpg 174w, https:\/\/formaterra.re\/wp-content\/uploads\/2018\/06\/20180613_154124-250x250.jpg 250w\" sizes=\"(max-width: 150px) 100vw, 150px\" \/><\/a>\n\t\t\t<\/div>\n\t\t\t\t<figcaption class='wp-caption-text gallery-caption' id='gallery-1-7350'>\n\t\t\t\tVisite exploitation EPL St Paul\n\t\t\t\t<\/figcaption><\/figure><figure class='gallery-item'>\n\t\t\t<div class='gallery-icon landscape'>\n\t\t\t\t<a href='https:\/\/formaterra.re\/20180615_150009\/'><img loading=\"lazy\" decoding=\"async\" width=\"150\" height=\"150\" src=\"https:\/\/formaterra.re\/wp-content\/uploads\/2018\/06\/20180615_150009-150x150.jpg\" class=\"attachment-thumbnail size-thumbnail\" alt=\"\" aria-describedby=\"gallery-1-7351\" srcset=\"https:\/\/formaterra.re\/wp-content\/uploads\/2018\/06\/20180615_150009-150x150.jpg 150w, https:\/\/formaterra.re\/wp-content\/uploads\/2018\/06\/20180615_150009-73x73.jpg 73w, https:\/\/formaterra.re\/wp-content\/uploads\/2018\/06\/20180615_150009-174x174.jpg 174w, https:\/\/formaterra.re\/wp-content\/uploads\/2018\/06\/20180615_150009-250x250.jpg 250w\" sizes=\"(max-width: 150px) 100vw, 150px\" \/><\/a>\n\t\t\t<\/div>\n\t\t\t\t<figcaption class='wp-caption-text gallery-caption' id='gallery-1-7351'>\n\t\t\t\tUne belle d\u00e9couverte !\n\t\t\t\t<\/figcaption><\/figure><figure class='gallery-item'>\n\t\t\t<div class='gallery-icon landscape'>\n\t\t\t\t<a href='https:\/\/formaterra.re\/20180615_160604\/'><img loading=\"lazy\" decoding=\"async\" width=\"150\" height=\"150\" src=\"https:\/\/formaterra.re\/wp-content\/uploads\/2018\/06\/20180615_160604-150x150.jpg\" class=\"attachment-thumbnail size-thumbnail\" alt=\"\" aria-describedby=\"gallery-1-7352\" srcset=\"https:\/\/formaterra.re\/wp-content\/uploads\/2018\/06\/20180615_160604-150x150.jpg 150w, https:\/\/formaterra.re\/wp-content\/uploads\/2018\/06\/20180615_160604-73x73.jpg 73w, https:\/\/formaterra.re\/wp-content\/uploads\/2018\/06\/20180615_160604-174x174.jpg 174w, https:\/\/formaterra.re\/wp-content\/uploads\/2018\/06\/20180615_160604-250x250.jpg 250w\" sizes=\"(max-width: 150px) 100vw, 150px\" \/><\/a>\n\t\t\t<\/div>\n\t\t\t\t<figcaption class='wp-caption-text gallery-caption' id='gallery-1-7352'>\n\t\t\t\tPhoto groupe CRFPA Ilofosana et LEGTA St Paul\n\t\t\t\t<\/figcaption><\/figure>\n\t\t<\/div>\n<\/p>\n<hr \/>\n<p><em>\u00a0<\/em><\/p>\n<p style=\"text-align: center;\"><em>\u00a0\u00a0\u00a0\u00a0\u00a0\u00a0\u00a0\u00a0\u00a0\u00a0\u00a0\u00a0\u00a0\u00a0\u00a0\u00a0\u00a0\u00a0\u00a0\u00a0\u00a0\u00a0\u00a0\u00a0\u00a0\u00a0\u00a0\u00a0 <img loading=\"lazy\" decoding=\"async\" class=\"alignnone\" src=\"http:\/\/eplsaintpaul.net\/wp-content\/uploads\/2013\/11\/logo_europe_couleur_ue.jpg\" sizes=\"(max-width: 169px) 100vw, 169px\" srcset=\"http:\/\/eplsaintpaul.net\/wp-content\/uploads\/2013\/11\/logo_europe_couleur_ue.jpg 1230w, http:\/\/eplsaintpaul.net\/wp-content\/uploads\/2013\/11\/logo_europe_couleur_ue-300x227.jpg 300w, http:\/\/eplsaintpaul.net\/wp-content\/uploads\/2013\/11\/logo_europe_couleur_ue-768x581.jpg 768w, http:\/\/eplsaintpaul.net\/wp-content\/uploads\/2013\/11\/logo_europe_couleur_ue-1024x774.jpg 1024w, http:\/\/eplsaintpaul.net\/wp-content\/uploads\/2013\/11\/logo_europe_couleur_ue-193x146.jpg 193w, http:\/\/eplsaintpaul.net\/wp-content\/uploads\/2013\/11\/logo_europe_couleur_ue-50x38.jpg 50w, http:\/\/eplsaintpaul.net\/wp-content\/uploads\/2013\/11\/logo_europe_couleur_ue-93x70.jpg 93w, http:\/\/eplsaintpaul.net\/wp-content\/uploads\/2013\/11\/logo_europe_couleur_ue-380x290.jpg 380w\" alt=\"\" width=\"110\" height=\"83\" \/>\u00a0\u00a0 \u00a0\u00a0 \u00a0 <a href=\"http:\/\/eplsaintpaul.net\/wp-content\/uploads\/2013\/11\/logo_region_couleur_petit_2011.jpg\"><img loading=\"lazy\" decoding=\"async\" class=\" wp-image-6005 alignnone\" src=\"http:\/\/eplsaintpaul.net\/wp-content\/uploads\/2013\/11\/logo_region_couleur_petit_2011.jpg\" sizes=\"(max-width: 107px) 100vw, 107px\" srcset=\"http:\/\/eplsaintpaul.net\/wp-content\/uploads\/2013\/11\/logo_region_couleur_petit_2011.jpg 139w, http:\/\/eplsaintpaul.net\/wp-content\/uploads\/2013\/11\/logo_region_couleur_petit_2011-50x42.jpg 50w, http:\/\/eplsaintpaul.net\/wp-content\/uploads\/2013\/11\/logo_region_couleur_petit_2011-65x55.jpg 65w, http:\/\/eplsaintpaul.net\/wp-content\/uploads\/2013\/11\/logo_region_couleur_petit_2011-84x70.jpg 84w\" alt=\"\" width=\"107\" height=\"89\" \/><\/a> \u00a0 \u00a0\u00a0 <a href=\"http:\/\/eplsaintpaul.net\/wp-content\/uploads\/2017\/11\/LOGO_EUROPE_ENGAGE_REUNION_COULEUR_FEDER.jpg\"><img loading=\"lazy\" decoding=\"async\" class=\"wp-image-6351 alignnone\" src=\"http:\/\/eplsaintpaul.net\/wp-content\/uploads\/2017\/11\/LOGO_EUROPE_ENGAGE_REUNION_COULEUR_FEDER.jpg\" sizes=\"(max-width: 128px) 100vw, 128px\" srcset=\"http:\/\/eplsaintpaul.net\/wp-content\/uploads\/2017\/11\/LOGO_EUROPE_ENGAGE_REUNION_COULEUR_FEDER.jpg 1181w, http:\/\/eplsaintpaul.net\/wp-content\/uploads\/2017\/11\/LOGO_EUROPE_ENGAGE_REUNION_COULEUR_FEDER-300x210.jpg 300w, http:\/\/eplsaintpaul.net\/wp-content\/uploads\/2017\/11\/LOGO_EUROPE_ENGAGE_REUNION_COULEUR_FEDER-768x538.jpg 768w, http:\/\/eplsaintpaul.net\/wp-content\/uploads\/2017\/11\/LOGO_EUROPE_ENGAGE_REUNION_COULEUR_FEDER-1024x717.jpg 1024w, http:\/\/eplsaintpaul.net\/wp-content\/uploads\/2017\/11\/LOGO_EUROPE_ENGAGE_REUNION_COULEUR_FEDER-208x146.jpg 208w, http:\/\/eplsaintpaul.net\/wp-content\/uploads\/2017\/11\/LOGO_EUROPE_ENGAGE_REUNION_COULEUR_FEDER-50x35.jpg 50w, http:\/\/eplsaintpaul.net\/wp-content\/uploads\/2017\/11\/LOGO_EUROPE_ENGAGE_REUNION_COULEUR_FEDER-100x70.jpg 100w\" alt=\"\" width=\"128\" height=\"90\" \/><\/a><\/em><\/p>\n<p style=\"text-align: center;\"><em>Le programme de coop\u00e9ration \u00e9ducative transfrontali\u00e8re des \u00e9tablissements du REAP AAOI (R\u00e9seau des \u00c9tablissements Agricoles Professionnels de l\u2019Afrique Australe et Oc\u00e9an Indien) est cofinanc\u00e9 par l\u2019Union europ\u00e9enne et la R\u00e9gion R\u00e9union. L\u2019Europe s\u2019engage \u00e0 La R\u00e9union avec le Fonds Europ\u00e9en pour le D\u00e9veloppement R\u00e9gional (FEDER).<\/em><\/p>\n","protected":false},"excerpt":{"rendered":"<p>L&rsquo;EPLEFPA de Saint-Paul poursuit son investissement dans les actions de coop\u00e9ration internationale &nbsp; Le LEGTA de Saint-Paul a le plaisir d&rsquo;accueillir 20 \u00e9l\u00e8ves et leurs accompagnateurs du Centre R\u00e9gional de<a href=\"https:\/\/formaterra.re\/index.php\/2018\/06\/13\/cooperation-internationale-avec-le-crfpa-dilofasana\/\">[&#8230;]<\/a><\/p>\n","protected":false},"author":2,"featured_media":7044,"comment_status":"closed","ping_status":"open","sticky":false,"template":"","format":"standard","meta":{"footnotes":""},"categories":[6,14],"tags":[],"class_list":["post-7043","post","type-post","status-publish","format-standard","has-post-thumbnail","hentry","category-actu","category-cooperation-internationale"],"_links":{"self":[{"href":"https:\/\/formaterra.re\/index.php\/wp-json\/wp\/v2\/posts\/7043","targetHints":{"allow":["GET"]}}],"collection":[{"href":"https:\/\/formaterra.re\/index.php\/wp-json\/wp\/v2\/posts"}],"about":[{"href":"https:\/\/formaterra.re\/index.php\/wp-json\/wp\/v2\/types\/post"}],"author":[{"embeddable":true,"href":"https:\/\/formaterra.re\/index.php\/wp-json\/wp\/v2\/users\/2"}],"replies":[{"embeddable":true,"href":"https:\/\/formaterra.re\/index.php\/wp-json\/wp\/v2\/comments?post=7043"}],"version-history":[{"count":0,"href":"https:\/\/formaterra.re\/index.php\/wp-json\/wp\/v2\/posts\/7043\/revisions"}],"wp:featuredmedia":[{"embeddable":true,"href":"https:\/\/formaterra.re\/index.php\/wp-json\/wp\/v2\/media\/7044"}],"wp:attachment":[{"href":"https:\/\/formaterra.re\/index.php\/wp-json\/wp\/v2\/media?parent=7043"}],"wp:term":[{"taxonomy":"category","embeddable":true,"href":"https:\/\/formaterra.re\/index.php\/wp-json\/wp\/v2\/categories?post=7043"},{"taxonomy":"post_tag","embeddable":true,"href":"https:\/\/formaterra.re\/index.php\/wp-json\/wp\/v2\/tags?post=7043"}],"curies":[{"name":"wp","href":"https:\/\/api.w.org\/{rel}","templated":true}]}}