{"id":7586,"date":"2018-09-24T06:35:52","date_gmt":"2018-09-24T05:35:52","guid":{"rendered":"http:\/\/eplsaintpaul.net\/?p=7586"},"modified":"2018-09-24T06:35:52","modified_gmt":"2018-09-24T05:35:52","slug":"stage-professionnel-erasmus-un-apprenti-en-bts-amenagements-paysagers-au-coeur-des-jardins-de-leiden","status":"publish","type":"post","link":"https:\/\/formaterra.re\/index.php\/2018\/09\/24\/stage-professionnel-erasmus-un-apprenti-en-bts-amenagements-paysagers-au-coeur-des-jardins-de-leiden\/","title":{"rendered":"Stage professionnel Erasmus+ : Un \u00e9tudiant en BTS Am\u00e9nagements Paysagers au c\u0153ur des jardins de Leiden"},"content":{"rendered":"<p>Pour la deuxi\u00e8me ann\u00e9e, le CFAa de Saint-Paul propose \u00e0 un \u00e9tudiant BTS Am\u00e9nagements Paysagers de r\u00e9aliser son stage de 2 mois en mobilit\u00e9, avec l&rsquo;aide du programme europ\u00e9en Erasmus+ !<br \/>\nAinsi, Julien Payet participe \u00e0 la conception et \u00e0 l&rsquo;entretien de l&rsquo;espace japonais du Jardin Botanique de l&rsquo;Universit\u00e9 de Leiden, aux Pays-Bas. En s\u00e9jour dans ce pays, le maire de la ville de Nagazaki visitera ses installations prochainement.<br \/>\nD\u00e9couvrez la newletter<em> Hortus botanicus Leiden<\/em> <a href=\"http:\/\/eplsaintpaul.net\/wp-content\/uploads\/2018\/09\/Newsletter_Leiden_Julien_Payet_Eramus_CFAA_RL1828.pdf\">ici<\/a><\/p>\n<hr \/>\n<p>Avec Erasmus +, la mobilit\u00e9 europ\u00e9enne des apprentis est largement encourag\u00e9e pour favoriser l\u2019acquisition de comp\u00e9tences et l\u2019insertion professionnelle.<br \/>\nPlus d&rsquo;informations sur ce programme <a href=\"http:\/\/eplsaintpaul.net\/wp-content\/uploads\/2018\/09\/DEPLIANT-PUBLIC-APPRENTIS.pdf\">ici<\/a><br \/>\n&nbsp;<br \/>\n<a href=\"http:\/\/eplsaintpaul.net\/wp-content\/uploads\/2017\/11\/logo_eu-flag-erasmus_vect_pos.jpg\"><img decoding=\"async\" class=\"wp-image-5892 alignright\" src=\"http:\/\/eplsaintpaul.net\/wp-content\/uploads\/2017\/11\/logo_eu-flag-erasmus_vect_pos.jpg\" alt=\"\" width=\"207\" height=\"59\" \/><\/a><\/p>\n<p style=\"text-align: right;\"><span class=\"text_exposed_show\"><em>Ce pro<\/em><\/span><span class=\"text_exposed_show\"><em>jet est financ\u00e9 par le programme europ\u00e9en Erasmus+<\/em><\/span><\/p>\n<p>&nbsp;<\/p>\n","protected":false},"excerpt":{"rendered":"<p>Pour la deuxi\u00e8me ann\u00e9e, le CFAa de Saint-Paul propose \u00e0 un \u00e9tudiant BTS Am\u00e9nagements Paysagers de r\u00e9aliser son stage de 2 mois en mobilit\u00e9, avec l&rsquo;aide du programme europ\u00e9en Erasmus+<a href=\"https:\/\/formaterra.re\/index.php\/2018\/09\/24\/stage-professionnel-erasmus-un-apprenti-en-bts-amenagements-paysagers-au-coeur-des-jardins-de-leiden\/\">[&#8230;]<\/a><\/p>\n","protected":false},"author":2,"featured_media":7592,"comment_status":"closed","ping_status":"open","sticky":false,"template":"","format":"standard","meta":{"footnotes":""},"categories":[6,21],"tags":[],"class_list":["post-7586","post","type-post","status-publish","format-standard","has-post-thumbnail","hentry","category-actu","category-erasmus"],"_links":{"self":[{"href":"https:\/\/formaterra.re\/index.php\/wp-json\/wp\/v2\/posts\/7586","targetHints":{"allow":["GET"]}}],"collection":[{"href":"https:\/\/formaterra.re\/index.php\/wp-json\/wp\/v2\/posts"}],"about":[{"href":"https:\/\/formaterra.re\/index.php\/wp-json\/wp\/v2\/types\/post"}],"author":[{"embeddable":true,"href":"https:\/\/formaterra.re\/index.php\/wp-json\/wp\/v2\/users\/2"}],"replies":[{"embeddable":true,"href":"https:\/\/formaterra.re\/index.php\/wp-json\/wp\/v2\/comments?post=7586"}],"version-history":[{"count":0,"href":"https:\/\/formaterra.re\/index.php\/wp-json\/wp\/v2\/posts\/7586\/revisions"}],"wp:featuredmedia":[{"embeddable":true,"href":"https:\/\/formaterra.re\/index.php\/wp-json\/wp\/v2\/media\/7592"}],"wp:attachment":[{"href":"https:\/\/formaterra.re\/index.php\/wp-json\/wp\/v2\/media?parent=7586"}],"wp:term":[{"taxonomy":"category","embeddable":true,"href":"https:\/\/formaterra.re\/index.php\/wp-json\/wp\/v2\/categories?post=7586"},{"taxonomy":"post_tag","embeddable":true,"href":"https:\/\/formaterra.re\/index.php\/wp-json\/wp\/v2\/tags?post=7586"}],"curies":[{"name":"wp","href":"https:\/\/api.w.org\/{rel}","templated":true}]}}