{"id":7724,"date":"2018-11-02T14:32:20","date_gmt":"2018-11-02T13:32:20","guid":{"rendered":"http:\/\/eplsaintpaul.net\/?p=7724"},"modified":"2018-11-02T14:32:20","modified_gmt":"2018-11-02T13:32:20","slug":"festival-alimenterre-les-terminales-stav-se-mobilisent","status":"publish","type":"post","link":"https:\/\/formaterra.re\/index.php\/2018\/11\/02\/festival-alimenterre-les-terminales-stav-se-mobilisent\/","title":{"rendered":"Festival ALIMENTERRE : les Terminales STAV se mobilisent !"},"content":{"rendered":"<h4><\/h4>\n<h4><strong>Un \u00e9v\u00e9nement incontournable pour pr\u00e9senter et comprendre les enjeux agricoles et alimentaires<\/strong><\/h4>\n<p>Dans le cadre de la 12\u00e8me \u00e9dition du<strong> Festival ALIMENTERRE<\/strong>, <strong>les \u00e9l\u00e8ves de Terminale STAV du Lyc\u00e9e Emile Boyer de la Giroday ont r\u00e9cemment r\u00e9alis\u00e9 une animation sur l&rsquo;Agriculture Biologique<\/strong>, sous l&rsquo;encadrement d&rsquo; Anna AUR\u00c9, Professeure d&rsquo;agronomie et de Manon PONCET, Cheffe de projet sur l&rsquo;agriculture biologique.<br \/>\nLors du <a href=\"http:\/\/eplsaintpaul.net\/le-lycee-emile-boyer-de-la-giroday-se-mobilise-pour-le-forum-de-la-famille\/\">Forum de la Famille de Saint-Paul<\/a> en octobre dernier, les \u00e9l\u00e8ves volontaires de la classe, en partenariat avec UPROBIO (<span class=\"st\">Union des Producteurs Biologiques de La R\u00e9union)<\/span>, ont anim\u00e9 un stand sur le p\u00f4le \u00ab\u00a0Pr\u00e9vention Nutrition Sant\u00e9\u00a0\u00bb afin de<strong> sensibiliser le grand public \u00e0 l&rsquo;agriculture biologique et de souligner quelques sp\u00e9cificit\u00e9s de ce mode de production.<\/strong><br \/>\n<div id='gallery-1' class='gallery galleryid-7724 gallery-columns-4 gallery-size-medium'><figure class='gallery-item'>\n\t\t\t<div class='gallery-icon landscape'>\n\t\t\t\t<a href='https:\/\/formaterra.re\/img_20181013_101239\/'><img fetchpriority=\"high\" decoding=\"async\" width=\"300\" height=\"225\" src=\"https:\/\/formaterra.re\/wp-content\/uploads\/2018\/11\/IMG_20181013_101239-300x225.jpg\" class=\"attachment-medium size-medium\" alt=\"\" srcset=\"https:\/\/formaterra.re\/wp-content\/uploads\/2018\/11\/IMG_20181013_101239-300x225.jpg 300w, https:\/\/formaterra.re\/wp-content\/uploads\/2018\/11\/IMG_20181013_101239-768x576.jpg 768w, https:\/\/formaterra.re\/wp-content\/uploads\/2018\/11\/IMG_20181013_101239-285x214.jpg 285w, https:\/\/formaterra.re\/wp-content\/uploads\/2018\/11\/IMG_20181013_101239.jpg 960w\" sizes=\"(max-width: 300px) 100vw, 300px\" \/><\/a>\n\t\t\t<\/div><\/figure><figure class='gallery-item'>\n\t\t\t<div class='gallery-icon landscape'>\n\t\t\t\t<a href='https:\/\/formaterra.re\/_img_20181013_101237\/'><img decoding=\"async\" width=\"300\" height=\"225\" src=\"https:\/\/formaterra.re\/wp-content\/uploads\/2018\/11\/IMG_20181013_101237-300x225.jpg\" class=\"attachment-medium size-medium\" alt=\"\" srcset=\"https:\/\/formaterra.re\/wp-content\/uploads\/2018\/11\/IMG_20181013_101237-300x225.jpg 300w, https:\/\/formaterra.re\/wp-content\/uploads\/2018\/11\/IMG_20181013_101237-768x576.jpg 768w, https:\/\/formaterra.re\/wp-content\/uploads\/2018\/11\/IMG_20181013_101237-1024x768.jpg 1024w, https:\/\/formaterra.re\/wp-content\/uploads\/2018\/11\/IMG_20181013_101237-285x214.jpg 285w, https:\/\/formaterra.re\/wp-content\/uploads\/2018\/11\/IMG_20181013_101237.jpg 1043w\" sizes=\"(max-width: 300px) 100vw, 300px\" \/><\/a>\n\t\t\t<\/div><\/figure><figure class='gallery-item'>\n\t\t\t<div class='gallery-icon landscape'>\n\t\t\t\t<a href='https:\/\/formaterra.re\/img_20181013_101238\/'><img decoding=\"async\" width=\"300\" height=\"225\" src=\"https:\/\/formaterra.re\/wp-content\/uploads\/2018\/11\/IMG_20181013_101238-300x225.jpg\" class=\"attachment-medium size-medium\" alt=\"\" srcset=\"https:\/\/formaterra.re\/wp-content\/uploads\/2018\/11\/IMG_20181013_101238-300x225.jpg 300w, https:\/\/formaterra.re\/wp-content\/uploads\/2018\/11\/IMG_20181013_101238-768x576.jpg 768w, https:\/\/formaterra.re\/wp-content\/uploads\/2018\/11\/IMG_20181013_101238-285x214.jpg 285w, https:\/\/formaterra.re\/wp-content\/uploads\/2018\/11\/IMG_20181013_101238.jpg 960w\" sizes=\"(max-width: 300px) 100vw, 300px\" \/><\/a>\n\t\t\t<\/div><\/figure><figure class='gallery-item'>\n\t\t\t<div class='gallery-icon landscape'>\n\t\t\t\t<a href='https:\/\/formaterra.re\/forum_famille\/'><img loading=\"lazy\" decoding=\"async\" width=\"300\" height=\"225\" src=\"https:\/\/formaterra.re\/wp-content\/uploads\/2018\/11\/forum_famille-300x225.jpg\" class=\"attachment-medium size-medium\" alt=\"\" srcset=\"https:\/\/formaterra.re\/wp-content\/uploads\/2018\/11\/forum_famille-300x225.jpg 300w, https:\/\/formaterra.re\/wp-content\/uploads\/2018\/11\/forum_famille-768x576.jpg 768w, https:\/\/formaterra.re\/wp-content\/uploads\/2018\/11\/forum_famille-285x214.jpg 285w, https:\/\/formaterra.re\/wp-content\/uploads\/2018\/11\/forum_famille.jpg 960w\" sizes=\"(max-width: 300px) 100vw, 300px\" \/><\/a>\n\t\t\t<\/div><\/figure>\n\t\t<\/div>\n<\/p>\n<h5><\/h5>\n<h5><a href=\"http:\/\/eplsaintpaul.net\/wp-content\/uploads\/2018\/10\/banniere-fest-2018-728-90-web.jpg\"><img loading=\"lazy\" decoding=\"async\" class=\"aligncenter size-full wp-image-7738\" src=\"http:\/\/eplsaintpaul.net\/wp-content\/uploads\/2018\/10\/banniere-fest-2018-728-90-web.jpg\" alt=\"\" width=\"728\" height=\"90\" srcset=\"https:\/\/formaterra.re\/wp-content\/uploads\/2018\/10\/banniere-fest-2018-728-90-web.jpg 728w, https:\/\/formaterra.re\/wp-content\/uploads\/2018\/10\/banniere-fest-2018-728-90-web-300x37.jpg 300w\" sizes=\"(max-width: 728px) 100vw, 728px\" \/><\/a><\/h5>\n<hr \/>\n<h5><\/h5>\n<h5><strong>Le FESTIVAL ALIMENTERRE c&rsquo;est quoi ?<\/strong><\/h5>\n<p>Le <strong>Festival ALIMENTERRE<\/strong> est con\u00e7u par le <strong>Comit\u00e9 Fran\u00e7ais pour la Solidarit\u00e9 Internationale<\/strong> [CFSI], coordonn\u00e9 dans l\u2019Oc\u00e9an Indien par l\u2019<strong>ONG Terra Habilis Oc\u00e9an Indien.<\/strong><br \/>\nC&rsquo;est plus d\u2019un millier d\u2019\u00e9v\u00e8nements organis\u00e9s pendant un mois et demi dans 600 communes et une dizaine de pays : march\u00e9 alimentaire et solidaire, exposition, visite de fermes et rencontre avec des professionnels agricoles&#8230;<br \/>\nNotre \u00e9tablissement, <strong>l&rsquo;EPLEFPA de Saint-Paul participe \u00e0 cet \u00e9v\u00e9nement incontournable sur l\u2019alimentation durable et solidaire en proposant jusqu&rsquo;au 30 novembre \u00e0 nos apprenants, la projection de 8 films documentaires offrant un autre regard sur le monde.<\/strong><br \/>\n&nbsp;<br \/>\nPour toute pr\u00e9cision sur le Festival ALIMENTERRE de l\u2019EPLEFPA de Saint-Paul : contactez Christelle MENEGHEL, notre r\u00e9f\u00e9rente \u00ab\u00a0Enseigner \u00e0 Produire Autrement\u00a0\u00bb sur <a href=\"christelle.meneghel@educagri.fr\">christelle.meneghel@educagri.fr<\/a><br \/>\n&nbsp;<br \/>\n<strong>Plus d&rsquo;informations sur le Festival ALIMENTERRE <\/strong><a href=\"http:\/\/www.festival-alimenterre.org\"><strong>ici<\/strong><\/a><br \/>\n&nbsp;<br \/>\n<a href=\"http:\/\/eplsaintpaul.net\/wp-content\/uploads\/2018\/11\/Logo_CFSI.jpg\"><img loading=\"lazy\" decoding=\"async\" class=\"wp-image-7766 alignleft\" src=\"http:\/\/eplsaintpaul.net\/wp-content\/uploads\/2018\/11\/Logo_CFSI.jpg\" alt=\"\" width=\"156\" height=\"79\" srcset=\"https:\/\/formaterra.re\/wp-content\/uploads\/2018\/11\/Logo_CFSI.jpg 717w, https:\/\/formaterra.re\/wp-content\/uploads\/2018\/11\/Logo_CFSI-300x151.jpg 300w, https:\/\/formaterra.re\/wp-content\/uploads\/2018\/11\/Logo_CFSI-600x300.jpg 600w, https:\/\/formaterra.re\/wp-content\/uploads\/2018\/11\/Logo_CFSI-400x200.jpg 400w\" sizes=\"(max-width: 156px) 100vw, 156px\" \/><\/a> <a href=\"http:\/\/eplsaintpaul.net\/wp-content\/uploads\/2018\/11\/logo_Terra_Habilis_OI.jpg\"><img loading=\"lazy\" decoding=\"async\" class=\"wp-image-7768 alignnone\" src=\"http:\/\/eplsaintpaul.net\/wp-content\/uploads\/2018\/11\/logo_Terra_Habilis_OI.jpg\" alt=\"\" width=\"81\" height=\"81\" srcset=\"https:\/\/formaterra.re\/wp-content\/uploads\/2018\/11\/logo_Terra_Habilis_OI.jpg 180w, https:\/\/formaterra.re\/wp-content\/uploads\/2018\/11\/logo_Terra_Habilis_OI-150x150.jpg 150w, https:\/\/formaterra.re\/wp-content\/uploads\/2018\/11\/logo_Terra_Habilis_OI-73x73.jpg 73w, https:\/\/formaterra.re\/wp-content\/uploads\/2018\/11\/logo_Terra_Habilis_OI-174x174.jpg 174w\" sizes=\"(max-width: 81px) 100vw, 81px\" \/><\/a><\/p>\n","protected":false},"excerpt":{"rendered":"<p>Un \u00e9v\u00e9nement incontournable pour pr\u00e9senter et comprendre les enjeux agricoles et alimentaires Dans le cadre de la 12\u00e8me \u00e9dition du Festival ALIMENTERRE, les \u00e9l\u00e8ves de Terminale STAV du Lyc\u00e9e Emile<a href=\"https:\/\/formaterra.re\/index.php\/2018\/11\/02\/festival-alimenterre-les-terminales-stav-se-mobilisent\/\">[&#8230;]<\/a><\/p>\n","protected":false},"author":2,"featured_media":7752,"comment_status":"closed","ping_status":"open","sticky":false,"template":"","format":"standard","meta":{"footnotes":""},"categories":[6,10,11],"tags":[],"class_list":["post-7724","post","type-post","status-publish","format-standard","has-post-thumbnail","hentry","category-actu","category-agroecologie","category-evenement"],"_links":{"self":[{"href":"https:\/\/formaterra.re\/index.php\/wp-json\/wp\/v2\/posts\/7724","targetHints":{"allow":["GET"]}}],"collection":[{"href":"https:\/\/formaterra.re\/index.php\/wp-json\/wp\/v2\/posts"}],"about":[{"href":"https:\/\/formaterra.re\/index.php\/wp-json\/wp\/v2\/types\/post"}],"author":[{"embeddable":true,"href":"https:\/\/formaterra.re\/index.php\/wp-json\/wp\/v2\/users\/2"}],"replies":[{"embeddable":true,"href":"https:\/\/formaterra.re\/index.php\/wp-json\/wp\/v2\/comments?post=7724"}],"version-history":[{"count":0,"href":"https:\/\/formaterra.re\/index.php\/wp-json\/wp\/v2\/posts\/7724\/revisions"}],"wp:featuredmedia":[{"embeddable":true,"href":"https:\/\/formaterra.re\/index.php\/wp-json\/wp\/v2\/media\/7752"}],"wp:attachment":[{"href":"https:\/\/formaterra.re\/index.php\/wp-json\/wp\/v2\/media?parent=7724"}],"wp:term":[{"taxonomy":"category","embeddable":true,"href":"https:\/\/formaterra.re\/index.php\/wp-json\/wp\/v2\/categories?post=7724"},{"taxonomy":"post_tag","embeddable":true,"href":"https:\/\/formaterra.re\/index.php\/wp-json\/wp\/v2\/tags?post=7724"}],"curies":[{"name":"wp","href":"https:\/\/api.w.org\/{rel}","templated":true}]}}