{"id":7784,"date":"2018-11-05T14:44:30","date_gmt":"2018-11-05T13:44:30","guid":{"rendered":"http:\/\/eplsaintpaul.net\/?p=7784"},"modified":"2018-11-05T14:44:30","modified_gmt":"2018-11-05T13:44:30","slug":"venez-decouvrir-des-formations-grandeur-nature-au-forum-decouverte-des-metiers","status":"publish","type":"post","link":"https:\/\/formaterra.re\/index.php\/2018\/11\/05\/venez-decouvrir-des-formations-grandeur-nature-au-forum-decouverte-des-metiers\/","title":{"rendered":"Venez d\u00e9couvrir nos formations &quot;Grandeur nature&quot; au Forum D\u00e9couverte des M\u00e9tiers"},"content":{"rendered":"<h6 style=\"text-align: center;\"><strong><span style=\"color: #339966;\"><em>Vous \u00eates \u00e0 la recherche d&rsquo;une formation, d&rsquo;un emploi ? <\/em><\/span><\/strong><\/h6>\n<h6 style=\"text-align: center;\"><strong><span style=\"color: #339966;\"><em>Venez d\u00e9couvrir des m\u00e9tiers passionnants tourn\u00e9s vers l&rsquo;am\u00e9nagement paysager et la production agricole !<\/em><\/span><\/strong><\/h6>\n<p>&nbsp;<br \/>\n<strong>Le CFA Agricole de Saint-Paul vous propose des formations professionnelles<\/strong>*<strong> sur-mesure et accompagn\u00e9es :<\/strong><\/p>\n<ul>\n<li style=\"list-style-type: none;\">\n<ul>\n<li><strong>CAPA\u00a0: <\/strong>Agriculture des R\u00e9gions Chaudes (productions V\u00e9g\u00e9tales ou Animales) \/ Jardinier Paysagiste<\/li>\n<li><strong>CERTIFICAT DE SP\u00c9CIALISATION\u00a0: <\/strong>Conduite de Productions en Agriculture Biologique et Commercialisation \/ Constructions Paysag\u00e8res<\/li>\n<li><strong>BREVET PROFESSIONNEL\u00a0: <\/strong>Am\u00e9nagements Paysagers \/ Responsable d\u2019Exploitation Agricole<\/li>\n<li><strong>BAC PRO\u00a0: <\/strong>Conduite et Gestion de l\u2019Entreprise Agricole \/ Productions Horticoles<\/li>\n<li><strong>BTSA\u00a0: <\/strong>Am\u00e9nagements Paysagers \/ Agronomie Productions V\u00e9g\u00e9tales<\/li>\n<\/ul>\n<\/li>\n<\/ul>\n<p><em>* Formations en alternance (statut salari\u00e9)<\/em><\/p>\n<hr \/>\n<h5 style=\"text-align: center;\"><span style=\"color: #008000;\"><strong>Retrouvez-nous le 16 novembre, au \u00ab\u00a0Forum D\u00e9couverte des m\u00e9tiers\u00a0\u00bb <\/strong><\/span><\/h5>\n<h5 style=\"text-align: center;\"><span style=\"color: #008000;\"><strong>sur le stand du CFA Agricole de Saint-Paul<\/strong><\/span><\/h5>\n<h6 style=\"text-align: center;\"><span style=\"color: #008000;\">de 8h30 \u00e0 13h30 \u00e0 Saint-Denis (Chaudron &#8211; Place Nelson Mandela)<\/span><\/h6>\n<p><a href=\"http:\/\/eplsaintpaul.net\/wp-content\/uploads\/2018\/11\/forum_decouverte_metiers_affiche_a3_web.jpg\"><img fetchpriority=\"high\" decoding=\"async\" class=\"aligncenter wp-image-7783\" src=\"http:\/\/eplsaintpaul.net\/wp-content\/uploads\/2018\/11\/forum_decouverte_metiers_affiche_a3_web.jpg\" alt=\"\" width=\"222\" height=\"314\" srcset=\"https:\/\/formaterra.re\/wp-content\/uploads\/2018\/11\/forum_decouverte_metiers_affiche_a3_web.jpg 354w, https:\/\/formaterra.re\/wp-content\/uploads\/2018\/11\/forum_decouverte_metiers_affiche_a3_web-212x300.jpg 212w\" sizes=\"(max-width: 222px) 100vw, 222px\" \/><\/a><\/p>\n<p style=\"text-align: center;\"><span style=\"color: #0000ff;\"><em>L&rsquo;apprentissage, l&rsquo;efficacit\u00e9 vers l&#8217;emploi !<\/em><\/span><\/p>\n<div class=\"gmail_quote\">\n<blockquote class=\"gmail_quote\" style=\"padding-left: 1ex; margin: 0px 0px 0px 0.8ex; border-left: #ccc 1px solid;\">\n<div align=\"left\">\n<hr \/>\n<p><strong><em>L\u2019\u00e9quipe du CFAA Saint-Paul est \u00e0 votre \u00e9coute !<\/em><\/strong><br \/>\n<strong>Pour plus de renseignements, contactez :<\/strong><br \/>\nAudrey LAMBERT ou R\u00e9gis FACONNIER : T\u00e9l. 02 62 45 22 69 &#8211; Fax. 02 62 45 29 12 &#8211; Email : <span style=\"color: #0000ff;\"><a style=\"color: #0000ff;\" href=\"mailto:cfa.st-paul@educagri.fr\">cfa.st-paul@educagri.fr<\/a><\/span>\n<\/div>\n<div align=\"left\">\n<div class=\"desc\">\n<div class=\"footer\"><\/div>\n<\/div>\n<\/div>\n<\/blockquote>\n<\/div>\n","protected":false},"excerpt":{"rendered":"<p>Vous \u00eates \u00e0 la recherche d&rsquo;une formation, d&rsquo;un emploi ? Venez d\u00e9couvrir des m\u00e9tiers passionnants tourn\u00e9s vers l&rsquo;am\u00e9nagement paysager et la production agricole ! &nbsp; Le CFA Agricole de Saint-Paul<a href=\"https:\/\/formaterra.re\/index.php\/2018\/11\/05\/venez-decouvrir-des-formations-grandeur-nature-au-forum-decouverte-des-metiers\/\">[&#8230;]<\/a><\/p>\n","protected":false},"author":2,"featured_media":7782,"comment_status":"closed","ping_status":"open","sticky":false,"template":"","format":"standard","meta":{"footnotes":""},"categories":[6,11],"tags":[],"class_list":["post-7784","post","type-post","status-publish","format-standard","has-post-thumbnail","hentry","category-actu","category-evenement"],"_links":{"self":[{"href":"https:\/\/formaterra.re\/index.php\/wp-json\/wp\/v2\/posts\/7784","targetHints":{"allow":["GET"]}}],"collection":[{"href":"https:\/\/formaterra.re\/index.php\/wp-json\/wp\/v2\/posts"}],"about":[{"href":"https:\/\/formaterra.re\/index.php\/wp-json\/wp\/v2\/types\/post"}],"author":[{"embeddable":true,"href":"https:\/\/formaterra.re\/index.php\/wp-json\/wp\/v2\/users\/2"}],"replies":[{"embeddable":true,"href":"https:\/\/formaterra.re\/index.php\/wp-json\/wp\/v2\/comments?post=7784"}],"version-history":[{"count":0,"href":"https:\/\/formaterra.re\/index.php\/wp-json\/wp\/v2\/posts\/7784\/revisions"}],"wp:featuredmedia":[{"embeddable":true,"href":"https:\/\/formaterra.re\/index.php\/wp-json\/wp\/v2\/media\/7782"}],"wp:attachment":[{"href":"https:\/\/formaterra.re\/index.php\/wp-json\/wp\/v2\/media?parent=7784"}],"wp:term":[{"taxonomy":"category","embeddable":true,"href":"https:\/\/formaterra.re\/index.php\/wp-json\/wp\/v2\/categories?post=7784"},{"taxonomy":"post_tag","embeddable":true,"href":"https:\/\/formaterra.re\/index.php\/wp-json\/wp\/v2\/tags?post=7784"}],"curies":[{"name":"wp","href":"https:\/\/api.w.org\/{rel}","templated":true}]}}